{"id":3668,"date":"2026-07-02T13:11:59","date_gmt":"2026-07-02T13:11:59","guid":{"rendered":"https:\/\/turkiyemhaber.com\/?p=3668"},"modified":"2026-07-02T13:12:47","modified_gmt":"2026-07-02T13:12:47","slug":"msbden-bahcelinin-askeri-hastaneler-cagrisina-yanit-calismalar-devam-ediyor","status":"publish","type":"post","link":"https:\/\/turkiyemhaber.com\/?p=3668","title":{"rendered":"MSB&#8217;den Bah\u00e7eli&#8217;nin Askeri Hastaneler \u00c7a\u011fr\u0131s\u0131na Yan\u0131t: &#8220;\u00c7al\u0131\u015fmalar Devam Ediyor&#8221;"},"content":{"rendered":"\n<p class=\"wp-block-paragraph\"><strong>ANKARA<\/strong> \u2013 Milli Savunma Bakanl\u0131\u011f\u0131 (MSB), MHP Genel Ba\u015fkan\u0131 Devlet Bah\u00e7eli&#8217;nin askeri hastanelerin yeniden a\u00e7\u0131lmas\u0131 y\u00f6n\u00fcndeki \u00e7a\u011fr\u0131s\u0131na ili\u015fkin a\u00e7\u0131klamada bulundu. Bakanl\u0131k kaynaklar\u0131, Cumhurba\u015fkan\u0131 Recep Tayyip Erdo\u011fan&#8217;\u0131n talimatlar\u0131 do\u011frultusunda askeri sa\u011fl\u0131k sisteminin g\u00fcncellenmesine y\u00f6nelik \u00e7al\u0131\u015fmalar\u0131n s\u00fcrd\u00fc\u011f\u00fcn\u00fc bildirdi.<\/p>\n\n\n\n<p class=\"wp-block-paragraph\">A\u00e7\u0131klama, T\u00fcrk Silahl\u0131 Kuvvetleri&#8217;nin komuta kademesini tek \u00e7at\u0131 alt\u0131nda toplayacak <strong>Ay Y\u0131ld\u0131z M\u00fc\u015fterek Kararg\u00e2h\u0131<\/strong>&#8216;nda d\u00fczenlenen Milli Savunma Bakanl\u0131\u011f\u0131 Haftal\u0131k Bas\u0131n Bilgilendirme Toplant\u0131s\u0131&#8217;nda yap\u0131ld\u0131. Toplant\u0131, yeni kararg\u00e2hta ger\u00e7ekle\u015ftirilen ilk resmi bas\u0131n bilgilendirmesi olma \u00f6zelli\u011fini ta\u015f\u0131d\u0131.<\/p>\n\n\n\n<figure class=\"wp-block-image size-full\"><img loading=\"lazy\" decoding=\"async\" width=\"640\" height=\"427\" src=\"https:\/\/turkiyemhaber.com\/wp-content\/uploads\/2026\/07\/ay-yildiz-musterek-karargahi-nda-ilk-basin-3-20011580_o.jpg\" alt=\"\" class=\"wp-image-3669\" srcset=\"https:\/\/turkiyemhaber.com\/wp-content\/uploads\/2026\/07\/ay-yildiz-musterek-karargahi-nda-ilk-basin-3-20011580_o.jpg 640w, https:\/\/turkiyemhaber.com\/wp-content\/uploads\/2026\/07\/ay-yildiz-musterek-karargahi-nda-ilk-basin-3-20011580_o-300x200.jpg 300w, https:\/\/turkiyemhaber.com\/wp-content\/uploads\/2026\/07\/ay-yildiz-musterek-karargahi-nda-ilk-basin-3-20011580_o-18x12.jpg 18w\" sizes=\"auto, (max-width: 640px) 100vw, 640px\" \/><\/figure>\n\n\n\n<h2 class=\"wp-block-heading\">TSK&#8217;n\u0131n Yeni Kararg\u00e2h\u0131 Tek \u00c7at\u0131 Alt\u0131nda Toplanacak<\/h2>\n\n\n\n<p class=\"wp-block-paragraph\">Milli Savunma Bakanl\u0131\u011f\u0131 Bas\u0131n ve Halkla \u0130li\u015fkiler M\u00fc\u015faviri Tu\u011famiral Zeki Akt\u00fcrk, Ay Y\u0131ld\u0131z M\u00fc\u015fterek Kararg\u00e2h\u0131&#8217;n\u0131n; Milli Savunma Bakanl\u0131\u011f\u0131, Genelkurmay Ba\u015fkanl\u0131\u011f\u0131 ile Kara, Deniz ve Hava Kuvvetleri Komutanl\u0131klar\u0131n\u0131 ayn\u0131 yerle\u015fkede bulu\u015fturaca\u011f\u0131n\u0131 a\u00e7\u0131klad\u0131.<\/p>\n\n\n\n<p class=\"wp-block-paragraph\">Akt\u00fcrk, projenin m\u00fc\u015fterek harek\u00e2t kabiliyetini art\u0131raca\u011f\u0131n\u0131 belirterek, yerle\u015fkenin ay-y\u0131ld\u0131zl\u0131 T\u00fcrk bayra\u011f\u0131ndan ilham al\u0131narak tasarland\u0131\u011f\u0131n\u0131 s\u00f6yledi.<\/p>\n\n\n\n<p class=\"wp-block-paragraph\">Ak\u0131ll\u0131 bina teknolojileri, \u00e7evre dostu mimarisi, geli\u015fmi\u015f siber g\u00fcvenlik altyap\u0131s\u0131, balistik koruma sistemleri ve KBRN tehditlerine kar\u015f\u0131 al\u0131nan \u00f6nlemlerle donat\u0131lan kararg\u00e2h\u0131n, d\u00fcnyan\u0131n \u00f6rnek askeri merkezlerinden biri olmas\u0131n\u0131n hedeflendi\u011fi ifade edildi.<\/p>\n\n\n\n<figure class=\"wp-block-image size-full\"><img loading=\"lazy\" decoding=\"async\" width=\"640\" height=\"427\" src=\"https:\/\/turkiyemhaber.com\/wp-content\/uploads\/2026\/07\/ay-yildiz-musterek-karargahi-nda-ilk-basin-2-20011580_o.jpg\" alt=\"\" class=\"wp-image-3670\" srcset=\"https:\/\/turkiyemhaber.com\/wp-content\/uploads\/2026\/07\/ay-yildiz-musterek-karargahi-nda-ilk-basin-2-20011580_o.jpg 640w, https:\/\/turkiyemhaber.com\/wp-content\/uploads\/2026\/07\/ay-yildiz-musterek-karargahi-nda-ilk-basin-2-20011580_o-300x200.jpg 300w, https:\/\/turkiyemhaber.com\/wp-content\/uploads\/2026\/07\/ay-yildiz-musterek-karargahi-nda-ilk-basin-2-20011580_o-18x12.jpg 18w\" sizes=\"auto, (max-width: 640px) 100vw, 640px\" \/><\/figure>\n\n\n\n<h2 class=\"wp-block-heading\">NATO Zirvesi \u00d6ncesi \u00d6nemli Ev Sahipli\u011fi<\/h2>\n\n\n\n<p class=\"wp-block-paragraph\">Tu\u011famiral Akt\u00fcrk, 7-8 Temmuz tarihlerinde Ankara&#8217;da d\u00fczenlenecek NATO Devlet ve H\u00fck\u00fcmet Ba\u015fkanlar\u0131 Zirvesi kapsam\u0131nda konuk savunma bakanlar\u0131 ile NATO&#8217;nun \u00fcst d\u00fczey temsilcilerine Ay Y\u0131ld\u0131z M\u00fc\u015fterek Kararg\u00e2h\u0131&#8217;nda resepsiyon verilece\u011fini a\u00e7\u0131klad\u0131.<\/p>\n\n\n\n<p class=\"wp-block-paragraph\">Akt\u00fcrk, zirvenin NATO&#8217;nun gelece\u011fine ili\u015fkin stratejik kararlar\u0131n \u015fekillendirilece\u011fi \u00f6nemli bir platform olaca\u011f\u0131n\u0131 belirterek, T\u00fcrkiye&#8217;nin ittifak i\u00e7erisindeki stratejik rol\u00fcn\u00fcn bir kez daha \u00f6n plana \u00e7\u0131kaca\u011f\u0131n\u0131 vurgulad\u0131.<\/p>\n\n\n\n<h2 class=\"wp-block-heading\">Bah\u00e7eli&#8217;nin Askeri Hastaneler \u00c7a\u011fr\u0131s\u0131na Yan\u0131t<\/h2>\n\n\n\n<p class=\"wp-block-paragraph\">Toplant\u0131n\u0131n ard\u0131ndan gazetecilerin sorular\u0131n\u0131 yan\u0131tlayan Milli Savunma Bakanl\u0131\u011f\u0131 kaynaklar\u0131, Devlet Bah\u00e7eli&#8217;nin askeri hastanelerin yeniden a\u00e7\u0131lmas\u0131na y\u00f6nelik a\u00e7\u0131klamalar\u0131n\u0131n hat\u0131rlat\u0131lmas\u0131 \u00fczerine \u015fu de\u011ferlendirmeyi yapt\u0131:<\/p>\n\n\n\n<blockquote class=\"wp-block-quote is-layout-flow wp-block-quote-is-layout-flow\">\n<p class=\"wp-block-paragraph\"><strong>&#8220;Say\u0131n Cumhurba\u015fkan\u0131m\u0131z\u0131n verdi\u011fi direktifler do\u011frultusunda, askeri sa\u011fl\u0131k sisteminin g\u00fcncellenerek T\u00fcrk Silahl\u0131 Kuvvetlerinin ihtiya\u00e7lar\u0131n\u0131n en iyi \u015fekilde kar\u015f\u0131lanmas\u0131na y\u00f6nelik \u00e7al\u0131\u015fmalar devam etmektedir.&#8221;<\/strong><\/p>\n<\/blockquote>\n\n\n\n<p class=\"wp-block-paragraph\">Bakanl\u0131k, s\u00fcre\u00e7le ilgili ayr\u0131nt\u0131l\u0131 takvime ili\u015fkin ise herhangi bir bilgi payla\u015fmad\u0131.<\/p>\n\n\n\n<figure class=\"wp-block-image size-full\"><img loading=\"lazy\" decoding=\"async\" width=\"640\" height=\"427\" src=\"https:\/\/turkiyemhaber.com\/wp-content\/uploads\/2026\/07\/ay-yildiz-musterek-karargahi-nda-ilk-basin-4-20011580_o.jpg\" alt=\"\" class=\"wp-image-3671\" srcset=\"https:\/\/turkiyemhaber.com\/wp-content\/uploads\/2026\/07\/ay-yildiz-musterek-karargahi-nda-ilk-basin-4-20011580_o.jpg 640w, https:\/\/turkiyemhaber.com\/wp-content\/uploads\/2026\/07\/ay-yildiz-musterek-karargahi-nda-ilk-basin-4-20011580_o-300x200.jpg 300w, https:\/\/turkiyemhaber.com\/wp-content\/uploads\/2026\/07\/ay-yildiz-musterek-karargahi-nda-ilk-basin-4-20011580_o-18x12.jpg 18w\" sizes=\"auto, (max-width: 640px) 100vw, 640px\" \/><\/figure>\n\n\n\n<h2 class=\"wp-block-heading\">\u0130srail&#8217;e Sert Tepki<\/h2>\n\n\n\n<p class=\"wp-block-paragraph\">Milli Savunma Bakanl\u0131\u011f\u0131, \u0130srail&#8217;in Suriye&#8217;ye y\u00f6nelik son sald\u0131r\u0131lar\u0131n\u0131n b\u00f6lgesel istikrar\u0131 tehdit etti\u011fini belirterek sald\u0131r\u0131lar\u0131n derhal sona ermesi \u00e7a\u011fr\u0131s\u0131nda bulundu.<\/p>\n\n\n\n<p class=\"wp-block-paragraph\">Bakanl\u0131k kaynaklar\u0131, \u0130srail&#8217;in sald\u0131r\u0131lar\u0131n\u0131n Suriye&#8217;nin toprak b\u00fct\u00fcnl\u00fc\u011f\u00fcne zarar verdi\u011fini ifade ederken, Birle\u015fmi\u015f Milletler Ate\u015fkes G\u00f6zlem Misyonu&#8217;nun (UNDOF) da g\u00f6revini etkin \u015fekilde yerine getirmesi gerekti\u011fini vurgulad\u0131.<\/p>\n\n\n\n<h2 class=\"wp-block-heading\">Ter\u00f6rle M\u00fccadelede Son Durum<\/h2>\n\n\n\n<p class=\"wp-block-paragraph\">MSB&#8217;nin payla\u015ft\u0131\u011f\u0131 verilere g\u00f6re son bir haftada:<\/p>\n\n\n\n<ul class=\"wp-block-list\">\n<li>7 PKK&#8217;l\u0131 ter\u00f6rist g\u00fcvenlik g\u00fc\u00e7lerine teslim oldu.<\/li>\n\n\n\n<li>Hudutlarda yasa d\u0131\u015f\u0131 ge\u00e7i\u015f giri\u015fiminde bulunan 331 ki\u015fi yakaland\u0131, 844 ki\u015fi ise s\u0131n\u0131r\u0131 ge\u00e7emeden engellendi.<\/li>\n\n\n\n<li>Y\u0131lba\u015f\u0131ndan bu yana yakalanan d\u00fczensiz ge\u00e7i\u015f say\u0131s\u0131 5 bin 299&#8217;a, engellenen ki\u015fi say\u0131s\u0131 ise 40 bin 134&#8217;e ula\u015ft\u0131.<\/li>\n\n\n\n<li>Hakk\u00e2ri hudut hatt\u0131nda y\u00fcr\u00fct\u00fclen operasyonlarda 513 kilogram uyu\u015fturucu madde ele ge\u00e7irildi.<\/li>\n<\/ul>\n\n\n\n<p class=\"wp-block-paragraph\">Milli Savunma Bakanl\u0131\u011f\u0131 ayr\u0131ca, F\u0131rat Kalkan\u0131 ve Pen\u00e7e-Kilit Harek\u00e2t b\u00f6lgelerinde \u015fehit olan iki asker i\u00e7in ba\u015fsa\u011fl\u0131\u011f\u0131 mesaj\u0131 yay\u0131mlad\u0131.<\/p>\n","protected":false},"excerpt":{"rendered":"<p>ANKARA \u2013 Milli Savunma Bakanl\u0131\u011f\u0131 (MSB), MHP Genel Ba\u015fkan\u0131 Devlet Bah\u00e7eli&#8217;nin askeri hastanelerin yeniden a\u00e7\u0131lmas\u0131<\/p>\n","protected":false},"author":1,"featured_media":3673,"comment_status":"open","ping_status":"open","sticky":false,"template":"","format":"standard","meta":{"_rtcl_gb_attr":"","footnotes":""},"categories":[1],"tags":[],"class_list":["post-3668","post","type-post","status-publish","format-standard","has-post-thumbnail","hentry","category-http-turkiyemhaber-com-wp-content-uploads-2026-03-saray-59-haber-13-mart-pdf"],"_links":{"self":[{"href":"https:\/\/turkiyemhaber.com\/index.php?rest_route=\/wp\/v2\/posts\/3668","targetHints":{"allow":["GET"]}}],"collection":[{"href":"https:\/\/turkiyemhaber.com\/index.php?rest_route=\/wp\/v2\/posts"}],"about":[{"href":"https:\/\/turkiyemhaber.com\/index.php?rest_route=\/wp\/v2\/types\/post"}],"author":[{"embeddable":true,"href":"https:\/\/turkiyemhaber.com\/index.php?rest_route=\/wp\/v2\/users\/1"}],"replies":[{"embeddable":true,"href":"https:\/\/turkiyemhaber.com\/index.php?rest_route=%2Fwp%2Fv2%2Fcomments&post=3668"}],"version-history":[{"count":1,"href":"https:\/\/turkiyemhaber.com\/index.php?rest_route=\/wp\/v2\/posts\/3668\/revisions"}],"predecessor-version":[{"id":3672,"href":"https:\/\/turkiyemhaber.com\/index.php?rest_route=\/wp\/v2\/posts\/3668\/revisions\/3672"}],"wp:featuredmedia":[{"embeddable":true,"href":"https:\/\/turkiyemhaber.com\/index.php?rest_route=\/wp\/v2\/media\/3673"}],"wp:attachment":[{"href":"https:\/\/turkiyemhaber.com\/index.php?rest_route=%2Fwp%2Fv2%2Fmedia&parent=3668"}],"wp:term":[{"taxonomy":"category","embeddable":true,"href":"https:\/\/turkiyemhaber.com\/index.php?rest_route=%2Fwp%2Fv2%2Fcategories&post=3668"},{"taxonomy":"post_tag","embeddable":true,"href":"https:\/\/turkiyemhaber.com\/index.php?rest_route=%2Fwp%2Fv2%2Ftags&post=3668"}],"curies":[{"name":"wp","href":"https:\/\/api.w.org\/{rel}","templated":true}]}}