{"id":3665,"date":"2026-07-02T13:05:55","date_gmt":"2026-07-02T13:05:55","guid":{"rendered":"https:\/\/turkiyemhaber.com\/?p=3665"},"modified":"2026-07-02T13:05:59","modified_gmt":"2026-07-02T13:05:59","slug":"ibb-davasinda-durusma-gerginligi-ekrem-imamoglu-mahkeme-salonundan-cikarildi","status":"publish","type":"post","link":"https:\/\/turkiyemhaber.com\/?p=3665","title":{"rendered":"\u0130BB Davas\u0131nda Duru\u015fma Gerginli\u011fi: Ekrem \u0130mamo\u011flu Mahkeme Salonundan \u00c7\u0131kar\u0131ld\u0131"},"content":{"rendered":"\n<p class=\"wp-block-paragraph\"><strong>\u0130STANBUL<\/strong> \u2013 \u0130stanbul B\u00fcy\u00fck\u015fehir Belediyesi (\u0130BB) davas\u0131n\u0131n 61&#8217;inci duru\u015fmas\u0131nda, san\u0131k Ekrem \u0130mamo\u011flu ile mahkeme heyeti aras\u0131nda ya\u015fanan tart\u0131\u015fma duru\u015fmaya damga vurdu. Savunma takvimi konusunda ya\u015fanan g\u00f6r\u00fc\u015f ayr\u0131l\u0131\u011f\u0131 s\u0131ras\u0131nda tansiyon y\u00fckselirken, Mahkeme Ba\u015fkan\u0131&#8217;n\u0131n talimat\u0131yla Ekrem \u0130mamo\u011flu, avukatlar\u0131 Tora Pekin ve Mehmet Can Seyhan ile CHP \u0130stanbul Milletvekili Suat \u00d6z\u00e7a\u011fda\u015f duru\u015fma salonundan \u00e7\u0131kar\u0131ld\u0131. Ya\u015fanan geli\u015fmelerin ard\u0131ndan salon bo\u015falt\u0131ld\u0131 ve mahkeme duru\u015fmaya ara verdi.<\/p>\n\n\n\n<h2 class=\"wp-block-heading\">Savunma Takvimi Tart\u0131\u015fmas\u0131<\/h2>\n\n\n\n<p class=\"wp-block-paragraph\">Silivri&#8217;deki Marmara Kapal\u0131 Cezaevi Yerle\u015fkesi&#8217;nde bulunan 1 No&#8217;lu Duru\u015fma Salonu&#8217;nda g\u00f6r\u00fclen davan\u0131n ba\u015flang\u0131c\u0131nda s\u00f6z alan Ekrem \u0130mamo\u011flu, \u00f6nceki celsede savunma s\u00fcreleriyle ilgili ya\u015fanan tart\u0131\u015fmalar\u0131 hat\u0131rlatarak, savunma s\u00fcrecinin sa\u011fl\u0131kl\u0131 y\u00fcr\u00fct\u00fclebilmesi i\u00e7in takvimin yeniden de\u011ferlendirilmesini istedi.<\/p>\n\n\n\n<p class=\"wp-block-paragraph\">Davaya hem T\u00fcrkiye&#8217;de hem de uluslararas\u0131 kamuoyunda yo\u011fun ilgi g\u00f6sterildi\u011fini belirten \u0130mamo\u011flu, yarg\u0131laman\u0131n \u00f6nemine dikkat \u00e7ekerek, savunmalar\u0131n aceleye getirilmemesi gerekti\u011fini ifade etti.<\/p>\n\n\n\n<h2 class=\"wp-block-heading\">&#8220;9 Temmuz&#8217;da Bitmesi M\u00fcmk\u00fcn G\u00f6r\u00fcnm\u00fcyor&#8221;<\/h2>\n\n\n\n<p class=\"wp-block-paragraph\">\u0130mamo\u011flu, dosyada hen\u00fcz savunmas\u0131 al\u0131nmayan san\u0131klar\u0131n bulundu\u011funu belirterek, mevcut planlamaya g\u00f6re ilk celsenin 9 Temmuz&#8217;da tamamlanmas\u0131n\u0131n fiilen m\u00fcmk\u00fcn olmad\u0131\u011f\u0131n\u0131 s\u00f6yledi.<\/p>\n\n\n\n<p class=\"wp-block-paragraph\">\u00d6zellikle Beyo\u011flu Belediye Ba\u015fkan\u0131 \u0130nan G\u00fcney, Tuncay Y\u0131lmaz ve Fatih Kele\u015f&#8217;in savunmalar\u0131n\u0131n hen\u00fcz al\u0131nmad\u0131\u011f\u0131n\u0131 hat\u0131rlatan \u0130mamo\u011flu, kendi savunmas\u0131n\u0131 Fatih Kele\u015f&#8217;in ard\u0131ndan yapmak istedi\u011fini belirterek bunun savunma stratejisi a\u00e7\u0131s\u0131ndan \u00f6nemli oldu\u011funu dile getirdi.<\/p>\n\n\n\n<h2 class=\"wp-block-heading\">Mahkeme Ba\u015fkan\u0131: &#8220;Takvim De\u011fi\u015fmeyecek&#8221;<\/h2>\n\n\n\n<p class=\"wp-block-paragraph\">Mahkeme Ba\u015fkan\u0131 ise heyetin ald\u0131\u011f\u0131 karar\u0131n de\u011fi\u015fmeyece\u011fini belirterek, savunma s\u0131ralamas\u0131n\u0131n ayn\u0131 \u015fekilde devam edece\u011fini a\u00e7\u0131klad\u0131.<\/p>\n\n\n\n<p class=\"wp-block-paragraph\">Ba\u015fkan, ilk celsenin 9 Temmuz&#8217;da tamamlanmas\u0131n\u0131n hedeflendi\u011fini belirterek, yeti\u015fmeyen savunmalar\u0131n ikinci celseye b\u0131rak\u0131laca\u011f\u0131n\u0131 ifade etti. Savunmalar\u0131n i\u00e7eri\u011fine m\u00fcdahale edilmeyece\u011fini ancak belirlenen yarg\u0131lama plan\u0131n\u0131n uygulanaca\u011f\u0131n\u0131 s\u00f6yledi.<\/p>\n\n\n\n<h2 class=\"wp-block-heading\">Tart\u0131\u015fma B\u00fcy\u00fcd\u00fc<\/h2>\n\n\n\n<p class=\"wp-block-paragraph\">Mahkeme Ba\u015fkan\u0131n\u0131n a\u00e7\u0131klamalar\u0131n\u0131n ard\u0131ndan yeniden s\u00f6z alan Ekrem \u0130mamo\u011flu, 9 Temmuz tarihinin neden kesin bir s\u0131n\u0131r haline getirildi\u011fini sorgulayarak \u015fu ifadeleri kulland\u0131:<\/p>\n\n\n\n<blockquote class=\"wp-block-quote is-layout-flow wp-block-quote-is-layout-flow\">\n<p class=\"wp-block-paragraph\">&#8220;E\u011fer 9 Temmuz konusunda bir seferberlik varsa, bilelim. 9 Temmuz&#8217;dan sonra operasyon yap\u0131lacaksa bilelim de ona g\u00f6re hareket edelim.&#8221;<\/p>\n<\/blockquote>\n\n\n\n<p class=\"wp-block-paragraph\">Bu s\u00f6zlerin ard\u0131ndan Mahkeme Ba\u015fkan\u0131, \u0130mamo\u011flu&#8217;nu &#8220;Bak\u0131n, salondan \u00e7\u0131kart\u0131r\u0131m sizi.&#8221; s\u00f6zleriyle uyard\u0131.<\/p>\n\n\n\n<p class=\"wp-block-paragraph\">\u0130mamo\u011flu ise, &#8220;Neyi salondan \u00e7\u0131kar\u0131rs\u0131n\u0131z? Ben \u00e7\u0131kar\u0131m, \u00e7\u0131kartman\u0131za gerek kalmaz.&#8221; diyerek kar\u015f\u0131l\u0131k verdi.<\/p>\n\n\n\n<p class=\"wp-block-paragraph\">Tart\u0131\u015fma ilerleyen dakikalarda da devam ederken \u0130mamo\u011flu, savunma s\u0131ralamas\u0131n\u0131n daha \u00f6nce \u00fczerinde uzla\u015f\u0131ld\u0131\u011f\u0131n\u0131, sonradan de\u011fi\u015ftirildi\u011fini savundu.<\/p>\n\n\n\n<h2 class=\"wp-block-heading\">Mahkeme Salonu Bo\u015falt\u0131ld\u0131<\/h2>\n\n\n\n<p class=\"wp-block-paragraph\">Tansiyonun y\u00fckselmesi \u00fczerine Mahkeme Ba\u015fkan\u0131, Ekrem \u0130mamo\u011flu&#8217;nun salondan \u00e7\u0131kar\u0131lmas\u0131 i\u00e7in jandarmaya talimat verdi.<\/p>\n\n\n\n<p class=\"wp-block-paragraph\">Mahkeme Ba\u015fkan\u0131 ayr\u0131ca avukatlar Tora Pekin ve Mehmet Can Seyhan&#8217;\u0131n da salondan \u00e7\u0131kar\u0131lmas\u0131n\u0131 istedi. \u0130zleyici b\u00f6l\u00fcm\u00fcnde bulunan CHP \u0130stanbul Milletvekili Suat \u00d6z\u00e7a\u011fda\u015f hakk\u0131nda da salondan \u00e7\u0131kar\u0131lma talimat\u0131 verildi.<\/p>\n\n\n\n<p class=\"wp-block-paragraph\">Ya\u015fanan geli\u015fmelerin ard\u0131ndan izleyici b\u00f6l\u00fcm\u00fc tamamen bo\u015falt\u0131l\u0131rken, mahkeme heyeti duru\u015fmaya ara verdi.<\/p>\n\n\n\n<h2 class=\"wp-block-heading\">Duru\u015fma Devam Edecek<\/h2>\n\n\n\n<p class=\"wp-block-paragraph\">\u0130BB davas\u0131nda ya\u015fanan bu gerginlik, duru\u015fman\u0131n \u00f6n\u00fcne ge\u00e7erken, yarg\u0131laman\u0131n mahkemenin belirleyece\u011fi takvim do\u011frultusunda ilerleyen oturumlarda devam etmesi bekleniyor.<\/p>\n","protected":false},"excerpt":{"rendered":"<p>\u0130STANBUL \u2013 \u0130stanbul B\u00fcy\u00fck\u015fehir Belediyesi (\u0130BB) davas\u0131n\u0131n 61&#8217;inci duru\u015fmas\u0131nda, san\u0131k Ekrem \u0130mamo\u011flu ile mahkeme heyeti<\/p>\n","protected":false},"author":1,"featured_media":3666,"comment_status":"open","ping_status":"open","sticky":false,"template":"","format":"standard","meta":{"_rtcl_gb_attr":"","footnotes":""},"categories":[1],"tags":[],"class_list":["post-3665","post","type-post","status-publish","format-standard","has-post-thumbnail","hentry","category-http-turkiyemhaber-com-wp-content-uploads-2026-03-saray-59-haber-13-mart-pdf"],"_links":{"self":[{"href":"https:\/\/turkiyemhaber.com\/index.php?rest_route=\/wp\/v2\/posts\/3665","targetHints":{"allow":["GET"]}}],"collection":[{"href":"https:\/\/turkiyemhaber.com\/index.php?rest_route=\/wp\/v2\/posts"}],"about":[{"href":"https:\/\/turkiyemhaber.com\/index.php?rest_route=\/wp\/v2\/types\/post"}],"author":[{"embeddable":true,"href":"https:\/\/turkiyemhaber.com\/index.php?rest_route=\/wp\/v2\/users\/1"}],"replies":[{"embeddable":true,"href":"https:\/\/turkiyemhaber.com\/index.php?rest_route=%2Fwp%2Fv2%2Fcomments&post=3665"}],"version-history":[{"count":1,"href":"https:\/\/turkiyemhaber.com\/index.php?rest_route=\/wp\/v2\/posts\/3665\/revisions"}],"predecessor-version":[{"id":3667,"href":"https:\/\/turkiyemhaber.com\/index.php?rest_route=\/wp\/v2\/posts\/3665\/revisions\/3667"}],"wp:featuredmedia":[{"embeddable":true,"href":"https:\/\/turkiyemhaber.com\/index.php?rest_route=\/wp\/v2\/media\/3666"}],"wp:attachment":[{"href":"https:\/\/turkiyemhaber.com\/index.php?rest_route=%2Fwp%2Fv2%2Fmedia&parent=3665"}],"wp:term":[{"taxonomy":"category","embeddable":true,"href":"https:\/\/turkiyemhaber.com\/index.php?rest_route=%2Fwp%2Fv2%2Fcategories&post=3665"},{"taxonomy":"post_tag","embeddable":true,"href":"https:\/\/turkiyemhaber.com\/index.php?rest_route=%2Fwp%2Fv2%2Ftags&post=3665"}],"curies":[{"name":"wp","href":"https:\/\/api.w.org\/{rel}","templated":true}]}}