{"id":3659,"date":"2026-07-02T08:39:48","date_gmt":"2026-07-02T08:39:48","guid":{"rendered":"https:\/\/turkiyemhaber.com\/?p=3659"},"modified":"2026-07-02T08:39:51","modified_gmt":"2026-07-02T08:39:51","slug":"saadet-lideri-arikandan-nato-zirvesi-tepkisi-memleketi-sikiyonetime-mi-hazirliyorsunuz","status":"publish","type":"post","link":"https:\/\/turkiyemhaber.com\/?p=3659","title":{"rendered":"Saadet lideri Ar\u0131kan&#8217;dan NATO Zirvesi tepkisi: Memleketi s\u0131k\u0131y\u00f6netime mi haz\u0131rl\u0131yorsunuz?"},"content":{"rendered":"\n<p class=\"wp-block-paragraph\"><strong>Saadet Partisi Lideri Ar\u0131kan\u2019dan NATO Zirvesi Tepkisi: \u201cMemleketi S\u0131k\u0131y\u00f6netime mi Haz\u0131rl\u0131yorsunuz?\u201d<\/strong><\/p>\n\n\n\n<p class=\"wp-block-paragraph\">Saadet Partisi Genel Ba\u015fkan\u0131 Mahmut Ar\u0131kan, NATO Zirvesi \u00f6ncesinde al\u0131nan g\u00fcvenlik tedbirlerine sert tepki g\u00f6sterdi. Yeni Yol Partisi Grup Toplant\u0131s\u0131\u2019nda konu\u015fan Ar\u0131kan, h\u00fck\u00fcmetin zirve haz\u0131rl\u0131klar\u0131 kapsam\u0131nda uygulad\u0131\u011f\u0131 tedbirlerin demokratik hak ve \u00f6zg\u00fcrl\u00fckler a\u00e7\u0131s\u0131ndan tart\u0131\u015fma yaratt\u0131\u011f\u0131n\u0131 savunarak, \u201cHadi Ba\u015fkent\u2019i anlad\u0131k, di\u011fer illerde neden yasak koyuyorsunuz? Yoksa memleketi s\u0131k\u0131y\u00f6netime mi haz\u0131rl\u0131yorsunuz?\u201d ifadelerini kulland\u0131.<\/p>\n\n\n\n<h3 class=\"wp-block-heading\">\u201c\u0130ktidar\u0131n G\u00fcndeminde Sadece NATO Var\u201d<\/h3>\n\n\n\n<p class=\"wp-block-paragraph\">Konu\u015fmas\u0131nda ekonomi, emekliler, savunma sanayisi ve d\u0131\u015f politika ba\u015fl\u0131klar\u0131na da de\u011finen Ar\u0131kan, iktidar\u0131n \u00fclkenin temel sorunlar\u0131n\u0131 geri plana itti\u011fini \u00f6ne s\u00fcrd\u00fc. NATO Zirvesi \u00f6ncesindeki haz\u0131rl\u0131klar\u0131 ele\u015ftiren Ar\u0131kan, \u201c\u0130ktidar, \u00fclkenin b\u00fct\u00fcn sorunlar\u0131n\u0131 bir kenara b\u0131rakt\u0131, varsa yoksa NATO diyor\u201d dedi.<\/p>\n\n\n\n<p class=\"wp-block-paragraph\">Ba\u015fkentte al\u0131nan g\u00fcvenlik \u00f6nlemlerinin kamuoyunda rahats\u0131zl\u0131k olu\u015fturdu\u011funu savunan Ar\u0131kan, baz\u0131 uygulamalar\u0131n \u201cutan\u00e7 verici g\u00f6r\u00fcnt\u00fcler\u201d ortaya \u00e7\u0131kard\u0131\u011f\u0131n\u0131 ileri s\u00fcrd\u00fc.<\/p>\n\n\n\n<h3 class=\"wp-block-heading\">\u201cKa\u00e7 Park Kapat\u0131ld\u0131, Ka\u00e7 Ki\u015fi Tutukland\u0131?\u201d<\/h3>\n\n\n\n<p class=\"wp-block-paragraph\">H\u00fck\u00fcmetin zirve s\u00fcrecindeki uygulamalar\u0131n\u0131 ele\u015ftiren Ar\u0131kan, Cumhurba\u015fkan\u0131 ve h\u00fck\u00fcmet temsilcilerinin ge\u00e7mi\u015fte ABD ziyaretlerini hat\u0131rlatarak \u015fu de\u011ferlendirmede bulundu:<\/p>\n\n\n\n<p class=\"wp-block-paragraph\">\u201cSay\u0131n yetkililer bir\u00e7ok kez ABD\u2019ye gitti. Siz ABD\u2019ye gidince ka\u00e7 park kapat\u0131ld\u0131? Ka\u00e7 ki\u015fi g\u00fcnler \u00f6ncesinden tutukland\u0131? Biz s\u00f6yleyelim; s\u0131f\u0131r. Ankara\u2019y\u0131 anlad\u0131k, peki Afyonkarahisar\u2019da, Karab\u00fck\u2019te, Mersin\u2019de, Eski\u015fehir\u2019de, Bolu\u2019da ve Antalya\u2019da neden yasaklar getiriliyor?\u201d<\/p>\n\n\n\n<h3 class=\"wp-block-heading\">KAAN Tart\u0131\u015fmas\u0131<\/h3>\n\n\n\n<p class=\"wp-block-paragraph\">Ar\u0131kan, son g\u00fcnlerde kamuoyunda yer alan KAAN sava\u015f u\u00e7a\u011f\u0131yla ilgili iddialara da de\u011findi. Baz\u0131 bas\u0131n yay\u0131n organlar\u0131nda yer alan, ABD Ba\u015fkan\u0131 Donald Trump\u2019\u0131n T\u00fcrkiye\u2019ye KAAN i\u00e7in motor deste\u011fi sa\u011flayaca\u011f\u0131 y\u00f6n\u00fcndeki haberleri de\u011ferlendiren Ar\u0131kan, yerli savunma sanayisi hedeflerinin tam anlam\u0131yla hayata ge\u00e7irilmesi gerekti\u011fini s\u00f6yledi.<\/p>\n\n\n\n<p class=\"wp-block-paragraph\">\u201cY\u00fczde y\u00fcz yerli ve milli denilen bir sava\u015f u\u00e7a\u011f\u0131n\u0131n motorunu neden ba\u015fkas\u0131 veriyor?\u201d diyen Ar\u0131kan, yerli motor projesinin h\u0131zla tamamlanmas\u0131 gerekti\u011fini ifade etti.<\/p>\n\n\n\n<h3 class=\"wp-block-heading\">K\u0131br\u0131s ve \u0130srail Mesaj\u0131<\/h3>\n\n\n\n<p class=\"wp-block-paragraph\">Konu\u015fmas\u0131n\u0131n d\u0131\u015f politika b\u00f6l\u00fcm\u00fcnde K\u0131br\u0131s meselesine de de\u011finen Ar\u0131kan, Kuzey K\u0131br\u0131s T\u00fcrk Cumhuriyeti\u2019nde herhangi bir toprak tavizinin kabul edilemeyece\u011fini belirtti. Mara\u015f ve G\u00fczelyurt\u2019un pazarl\u0131k konusu yap\u0131lamayaca\u011f\u0131n\u0131 vurgulayan Ar\u0131kan, \u201cK\u0131br\u0131s\u2019ta verilecek en k\u00fc\u00e7\u00fck taviz, T\u00fcrkiye a\u00e7\u0131s\u0131ndan da bir beka meselesidir\u201d dedi.<\/p>\n\n\n\n<p class=\"wp-block-paragraph\">Ar\u0131kan ayr\u0131ca, \u0130srail\u2019in 1915 olaylar\u0131n\u0131 \u201cErmeni soyk\u0131r\u0131m\u0131\u201d olarak tan\u0131mas\u0131na tepki g\u00f6stererek, \u0130srail y\u00f6netimini Gazze\u2019deki politikalar\u0131 nedeniyle ele\u015ftirdi.<\/p>\n\n\n\n<p class=\"wp-block-paragraph\">Saadet Partisi liderinin a\u00e7\u0131klamalar\u0131, NATO Zirvesi haz\u0131rl\u0131klar\u0131 ve g\u00fcvenlik tedbirlerine ili\u015fkin siyasi tart\u0131\u015fmalar\u0131 yeniden g\u00fcndeme ta\u015f\u0131d\u0131.<\/p>\n","protected":false},"excerpt":{"rendered":"<p>Saadet Partisi Lideri Ar\u0131kan\u2019dan NATO Zirvesi Tepkisi: \u201cMemleketi S\u0131k\u0131y\u00f6netime mi Haz\u0131rl\u0131yorsunuz?\u201d Saadet Partisi Genel Ba\u015fkan\u0131<\/p>\n","protected":false},"author":1,"featured_media":3660,"comment_status":"open","ping_status":"open","sticky":false,"template":"","format":"standard","meta":{"_rtcl_gb_attr":"","footnotes":""},"categories":[44],"tags":[],"class_list":["post-3659","post","type-post","status-publish","format-standard","has-post-thumbnail","hentry","category-politika"],"_links":{"self":[{"href":"https:\/\/turkiyemhaber.com\/index.php?rest_route=\/wp\/v2\/posts\/3659","targetHints":{"allow":["GET"]}}],"collection":[{"href":"https:\/\/turkiyemhaber.com\/index.php?rest_route=\/wp\/v2\/posts"}],"about":[{"href":"https:\/\/turkiyemhaber.com\/index.php?rest_route=\/wp\/v2\/types\/post"}],"author":[{"embeddable":true,"href":"https:\/\/turkiyemhaber.com\/index.php?rest_route=\/wp\/v2\/users\/1"}],"replies":[{"embeddable":true,"href":"https:\/\/turkiyemhaber.com\/index.php?rest_route=%2Fwp%2Fv2%2Fcomments&post=3659"}],"version-history":[{"count":1,"href":"https:\/\/turkiyemhaber.com\/index.php?rest_route=\/wp\/v2\/posts\/3659\/revisions"}],"predecessor-version":[{"id":3661,"href":"https:\/\/turkiyemhaber.com\/index.php?rest_route=\/wp\/v2\/posts\/3659\/revisions\/3661"}],"wp:featuredmedia":[{"embeddable":true,"href":"https:\/\/turkiyemhaber.com\/index.php?rest_route=\/wp\/v2\/media\/3660"}],"wp:attachment":[{"href":"https:\/\/turkiyemhaber.com\/index.php?rest_route=%2Fwp%2Fv2%2Fmedia&parent=3659"}],"wp:term":[{"taxonomy":"category","embeddable":true,"href":"https:\/\/turkiyemhaber.com\/index.php?rest_route=%2Fwp%2Fv2%2Fcategories&post=3659"},{"taxonomy":"post_tag","embeddable":true,"href":"https:\/\/turkiyemhaber.com\/index.php?rest_route=%2Fwp%2Fv2%2Ftags&post=3659"}],"curies":[{"name":"wp","href":"https:\/\/api.w.org\/{rel}","templated":true}]}}