{"id":3655,"date":"2026-06-30T09:02:42","date_gmt":"2026-06-30T09:02:42","guid":{"rendered":"https:\/\/turkiyemhaber.com\/?p=3655"},"modified":"2026-06-30T09:02:46","modified_gmt":"2026-06-30T09:02:46","slug":"hadiseden-sahnede-bomba-itiraf-anne-olmaya-hazirim","status":"publish","type":"post","link":"https:\/\/turkiyemhaber.com\/?p=3655","title":{"rendered":"Hadise\u2019den Sahnede Bomba \u0130tiraf: \u201cAnne Olmaya Haz\u0131r\u0131m\u201d"},"content":{"rendered":"\n<p class=\"wp-block-paragraph\"><strong>\u00dcnl\u00fc \u015fark\u0131c\u0131 Hadise, Almanya konserinde \u00f6zel hayat\u0131na dair yapt\u0131\u011f\u0131 a\u00e7\u0131klamalarla g\u00fcndem oldu. \u0130kinci kez hala oldu\u011funu a\u00e7\u0131klayan pop y\u0131ld\u0131z\u0131, \u201cAnne olmaya haz\u0131r\u0131m\u201d s\u00f6zleriyle dikkat \u00e7ekerken, hayranlar\u0131n\u0131n \u201cMurat Boz\u201d tezah\u00fcratlar\u0131na verdi\u011fi tepki de gecenin en \u00e7ok konu\u015fulan anlar\u0131ndan biri oldu.<\/strong><\/p>\n\n\n\n<p class=\"wp-block-paragraph\">Sahne performanslar\u0131, cesur tarz\u0131 ve \u00f6zel hayat\u0131yla magazin d\u00fcnyas\u0131n\u0131n g\u00fcndeminden d\u00fc\u015fmeyen Hadise, bu kez Almanya\u2019daki konserinde yapt\u0131\u011f\u0131 samimi a\u00e7\u0131klamalarla ad\u0131ndan s\u00f6z ettirdi.<\/p>\n\n\n\n<p class=\"wp-block-paragraph\">Sevenleriyle bulu\u015ftu\u011fu konserde \u015fark\u0131lar\u0131 kadar sahne aras\u0131ndaki sohbetleriyle de ilgi oda\u011f\u0131 olan \u00fcnl\u00fc \u015fark\u0131c\u0131, k\u0131sa s\u00fcre \u00f6nce ikinci kez hala oldu\u011funu a\u00e7\u0131klad\u0131. Ye\u011fenlerine olan sevgisinden bahseden Hadise, bu duygunun kendisinde annelik iste\u011fini daha da g\u00fc\u00e7lendirdi\u011fini s\u00f6yledi.<\/p>\n\n\n\n<h2 class=\"wp-block-heading\">\u201cAnne Olunca Nas\u0131l Olacak \u00c7ok Merak Ediyorum\u201d<\/h2>\n\n\n\n<p class=\"wp-block-paragraph\">Konser s\u0131ras\u0131nda hayranlar\u0131yla i\u00e7ten bir sohbet ger\u00e7ekle\u015ftiren Hadise, annelik fikrine art\u0131k daha s\u0131cak bakt\u0131\u011f\u0131n\u0131 belirterek dikkat \u00e7eken ifadeler kulland\u0131.<\/p>\n\n\n\n<p class=\"wp-block-paragraph\">\u00dcnl\u00fc \u015fark\u0131c\u0131, \u201c\u015eu an halayken bile bu duygular\u0131 ya\u015f\u0131yorsam, anne olunca nas\u0131l olacak \u00e7ok merak ediyorum. Kendimi haz\u0131r hissediyorum. Tabii \u00f6nce do\u011fru partneri bulmak laz\u0131m\u201d diyerek salondan b\u00fcy\u00fck alk\u0131\u015f ald\u0131.<\/p>\n\n\n\n<figure class=\"wp-block-image size-full\"><img loading=\"lazy\" decoding=\"async\" width=\"640\" height=\"737\" src=\"https:\/\/turkiyemhaber.com\/wp-content\/uploads\/2026\/06\/hadise-anne-olmak-istiyorum-de-45879898-7015_1_m.webp\" alt=\"\" class=\"wp-image-3657\" srcset=\"https:\/\/turkiyemhaber.com\/wp-content\/uploads\/2026\/06\/hadise-anne-olmak-istiyorum-de-45879898-7015_1_m.webp 640w, https:\/\/turkiyemhaber.com\/wp-content\/uploads\/2026\/06\/hadise-anne-olmak-istiyorum-de-45879898-7015_1_m-261x300.webp 261w, https:\/\/turkiyemhaber.com\/wp-content\/uploads\/2026\/06\/hadise-anne-olmak-istiyorum-de-45879898-7015_1_m-10x12.webp 10w\" sizes=\"auto, (max-width: 640px) 100vw, 640px\" \/><\/figure>\n\n\n\n<h2 class=\"wp-block-heading\">Hayranlardan Murat Boz S\u00fcrprizi<\/h2>\n\n\n\n<p class=\"wp-block-paragraph\">Hadise\u2019nin \u201cdo\u011fru partner\u201d s\u00f6zleri konser alan\u0131nda farkl\u0131 bir heyecan yaratt\u0131. \u00dcnl\u00fc sanat\u00e7\u0131n\u0131n a\u00e7\u0131klamalar\u0131n\u0131n ard\u0131ndan hayranlar\u0131, uzun y\u0131llard\u0131r dostluklar\u0131yla g\u00fcndeme gelen Murat Boz i\u00e7in tezah\u00fcrat yapmaya ba\u015flad\u0131.<\/p>\n\n\n\n<p class=\"wp-block-paragraph\">Konser alan\u0131n\u0131 dolduran y\u00fczlerce ki\u015fi hep bir a\u011f\u0131zdan \u201cMurat, Murat\u201d diye seslenirken, Hadise\u2019nin bu tezah\u00fcratlara verdi\u011fi tepki dikkat \u00e7ekti.<\/p>\n\n\n\n<h2 class=\"wp-block-heading\">G\u00fcl\u00fcmsemesi G\u00fcndem Oldu<\/h2>\n\n\n\n<p class=\"wp-block-paragraph\">Hayranlar\u0131n\u0131n s\u00fcrpriz \u00e7\u0131k\u0131\u015f\u0131 kar\u015f\u0131s\u0131nda herhangi bir yorum yapmayan Hadise, sadece g\u00fcl\u00fcmsemekle yetindi. \u00dcnl\u00fc \u015fark\u0131c\u0131n\u0131n tebess\u00fcm\u00fc k\u0131sa s\u00fcrede sosyal medyada g\u00fcndem olurken, konserden payla\u015f\u0131lan g\u00f6r\u00fcnt\u00fcler magazin sayfalar\u0131nda geni\u015f yer buldu.<\/p>\n\n\n\n<p class=\"wp-block-paragraph\">\u00d6zel hayat\u0131yla ilgili a\u00e7\u0131klamalar\u0131 ve annelik itiraf\u0131yla dikkat \u00e7eken Hadise, konser gecesinde hem sahne performans\u0131 hem de samimi s\u00f6zleriyle hayranlar\u0131ndan tam not ald\u0131.<\/p>\n","protected":false},"excerpt":{"rendered":"<p>\u00dcnl\u00fc \u015fark\u0131c\u0131 Hadise, Almanya konserinde \u00f6zel hayat\u0131na dair yapt\u0131\u011f\u0131 a\u00e7\u0131klamalarla g\u00fcndem oldu. \u0130kinci kez hala<\/p>\n","protected":false},"author":1,"featured_media":3656,"comment_status":"open","ping_status":"open","sticky":false,"template":"","format":"standard","meta":{"_rtcl_gb_attr":"","footnotes":""},"categories":[41],"tags":[],"class_list":["post-3655","post","type-post","status-publish","format-standard","has-post-thumbnail","hentry","category-magazin"],"_links":{"self":[{"href":"https:\/\/turkiyemhaber.com\/index.php?rest_route=\/wp\/v2\/posts\/3655","targetHints":{"allow":["GET"]}}],"collection":[{"href":"https:\/\/turkiyemhaber.com\/index.php?rest_route=\/wp\/v2\/posts"}],"about":[{"href":"https:\/\/turkiyemhaber.com\/index.php?rest_route=\/wp\/v2\/types\/post"}],"author":[{"embeddable":true,"href":"https:\/\/turkiyemhaber.com\/index.php?rest_route=\/wp\/v2\/users\/1"}],"replies":[{"embeddable":true,"href":"https:\/\/turkiyemhaber.com\/index.php?rest_route=%2Fwp%2Fv2%2Fcomments&post=3655"}],"version-history":[{"count":1,"href":"https:\/\/turkiyemhaber.com\/index.php?rest_route=\/wp\/v2\/posts\/3655\/revisions"}],"predecessor-version":[{"id":3658,"href":"https:\/\/turkiyemhaber.com\/index.php?rest_route=\/wp\/v2\/posts\/3655\/revisions\/3658"}],"wp:featuredmedia":[{"embeddable":true,"href":"https:\/\/turkiyemhaber.com\/index.php?rest_route=\/wp\/v2\/media\/3656"}],"wp:attachment":[{"href":"https:\/\/turkiyemhaber.com\/index.php?rest_route=%2Fwp%2Fv2%2Fmedia&parent=3655"}],"wp:term":[{"taxonomy":"category","embeddable":true,"href":"https:\/\/turkiyemhaber.com\/index.php?rest_route=%2Fwp%2Fv2%2Fcategories&post=3655"},{"taxonomy":"post_tag","embeddable":true,"href":"https:\/\/turkiyemhaber.com\/index.php?rest_route=%2Fwp%2Fv2%2Ftags&post=3655"}],"curies":[{"name":"wp","href":"https:\/\/api.w.org\/{rel}","templated":true}]}}