{"id":3652,"date":"2026-06-29T12:02:43","date_gmt":"2026-06-29T12:02:43","guid":{"rendered":"https:\/\/turkiyemhaber.com\/?p=3652"},"modified":"2026-06-29T12:02:48","modified_gmt":"2026-06-29T12:02:48","slug":"40-yildir-suudi-arabistanda-oldugunu-soyleyen-turk-vatandasi-turkiyeye-donmek-istiyor","status":"publish","type":"post","link":"https:\/\/turkiyemhaber.com\/?p=3652","title":{"rendered":"40 Y\u0131ld\u0131r Suudi Arabistan\u2019da Oldu\u011funu S\u00f6yleyen T\u00fcrk Vatanda\u015f\u0131 T\u00fcrkiye\u2019ye D\u00f6nmek \u0130stiyor"},"content":{"rendered":"\n<p class=\"wp-block-paragraph\">Suudi Arabistan\u2019\u0131n Mekke kentinde ya\u015fad\u0131\u011f\u0131n\u0131 belirten 77 ya\u015f\u0131ndaki Ali Bayba\u015f, yakla\u015f\u0131k 40 y\u0131ld\u0131r T\u00fcrkiye\u2019ye d\u00f6nemedi\u011fini ifade ederek yetkililerden yard\u0131m talep etti.<\/p>\n\n\n\n<p class=\"wp-block-paragraph\">Aslen Sivas\u2019\u0131n G\u00fcr\u00fcn il\u00e7esine ba\u011fl\u0131 Kavak k\u00f6y\u00fcnden oldu\u011funu s\u00f6yleyen Bayba\u015f, \u00e7e\u015fitli nedenlerle Suudi Arabistan\u2019da kald\u0131\u011f\u0131n\u0131 ve bir dava s\u00fcrecine kat\u0131lmad\u0131\u011f\u0131 gerek\u00e7esiyle \u00fclke d\u0131\u015f\u0131na \u00e7\u0131k\u0131\u015f\u0131n\u0131n engellendi\u011fini \u00f6ne s\u00fcrd\u00fc.<\/p>\n\n\n\n<p class=\"wp-block-paragraph\">Sa\u011fl\u0131k sorunlar\u0131 ya\u015fad\u0131\u011f\u0131n\u0131 belirten Bayba\u015f, v\u00fccudunun bir b\u00f6l\u00fcm\u00fcn\u00fc kullanamad\u0131\u011f\u0131n\u0131 ve g\u00fcnl\u00fck ya\u015fam\u0131nda ciddi zorluklar \u00e7ekti\u011fini ifade etti.<\/p>\n\n\n\n<p class=\"wp-block-paragraph\">\u201cTek iste\u011fim T\u00fcrkiye beni als\u0131n\u201d s\u00f6zleriyle yetkililere \u00e7a\u011fr\u0131da bulunan Bayba\u015f, uzun y\u0131llard\u0131r \u00fclkesine d\u00f6nmeyi bekledi\u011fini dile getirdi.<\/p>\n\n\n\n<p class=\"wp-block-paragraph\">Konuyla ilgili resmi makamlar taraf\u0131ndan hen\u00fcz bir a\u00e7\u0131klama yap\u0131lmad\u0131.<\/p>\n","protected":false},"excerpt":{"rendered":"<p>Suudi Arabistan\u2019\u0131n Mekke kentinde ya\u015fad\u0131\u011f\u0131n\u0131 belirten 77 ya\u015f\u0131ndaki Ali Bayba\u015f, yakla\u015f\u0131k 40 y\u0131ld\u0131r T\u00fcrkiye\u2019ye d\u00f6nemedi\u011fini<\/p>\n","protected":false},"author":1,"featured_media":3653,"comment_status":"open","ping_status":"open","sticky":false,"template":"","format":"standard","meta":{"_rtcl_gb_attr":"","footnotes":""},"categories":[1],"tags":[],"class_list":["post-3652","post","type-post","status-publish","format-standard","has-post-thumbnail","hentry","category-http-turkiyemhaber-com-wp-content-uploads-2026-03-saray-59-haber-13-mart-pdf"],"_links":{"self":[{"href":"https:\/\/turkiyemhaber.com\/index.php?rest_route=\/wp\/v2\/posts\/3652","targetHints":{"allow":["GET"]}}],"collection":[{"href":"https:\/\/turkiyemhaber.com\/index.php?rest_route=\/wp\/v2\/posts"}],"about":[{"href":"https:\/\/turkiyemhaber.com\/index.php?rest_route=\/wp\/v2\/types\/post"}],"author":[{"embeddable":true,"href":"https:\/\/turkiyemhaber.com\/index.php?rest_route=\/wp\/v2\/users\/1"}],"replies":[{"embeddable":true,"href":"https:\/\/turkiyemhaber.com\/index.php?rest_route=%2Fwp%2Fv2%2Fcomments&post=3652"}],"version-history":[{"count":1,"href":"https:\/\/turkiyemhaber.com\/index.php?rest_route=\/wp\/v2\/posts\/3652\/revisions"}],"predecessor-version":[{"id":3654,"href":"https:\/\/turkiyemhaber.com\/index.php?rest_route=\/wp\/v2\/posts\/3652\/revisions\/3654"}],"wp:featuredmedia":[{"embeddable":true,"href":"https:\/\/turkiyemhaber.com\/index.php?rest_route=\/wp\/v2\/media\/3653"}],"wp:attachment":[{"href":"https:\/\/turkiyemhaber.com\/index.php?rest_route=%2Fwp%2Fv2%2Fmedia&parent=3652"}],"wp:term":[{"taxonomy":"category","embeddable":true,"href":"https:\/\/turkiyemhaber.com\/index.php?rest_route=%2Fwp%2Fv2%2Fcategories&post=3652"},{"taxonomy":"post_tag","embeddable":true,"href":"https:\/\/turkiyemhaber.com\/index.php?rest_route=%2Fwp%2Fv2%2Ftags&post=3652"}],"curies":[{"name":"wp","href":"https:\/\/api.w.org\/{rel}","templated":true}]}}