{"id":3649,"date":"2026-06-29T11:54:41","date_gmt":"2026-06-29T11:54:41","guid":{"rendered":"https:\/\/turkiyemhaber.com\/?p=3649"},"modified":"2026-06-29T11:54:46","modified_gmt":"2026-06-29T11:54:46","slug":"diyarbakirda-uyusturucu-operasyonu-41-supheliye-islem","status":"publish","type":"post","link":"https:\/\/turkiyemhaber.com\/?p=3649","title":{"rendered":"Diyarbak\u0131r\u2019da Uyu\u015fturucu Operasyonu: 41 \u015e\u00fcpheliye \u0130\u015flem"},"content":{"rendered":"\n<p class=\"wp-block-paragraph\">Diyarbak\u0131r\u2019da uyu\u015fturucu madde ticareti ve kullan\u0131m\u0131na y\u00f6nelik d\u00fczenlenen operasyonlarda 41 \u015f\u00fcpheli hakk\u0131nda i\u015flem yap\u0131ld\u0131.<\/p>\n\n\n\n<p class=\"wp-block-paragraph\">Valilikten yap\u0131lan a\u00e7\u0131klamaya g\u00f6re, \u0130l Jandarma Komutanl\u0131\u011f\u0131 Narkotik Su\u00e7larla M\u00fccadele \u015eube M\u00fcd\u00fcrl\u00fc\u011f\u00fc koordinesinde il merkezi ve il\u00e7elerde e\u015f zamanl\u0131 operasyonlar ger\u00e7ekle\u015ftirildi.<\/p>\n\n\n\n<p class=\"wp-block-paragraph\">Operasyonlar kapsam\u0131nda yap\u0131lan aramalarda 54,87 kilogram esrar ile 50 gram metamfetamin ele ge\u00e7irildi.<\/p>\n\n\n\n<p class=\"wp-block-paragraph\">G\u00f6zalt\u0131na al\u0131nan 41 \u015f\u00fcpheli hakk\u0131nda yasal i\u015flem ba\u015flat\u0131ld\u0131\u011f\u0131, soru\u015fturman\u0131n ise ilgili birimlerce s\u00fcrd\u00fcr\u00fcld\u00fc\u011f\u00fc bildirildi.<\/p>\n","protected":false},"excerpt":{"rendered":"<p>Diyarbak\u0131r\u2019da uyu\u015fturucu madde ticareti ve kullan\u0131m\u0131na y\u00f6nelik d\u00fczenlenen operasyonlarda 41 \u015f\u00fcpheli hakk\u0131nda i\u015flem yap\u0131ld\u0131. Valilikten<\/p>\n","protected":false},"author":1,"featured_media":3650,"comment_status":"open","ping_status":"open","sticky":false,"template":"","format":"standard","meta":{"_rtcl_gb_attr":"","footnotes":""},"categories":[1],"tags":[],"class_list":["post-3649","post","type-post","status-publish","format-standard","has-post-thumbnail","hentry","category-http-turkiyemhaber-com-wp-content-uploads-2026-03-saray-59-haber-13-mart-pdf"],"_links":{"self":[{"href":"https:\/\/turkiyemhaber.com\/index.php?rest_route=\/wp\/v2\/posts\/3649","targetHints":{"allow":["GET"]}}],"collection":[{"href":"https:\/\/turkiyemhaber.com\/index.php?rest_route=\/wp\/v2\/posts"}],"about":[{"href":"https:\/\/turkiyemhaber.com\/index.php?rest_route=\/wp\/v2\/types\/post"}],"author":[{"embeddable":true,"href":"https:\/\/turkiyemhaber.com\/index.php?rest_route=\/wp\/v2\/users\/1"}],"replies":[{"embeddable":true,"href":"https:\/\/turkiyemhaber.com\/index.php?rest_route=%2Fwp%2Fv2%2Fcomments&post=3649"}],"version-history":[{"count":1,"href":"https:\/\/turkiyemhaber.com\/index.php?rest_route=\/wp\/v2\/posts\/3649\/revisions"}],"predecessor-version":[{"id":3651,"href":"https:\/\/turkiyemhaber.com\/index.php?rest_route=\/wp\/v2\/posts\/3649\/revisions\/3651"}],"wp:featuredmedia":[{"embeddable":true,"href":"https:\/\/turkiyemhaber.com\/index.php?rest_route=\/wp\/v2\/media\/3650"}],"wp:attachment":[{"href":"https:\/\/turkiyemhaber.com\/index.php?rest_route=%2Fwp%2Fv2%2Fmedia&parent=3649"}],"wp:term":[{"taxonomy":"category","embeddable":true,"href":"https:\/\/turkiyemhaber.com\/index.php?rest_route=%2Fwp%2Fv2%2Fcategories&post=3649"},{"taxonomy":"post_tag","embeddable":true,"href":"https:\/\/turkiyemhaber.com\/index.php?rest_route=%2Fwp%2Fv2%2Ftags&post=3649"}],"curies":[{"name":"wp","href":"https:\/\/api.w.org\/{rel}","templated":true}]}}