{"id":3646,"date":"2026-06-29T11:51:35","date_gmt":"2026-06-29T11:51:35","guid":{"rendered":"https:\/\/turkiyemhaber.com\/?p=3646"},"modified":"2026-06-29T11:51:39","modified_gmt":"2026-06-29T11:51:39","slug":"diyarbakirda-miting-oncesi-flas-bellek-gerginligi","status":"publish","type":"post","link":"https:\/\/turkiyemhaber.com\/?p=3646","title":{"rendered":"Diyarbak\u0131r\u2019da Miting \u00d6ncesi \u201cFla\u015f Bellek\u201d Gerginli\u011fi"},"content":{"rendered":"\n<p class=\"wp-block-paragraph\">Diyarbak\u0131r\u2019da d\u00fczenlenen bir miting \u00f6ncesinde polis ile DEM Parti milletvekilleri aras\u0131nda \u201cfla\u015f bellek\u201d nedeniyle k\u0131sa s\u00fcreli bir gerginlik ya\u015fand\u0131\u011f\u0131 bildirildi.<\/p>\n\n\n\n<p class=\"wp-block-paragraph\">\u0130ddiaya g\u00f6re, miting alan\u0131nda g\u00f6rev yapan polis ekipleri, etkinlikte kullan\u0131lacak g\u00f6rseller ve m\u00fcziklerin bulundu\u011fu bir fla\u015f belle\u011fin incelenmek istenmesi \u00fczerine partililerle ileti\u015fime ge\u00e7ti. Bu talep, DEM Parti milletvekilleri ve baz\u0131 partililer taraf\u0131ndan tepkiyle kar\u015f\u0131land\u0131.<\/p>\n\n\n\n<p class=\"wp-block-paragraph\">Ya\u015fanan geli\u015fmeler s\u0131ras\u0131nda DEM Parti milletvekilleri Serhat Eren ve Beritan G\u00fcne\u015f\u2019in de bulundu\u011fu grupta, polis ekiplerinin fla\u015f belle\u011fi almak istemesine kar\u015f\u0131 \u00e7\u0131k\u0131ld\u0131\u011f\u0131 ve k\u0131sa s\u00fcreli bir tart\u0131\u015fma ya\u015fand\u0131\u011f\u0131 \u00f6ne s\u00fcr\u00fcld\u00fc.<\/p>\n\n\n\n<p class=\"wp-block-paragraph\">Taraflar aras\u0131nda ya\u015fanan gerginlik sonras\u0131 polis ekiplerinin fla\u015f belle\u011fi incelemeden alandan ayr\u0131ld\u0131\u011f\u0131 belirtildi.<\/p>\n\n\n\n<p class=\"wp-block-paragraph\">Olay an\u0131na ili\u015fkin oldu\u011fu iddia edilen g\u00f6r\u00fcnt\u00fclerde, milletvekillerinin bilgisayara tak\u0131l\u0131 fla\u015f belle\u011fi vermemek i\u00e7in m\u00fcdahalede bulundu\u011fu anlar\u0131n yer ald\u0131\u011f\u0131 g\u00f6r\u00fcld\u00fc.<\/p>\n\n\n\n<p class=\"wp-block-paragraph\">Ya\u015fanan olayla ilgili resmi makamlardan konuya ili\u015fkin detayl\u0131 bir a\u00e7\u0131klama yap\u0131lmazken, miting alan\u0131nda g\u00fcvenlik \u00f6nlemlerinin s\u00fcrd\u00fc\u011f\u00fc \u00f6\u011frenildi.<\/p>\n","protected":false},"excerpt":{"rendered":"<p>Diyarbak\u0131r\u2019da d\u00fczenlenen bir miting \u00f6ncesinde polis ile DEM Parti milletvekilleri aras\u0131nda \u201cfla\u015f bellek\u201d nedeniyle k\u0131sa<\/p>\n","protected":false},"author":1,"featured_media":3647,"comment_status":"open","ping_status":"open","sticky":false,"template":"","format":"standard","meta":{"_rtcl_gb_attr":"","footnotes":""},"categories":[1],"tags":[],"class_list":["post-3646","post","type-post","status-publish","format-standard","has-post-thumbnail","hentry","category-http-turkiyemhaber-com-wp-content-uploads-2026-03-saray-59-haber-13-mart-pdf"],"_links":{"self":[{"href":"https:\/\/turkiyemhaber.com\/index.php?rest_route=\/wp\/v2\/posts\/3646","targetHints":{"allow":["GET"]}}],"collection":[{"href":"https:\/\/turkiyemhaber.com\/index.php?rest_route=\/wp\/v2\/posts"}],"about":[{"href":"https:\/\/turkiyemhaber.com\/index.php?rest_route=\/wp\/v2\/types\/post"}],"author":[{"embeddable":true,"href":"https:\/\/turkiyemhaber.com\/index.php?rest_route=\/wp\/v2\/users\/1"}],"replies":[{"embeddable":true,"href":"https:\/\/turkiyemhaber.com\/index.php?rest_route=%2Fwp%2Fv2%2Fcomments&post=3646"}],"version-history":[{"count":1,"href":"https:\/\/turkiyemhaber.com\/index.php?rest_route=\/wp\/v2\/posts\/3646\/revisions"}],"predecessor-version":[{"id":3648,"href":"https:\/\/turkiyemhaber.com\/index.php?rest_route=\/wp\/v2\/posts\/3646\/revisions\/3648"}],"wp:featuredmedia":[{"embeddable":true,"href":"https:\/\/turkiyemhaber.com\/index.php?rest_route=\/wp\/v2\/media\/3647"}],"wp:attachment":[{"href":"https:\/\/turkiyemhaber.com\/index.php?rest_route=%2Fwp%2Fv2%2Fmedia&parent=3646"}],"wp:term":[{"taxonomy":"category","embeddable":true,"href":"https:\/\/turkiyemhaber.com\/index.php?rest_route=%2Fwp%2Fv2%2Fcategories&post=3646"},{"taxonomy":"post_tag","embeddable":true,"href":"https:\/\/turkiyemhaber.com\/index.php?rest_route=%2Fwp%2Fv2%2Ftags&post=3646"}],"curies":[{"name":"wp","href":"https:\/\/api.w.org\/{rel}","templated":true}]}}