{"id":3643,"date":"2026-06-29T11:48:46","date_gmt":"2026-06-29T11:48:46","guid":{"rendered":"https:\/\/turkiyemhaber.com\/?p=3643"},"modified":"2026-06-29T11:48:50","modified_gmt":"2026-06-29T11:48:50","slug":"kayseride-bos-arazide-erkek-cesedi-bulundu","status":"publish","type":"post","link":"https:\/\/turkiyemhaber.com\/?p=3643","title":{"rendered":"Kayseri&#8217;de Bo\u015f Arazide Erkek Cesedi Bulundu"},"content":{"rendered":"\n<p class=\"wp-block-paragraph\">Kayseri&#8217;nin Melikgazi il\u00e7esinde bo\u015f arazide bulunan bir ki\u015finin hayat\u0131n\u0131 kaybetti\u011fi belirlendi. Olayla ilgili soru\u015fturma ba\u015flat\u0131ld\u0131.<\/p>\n\n\n\n<p class=\"wp-block-paragraph\">Edinilen bilgilere g\u00f6re, Becen Mahallesi \u0130hsan Ketin Caddesi \u00fczerindeki bo\u015f arazide molozlar\u0131n aras\u0131nda hareketsiz yatan bir ki\u015fiyi g\u00f6ren vatanda\u015flar durumu 112 Acil \u00c7a\u011fr\u0131 Merkezi&#8217;ne bildirdi.<\/p>\n\n\n\n<p class=\"wp-block-paragraph\">\u0130hbar \u00fczerine olay yerine polis ve sa\u011fl\u0131k ekipleri sevk edildi. Sa\u011fl\u0131k ekiplerinin yapt\u0131\u011f\u0131 kontrolde \u015fahs\u0131n ya\u015fam\u0131n\u0131 yitirdi\u011fi tespit edildi. Yap\u0131lan incelemelerde hayat\u0131n\u0131 kaybeden ki\u015finin 71 ya\u015f\u0131ndaki Y.B. oldu\u011fu belirlendi.<\/p>\n\n\n\n<p class=\"wp-block-paragraph\">Polis ekiplerinin olay yerindeki \u00e7al\u0131\u015fmalar\u0131n\u0131n ard\u0131ndan Y.B.&#8217;nin cenazesi, \u00f6l\u00fcm nedeninin kesin olarak belirlenmesi amac\u0131yla otopsi yap\u0131lmak \u00fczere Kayseri Devlet Hastanesi morguna kald\u0131r\u0131ld\u0131.<\/p>\n\n\n\n<p class=\"wp-block-paragraph\">Olay\u0131n nas\u0131l ger\u00e7ekle\u015fti\u011finin belirlenmesi i\u00e7in polis ekiplerince geni\u015f \u00e7apl\u0131 soru\u015fturma ba\u015flat\u0131ld\u0131.<\/p>\n","protected":false},"excerpt":{"rendered":"<p>Kayseri&#8217;nin Melikgazi il\u00e7esinde bo\u015f arazide bulunan bir ki\u015finin hayat\u0131n\u0131 kaybetti\u011fi belirlendi. Olayla ilgili soru\u015fturma ba\u015flat\u0131ld\u0131.<\/p>\n","protected":false},"author":1,"featured_media":3644,"comment_status":"open","ping_status":"open","sticky":false,"template":"","format":"standard","meta":{"_rtcl_gb_attr":"","footnotes":""},"categories":[1],"tags":[],"class_list":["post-3643","post","type-post","status-publish","format-standard","has-post-thumbnail","hentry","category-http-turkiyemhaber-com-wp-content-uploads-2026-03-saray-59-haber-13-mart-pdf"],"_links":{"self":[{"href":"https:\/\/turkiyemhaber.com\/index.php?rest_route=\/wp\/v2\/posts\/3643","targetHints":{"allow":["GET"]}}],"collection":[{"href":"https:\/\/turkiyemhaber.com\/index.php?rest_route=\/wp\/v2\/posts"}],"about":[{"href":"https:\/\/turkiyemhaber.com\/index.php?rest_route=\/wp\/v2\/types\/post"}],"author":[{"embeddable":true,"href":"https:\/\/turkiyemhaber.com\/index.php?rest_route=\/wp\/v2\/users\/1"}],"replies":[{"embeddable":true,"href":"https:\/\/turkiyemhaber.com\/index.php?rest_route=%2Fwp%2Fv2%2Fcomments&post=3643"}],"version-history":[{"count":1,"href":"https:\/\/turkiyemhaber.com\/index.php?rest_route=\/wp\/v2\/posts\/3643\/revisions"}],"predecessor-version":[{"id":3645,"href":"https:\/\/turkiyemhaber.com\/index.php?rest_route=\/wp\/v2\/posts\/3643\/revisions\/3645"}],"wp:featuredmedia":[{"embeddable":true,"href":"https:\/\/turkiyemhaber.com\/index.php?rest_route=\/wp\/v2\/media\/3644"}],"wp:attachment":[{"href":"https:\/\/turkiyemhaber.com\/index.php?rest_route=%2Fwp%2Fv2%2Fmedia&parent=3643"}],"wp:term":[{"taxonomy":"category","embeddable":true,"href":"https:\/\/turkiyemhaber.com\/index.php?rest_route=%2Fwp%2Fv2%2Fcategories&post=3643"},{"taxonomy":"post_tag","embeddable":true,"href":"https:\/\/turkiyemhaber.com\/index.php?rest_route=%2Fwp%2Fv2%2Ftags&post=3643"}],"curies":[{"name":"wp","href":"https:\/\/api.w.org\/{rel}","templated":true}]}}