{"id":3640,"date":"2026-06-29T11:45:33","date_gmt":"2026-06-29T11:45:33","guid":{"rendered":"https:\/\/turkiyemhaber.com\/?p=3640"},"modified":"2026-06-29T11:45:36","modified_gmt":"2026-06-29T11:45:36","slug":"luleburgazda-feci-kaza-3-kisi-hayatini-kaybetti","status":"publish","type":"post","link":"https:\/\/turkiyemhaber.com\/?p=3640","title":{"rendered":"L\u00fcleburgaz&#8217;da Feci Kaza: 3 Ki\u015fi Hayat\u0131n\u0131 Kaybetti"},"content":{"rendered":"\n<p class=\"wp-block-paragraph\">K\u0131rklareli&#8217;nin L\u00fcleburgaz il\u00e7esinde meydana gelen trafik kazas\u0131nda 3 ki\u015fi ya\u015fam\u0131n\u0131 yitirirken, 1 ki\u015fi yaraland\u0131.<\/p>\n\n\n\n<p class=\"wp-block-paragraph\">Edinilen bilgilere g\u00f6re, s\u00fcr\u00fcc\u00fcs\u00fcn\u00fcn kimli\u011fi hen\u00fcz belirlenemeyen otomobil, B\u00fcy\u00fckkar\u0131\u015ft\u0131ran mevkisinde kontrolden \u00e7\u0131karak devrildi. Kazan\u0131n ard\u0131ndan olay yerine otoyol jandarmas\u0131 ve sa\u011fl\u0131k ekipleri sevk edildi.<\/p>\n\n\n\n<p class=\"wp-block-paragraph\">Sa\u011fl\u0131k ekiplerinin yapt\u0131\u011f\u0131 incelemede ara\u00e7ta bulunan \u00d6mer Zar, Emirhan Lozanl\u0131o\u011flu ve Ferhat Tomurcuk&#8217;un olay yerinde hayat\u0131n\u0131 kaybetti\u011fi belirlendi.<\/p>\n\n\n\n<p class=\"wp-block-paragraph\">Kazada yaralanan bir ki\u015fi ise sa\u011fl\u0131k ekiplerinin ilk m\u00fcdahalesinin ard\u0131ndan K\u0131rklareli E\u011fitim ve Ara\u015ft\u0131rma Hastanesi&#8217;ne kald\u0131r\u0131larak tedavi alt\u0131na al\u0131nd\u0131.<\/p>\n\n\n\n<p class=\"wp-block-paragraph\">Kazayla ilgili jandarma ekipleri taraf\u0131ndan soru\u015fturma ba\u015flat\u0131l\u0131rken, olay\u0131n kesin nedeninin yap\u0131lacak incelemelerin ard\u0131ndan netlik kazanaca\u011f\u0131 \u00f6\u011frenildi.<\/p>\n","protected":false},"excerpt":{"rendered":"<p>K\u0131rklareli&#8217;nin L\u00fcleburgaz il\u00e7esinde meydana gelen trafik kazas\u0131nda 3 ki\u015fi ya\u015fam\u0131n\u0131 yitirirken, 1 ki\u015fi yaraland\u0131. Edinilen<\/p>\n","protected":false},"author":1,"featured_media":3641,"comment_status":"open","ping_status":"open","sticky":false,"template":"","format":"standard","meta":{"_rtcl_gb_attr":"","footnotes":""},"categories":[1],"tags":[],"class_list":["post-3640","post","type-post","status-publish","format-standard","has-post-thumbnail","hentry","category-http-turkiyemhaber-com-wp-content-uploads-2026-03-saray-59-haber-13-mart-pdf"],"_links":{"self":[{"href":"https:\/\/turkiyemhaber.com\/index.php?rest_route=\/wp\/v2\/posts\/3640","targetHints":{"allow":["GET"]}}],"collection":[{"href":"https:\/\/turkiyemhaber.com\/index.php?rest_route=\/wp\/v2\/posts"}],"about":[{"href":"https:\/\/turkiyemhaber.com\/index.php?rest_route=\/wp\/v2\/types\/post"}],"author":[{"embeddable":true,"href":"https:\/\/turkiyemhaber.com\/index.php?rest_route=\/wp\/v2\/users\/1"}],"replies":[{"embeddable":true,"href":"https:\/\/turkiyemhaber.com\/index.php?rest_route=%2Fwp%2Fv2%2Fcomments&post=3640"}],"version-history":[{"count":1,"href":"https:\/\/turkiyemhaber.com\/index.php?rest_route=\/wp\/v2\/posts\/3640\/revisions"}],"predecessor-version":[{"id":3642,"href":"https:\/\/turkiyemhaber.com\/index.php?rest_route=\/wp\/v2\/posts\/3640\/revisions\/3642"}],"wp:featuredmedia":[{"embeddable":true,"href":"https:\/\/turkiyemhaber.com\/index.php?rest_route=\/wp\/v2\/media\/3641"}],"wp:attachment":[{"href":"https:\/\/turkiyemhaber.com\/index.php?rest_route=%2Fwp%2Fv2%2Fmedia&parent=3640"}],"wp:term":[{"taxonomy":"category","embeddable":true,"href":"https:\/\/turkiyemhaber.com\/index.php?rest_route=%2Fwp%2Fv2%2Fcategories&post=3640"},{"taxonomy":"post_tag","embeddable":true,"href":"https:\/\/turkiyemhaber.com\/index.php?rest_route=%2Fwp%2Fv2%2Ftags&post=3640"}],"curies":[{"name":"wp","href":"https:\/\/api.w.org\/{rel}","templated":true}]}}