{"id":3637,"date":"2026-06-29T11:42:54","date_gmt":"2026-06-29T11:42:54","guid":{"rendered":"https:\/\/turkiyemhaber.com\/?p=3637"},"modified":"2026-06-29T11:42:58","modified_gmt":"2026-06-29T11:42:58","slug":"konyada-kuyumcuya-cinsel-saldiri-ve-santaj-davasi-kari-kocaya-agir-hapis-talebi","status":"publish","type":"post","link":"https:\/\/turkiyemhaber.com\/?p=3637","title":{"rendered":"Konya&#8217;da Kuyumcuya Cinsel Sald\u0131r\u0131 ve \u015eantaj Davas\u0131: Kar\u0131 Kocaya A\u011f\u0131r Hapis Talebi"},"content":{"rendered":"\n<p class=\"wp-block-paragraph\">Konya&#8217;da bir kuyumcu i\u015fletmesinde ya\u015fand\u0131\u011f\u0131 \u00f6ne s\u00fcr\u00fclen cinsel sald\u0131r\u0131 ve \u015fantaj olay\u0131yla ilgili haz\u0131rlanan iddianame kamuoyunda b\u00fcy\u00fck yank\u0131 uyand\u0131rd\u0131. Gen\u00e7 bir kad\u0131n\u0131n patronu ve patronunun e\u015fi taraf\u0131ndan ma\u011fdur edildi\u011fi iddias\u0131yla a\u00e7\u0131lan davada, san\u0131klar hakk\u0131nda a\u011f\u0131r hapis cezalar\u0131 talep edildi.<\/p>\n\n\n\n<p class=\"wp-block-paragraph\">\u0130ddianameye g\u00f6re, Y.K. isimli gen\u00e7 kad\u0131n, 2024 y\u0131l\u0131nda \u00e7al\u0131\u015fmaya ba\u015flad\u0131\u011f\u0131 kuyumcu i\u015fletmesinde patronu M.A. taraf\u0131ndan \u00e7e\u015fitli tarihlerde cinsel sald\u0131r\u0131ya maruz kald\u0131\u011f\u0131n\u0131 \u00f6ne s\u00fcrerek \u015fik\u00e2yet\u00e7i oldu. Soru\u015fturma dosyas\u0131nda yer alan iddialara g\u00f6re, patronun gen\u00e7 kad\u0131n\u0131n i\u00e7ece\u011fine ila\u00e7 katt\u0131\u011f\u0131 ve kendinden ge\u00e7mesinin ard\u0131ndan cinsel sald\u0131r\u0131da bulundu\u011fu ileri s\u00fcr\u00fcld\u00fc.<\/p>\n\n\n\n<p class=\"wp-block-paragraph\">Dosyada yer alan bir di\u011fer iddiaya g\u00f6re ise sald\u0131r\u0131 s\u0131ras\u0131nda M.A.&#8217;n\u0131n e\u015fi M.\u015e.A.&#8217;n\u0131n da olay yerinde bulundu\u011fu ve ya\u015fananlar\u0131 cep telefonu ile kaydetti\u011fi \u00f6ne s\u00fcr\u00fcld\u00fc.<\/p>\n\n\n\n<p class=\"wp-block-paragraph\">Gen\u00e7 kad\u0131n\u0131n daha sonra darp edildi\u011fini de iddia ederek hastaneden rapor ald\u0131\u011f\u0131 ve ard\u0131ndan savc\u0131l\u0131\u011fa ba\u015fvurdu\u011fu belirtildi. \u015eik\u00e2yet \u00fczerine g\u00f6zalt\u0131na al\u0131nan M.A., \u00e7\u0131kar\u0131ld\u0131\u011f\u0131 mahkemece tutuklan\u0131rken, daha sonra tutuksuz yarg\u0131lanmak \u00fczere serbest b\u0131rak\u0131ld\u0131.<\/p>\n\n\n\n<p class=\"wp-block-paragraph\">Konya Cumhuriyet Ba\u015fsavc\u0131l\u0131\u011f\u0131 taraf\u0131ndan haz\u0131rlanan iddianamede, M.A. hakk\u0131nda \u201czincirleme \u015fekilde nitelikli cinsel sald\u0131r\u0131\u201d su\u00e7undan 21 y\u0131la kadar hapis cezas\u0131 talep edildi. E\u015fi M.\u015e.A. hakk\u0131nda ise \u201cnitelikli cinsel sald\u0131r\u0131ya yard\u0131m etme\u201d, \u201c\u015fantaj\u201d ve \u201c\u00f6zel hayat\u0131n gizlili\u011fini ihlal\u201d su\u00e7lar\u0131ndan 12 y\u0131la kadar hapis cezas\u0131 istendi.<\/p>\n\n\n\n<p class=\"wp-block-paragraph\">Soru\u015fturma kapsam\u0131nda incelenen dijital materyallerde taraflar aras\u0131nda ge\u00e7ti\u011fi \u00f6ne s\u00fcr\u00fclen mesaj kay\u0131tlar\u0131n\u0131n da dosyaya girdi\u011fi \u00f6\u011frenildi. \u0130ddianamede yer alan yaz\u0131\u015fmalar\u0131n, olay\u0131n ayd\u0131nlat\u0131lmas\u0131nda \u00f6nemli deliller aras\u0131nda de\u011ferlendirildi\u011fi belirtildi.<\/p>\n\n\n\n<p class=\"wp-block-paragraph\">Dava s\u00fcreci \u00f6n\u00fcm\u00fczdeki g\u00fcnlerde A\u011f\u0131r Ceza Mahkemesi&#8217;nde devam edecek. San\u0131klar hakk\u0131ndaki su\u00e7lamalarla ilgili nihai karar\u0131 mahkeme verecek.<\/p>\n","protected":false},"excerpt":{"rendered":"<p>Konya&#8217;da bir kuyumcu i\u015fletmesinde ya\u015fand\u0131\u011f\u0131 \u00f6ne s\u00fcr\u00fclen cinsel sald\u0131r\u0131 ve \u015fantaj olay\u0131yla ilgili haz\u0131rlanan iddianame<\/p>\n","protected":false},"author":1,"featured_media":3638,"comment_status":"open","ping_status":"open","sticky":false,"template":"","format":"standard","meta":{"_rtcl_gb_attr":"","footnotes":""},"categories":[1],"tags":[],"class_list":["post-3637","post","type-post","status-publish","format-standard","has-post-thumbnail","hentry","category-http-turkiyemhaber-com-wp-content-uploads-2026-03-saray-59-haber-13-mart-pdf"],"_links":{"self":[{"href":"https:\/\/turkiyemhaber.com\/index.php?rest_route=\/wp\/v2\/posts\/3637","targetHints":{"allow":["GET"]}}],"collection":[{"href":"https:\/\/turkiyemhaber.com\/index.php?rest_route=\/wp\/v2\/posts"}],"about":[{"href":"https:\/\/turkiyemhaber.com\/index.php?rest_route=\/wp\/v2\/types\/post"}],"author":[{"embeddable":true,"href":"https:\/\/turkiyemhaber.com\/index.php?rest_route=\/wp\/v2\/users\/1"}],"replies":[{"embeddable":true,"href":"https:\/\/turkiyemhaber.com\/index.php?rest_route=%2Fwp%2Fv2%2Fcomments&post=3637"}],"version-history":[{"count":1,"href":"https:\/\/turkiyemhaber.com\/index.php?rest_route=\/wp\/v2\/posts\/3637\/revisions"}],"predecessor-version":[{"id":3639,"href":"https:\/\/turkiyemhaber.com\/index.php?rest_route=\/wp\/v2\/posts\/3637\/revisions\/3639"}],"wp:featuredmedia":[{"embeddable":true,"href":"https:\/\/turkiyemhaber.com\/index.php?rest_route=\/wp\/v2\/media\/3638"}],"wp:attachment":[{"href":"https:\/\/turkiyemhaber.com\/index.php?rest_route=%2Fwp%2Fv2%2Fmedia&parent=3637"}],"wp:term":[{"taxonomy":"category","embeddable":true,"href":"https:\/\/turkiyemhaber.com\/index.php?rest_route=%2Fwp%2Fv2%2Fcategories&post=3637"},{"taxonomy":"post_tag","embeddable":true,"href":"https:\/\/turkiyemhaber.com\/index.php?rest_route=%2Fwp%2Fv2%2Ftags&post=3637"}],"curies":[{"name":"wp","href":"https:\/\/api.w.org\/{rel}","templated":true}]}}