{"id":3634,"date":"2026-06-29T11:38:12","date_gmt":"2026-06-29T11:38:12","guid":{"rendered":"https:\/\/turkiyemhaber.com\/?p=3634"},"modified":"2026-06-29T11:38:15","modified_gmt":"2026-06-29T11:38:15","slug":"chp-kulislerinde-yeni-parti-iddiasi-gozler-temmuz-ayinda","status":"publish","type":"post","link":"https:\/\/turkiyemhaber.com\/?p=3634","title":{"rendered":"CHP Kulislerinde Yeni Parti \u0130ddias\u0131: G\u00f6zler Temmuz Ay\u0131nda"},"content":{"rendered":"\n<p class=\"wp-block-paragraph\">Cumhuriyet Halk Partisi&#8217;nde (CHP) ya\u015fanan &#8220;mutlak butlan&#8221; s\u00fcrecinin ard\u0131ndan siyaset kulislerini hareketlendiren yeni bir iddia g\u00fcndeme geldi. \u0130ddialara g\u00f6re, CHP Genel Ba\u015fkan\u0131 \u00d6zg\u00fcr \u00d6zel liderli\u011finde temmuz ay\u0131 i\u00e7erisinde yeni bir siyasi partinin kurulmas\u0131 se\u00e7ene\u011fi masada bulunuyor.<\/p>\n\n\n\n<p class=\"wp-block-paragraph\">Kulislerde konu\u015fulanlara g\u00f6re, ola\u011fan\u00fcst\u00fc kurultay s\u00fcrecine ili\u015fkin hukuki geli\u015fmeler yak\u0131ndan takip edilirken, parti t\u00fcz\u00fc\u011f\u00fcnde yer alan s\u00fcreler nedeniyle \u00f6zellikle 11 Temmuz ve 26 Temmuz tarihleri kritik d\u00f6neme\u00e7ler olarak de\u011ferlendiriliyor.<\/p>\n\n\n\n<p class=\"wp-block-paragraph\">\u0130ddialar aras\u0131nda, olas\u0131 bir erken se\u00e7im ihtimaline kar\u015f\u0131 se\u00e7ime girme yeterlili\u011fine sahip baz\u0131 siyasi partilerle temas kuruldu\u011fu da yer al\u0131yor. Bu kapsamda, \u00d6zt\u00fcrk Y\u0131lmaz liderli\u011findeki Yenilik Partisi ile Anadolu Birli\u011fi Partisi \u00fczerinde \u00e7e\u015fitli de\u011ferlendirmelerin yap\u0131ld\u0131\u011f\u0131 \u00f6ne s\u00fcr\u00fcl\u00fcyor.<\/p>\n\n\n\n<p class=\"wp-block-paragraph\">Siyasi kulislerde kurulmas\u0131 muhtemel partinin ismine ili\u015fkin de \u00e7e\u015fitli iddialar bulunuyor. Bu iddialara g\u00f6re, &#8220;Yeni Parti&#8221; ismi \u00fczerinde duruldu\u011fu ifade ediliyor. Ancak bu konuda resmi bir a\u00e7\u0131klama ya da kesinle\u015fmi\u015f bir karar bulunmuyor.<\/p>\n\n\n\n<p class=\"wp-block-paragraph\">\u00d6te yandan \u00d6zg\u00fcr \u00d6zel, daha \u00f6nce yapt\u0131\u011f\u0131 a\u00e7\u0131klamada yeni parti haz\u0131rl\u0131\u011f\u0131 iddialar\u0131n\u0131 tamamen reddetmeyerek, bunun CHP&#8217;nin se\u00e7imlere kat\u0131lmas\u0131n\u0131n engellenmesi ihtimaline kar\u015f\u0131 haz\u0131rlanan bir &#8220;B plan\u0131&#8221; oldu\u011funu belirtmi\u015fti. \u00d6zel, olas\u0131 haz\u0131rl\u0131\u011f\u0131n parti i\u00e7i m\u00fccadeleden ziyade hukuki risklere kar\u015f\u0131 bir tedbir niteli\u011fi ta\u015f\u0131d\u0131\u011f\u0131n\u0131 ifade etmi\u015fti.<\/p>\n\n\n\n<p class=\"wp-block-paragraph\">CHP&#8217;deki hukuki s\u00fcrecin nas\u0131l sonu\u00e7lanaca\u011f\u0131 ve kulislerde konu\u015fulan iddialar\u0131n somut bir ad\u0131ma d\u00f6n\u00fc\u015f\u00fcp d\u00f6n\u00fc\u015fmeyece\u011fi \u00f6n\u00fcm\u00fczdeki g\u00fcnlerde netlik kazanacak. \u015eu a\u015famada yeni parti kurulaca\u011f\u0131na ili\u015fkin resmi bir karar veya a\u00e7\u0131klama bulunmuyor.<\/p>\n","protected":false},"excerpt":{"rendered":"<p>Cumhuriyet Halk Partisi&#8217;nde (CHP) ya\u015fanan &#8220;mutlak butlan&#8221; s\u00fcrecinin ard\u0131ndan siyaset kulislerini hareketlendiren yeni bir iddia<\/p>\n","protected":false},"author":1,"featured_media":3635,"comment_status":"open","ping_status":"open","sticky":false,"template":"","format":"standard","meta":{"_rtcl_gb_attr":"","footnotes":""},"categories":[44],"tags":[],"class_list":["post-3634","post","type-post","status-publish","format-standard","has-post-thumbnail","hentry","category-politika"],"_links":{"self":[{"href":"https:\/\/turkiyemhaber.com\/index.php?rest_route=\/wp\/v2\/posts\/3634","targetHints":{"allow":["GET"]}}],"collection":[{"href":"https:\/\/turkiyemhaber.com\/index.php?rest_route=\/wp\/v2\/posts"}],"about":[{"href":"https:\/\/turkiyemhaber.com\/index.php?rest_route=\/wp\/v2\/types\/post"}],"author":[{"embeddable":true,"href":"https:\/\/turkiyemhaber.com\/index.php?rest_route=\/wp\/v2\/users\/1"}],"replies":[{"embeddable":true,"href":"https:\/\/turkiyemhaber.com\/index.php?rest_route=%2Fwp%2Fv2%2Fcomments&post=3634"}],"version-history":[{"count":1,"href":"https:\/\/turkiyemhaber.com\/index.php?rest_route=\/wp\/v2\/posts\/3634\/revisions"}],"predecessor-version":[{"id":3636,"href":"https:\/\/turkiyemhaber.com\/index.php?rest_route=\/wp\/v2\/posts\/3634\/revisions\/3636"}],"wp:featuredmedia":[{"embeddable":true,"href":"https:\/\/turkiyemhaber.com\/index.php?rest_route=\/wp\/v2\/media\/3635"}],"wp:attachment":[{"href":"https:\/\/turkiyemhaber.com\/index.php?rest_route=%2Fwp%2Fv2%2Fmedia&parent=3634"}],"wp:term":[{"taxonomy":"category","embeddable":true,"href":"https:\/\/turkiyemhaber.com\/index.php?rest_route=%2Fwp%2Fv2%2Fcategories&post=3634"},{"taxonomy":"post_tag","embeddable":true,"href":"https:\/\/turkiyemhaber.com\/index.php?rest_route=%2Fwp%2Fv2%2Ftags&post=3634"}],"curies":[{"name":"wp","href":"https:\/\/api.w.org\/{rel}","templated":true}]}}