{"id":3629,"date":"2026-06-29T11:34:39","date_gmt":"2026-06-29T11:34:39","guid":{"rendered":"https:\/\/turkiyemhaber.com\/?p=3629"},"modified":"2026-06-29T11:34:43","modified_gmt":"2026-06-29T11:34:43","slug":"taciz-iddiasi-sonrasi-sokak-ortasinda-linc-girisimi-3-kisi-tutuklandi","status":"publish","type":"post","link":"https:\/\/turkiyemhaber.com\/?p=3629","title":{"rendered":"Taciz \u0130ddias\u0131 Sonras\u0131 Sokak Ortas\u0131nda Lin\u00e7 Giri\u015fimi: 3 Ki\u015fi Tutukland\u0131"},"content":{"rendered":"\n<p class=\"wp-block-paragraph\">\u0130stanbul\u2019un Beyo\u011flu il\u00e7esinde 15 ya\u015f\u0131ndaki bir k\u0131z \u00e7ocu\u011funa y\u00f6nelik taciz iddias\u0131n\u0131n ard\u0131ndan ya\u015fanan olaylar, sokak ortas\u0131nda \u015fiddet g\u00f6r\u00fcnt\u00fclerine sahne oldu. \u0130ddiaya g\u00f6re, k\u0131z \u00e7ocu\u011funu taciz etti\u011fi \u00f6ne s\u00fcr\u00fclen bir ki\u015fi, \u00e7ocu\u011fun yak\u0131nlar\u0131 taraf\u0131ndan darbedilerek b\u0131\u00e7akland\u0131.<\/p>\n\n\n\n<p class=\"wp-block-paragraph\">Olay, Kas\u0131mpa\u015fa Camiikebir Mahallesi\u2019nde meydana geldi. \u0130ddiaya g\u00f6re Erol \u015e. ile k\u0131z \u00e7ocu\u011funun ailesi aras\u0131nda ba\u015flayan tart\u0131\u015fma k\u0131sa s\u00fcrede b\u00fcy\u00fcyerek kavgaya d\u00f6n\u00fc\u015ft\u00fc. Tart\u0131\u015fman\u0131n ard\u0131ndan k\u0131z\u0131n annesi, amcas\u0131 ve annesinin eski e\u015fi oldu\u011fu belirtilen ki\u015filer, \u015fahsa sald\u0131rd\u0131.<\/p>\n\n\n\n<figure class=\"wp-block-image size-full\"><img loading=\"lazy\" decoding=\"async\" width=\"640\" height=\"426\" src=\"https:\/\/turkiyemhaber.com\/wp-content\/uploads\/2026\/06\/15-yasindaki-kizi-taciz-eden-6-19999973-9839_1_m.webp\" alt=\"\" class=\"wp-image-3630\" srcset=\"https:\/\/turkiyemhaber.com\/wp-content\/uploads\/2026\/06\/15-yasindaki-kizi-taciz-eden-6-19999973-9839_1_m.webp 640w, https:\/\/turkiyemhaber.com\/wp-content\/uploads\/2026\/06\/15-yasindaki-kizi-taciz-eden-6-19999973-9839_1_m-300x200.webp 300w, https:\/\/turkiyemhaber.com\/wp-content\/uploads\/2026\/06\/15-yasindaki-kizi-taciz-eden-6-19999973-9839_1_m-18x12.webp 18w\" sizes=\"auto, (max-width: 640px) 100vw, 640px\" \/><\/figure>\n\n\n\n<p class=\"wp-block-paragraph\">\u00c7evredeki vatanda\u015flar\u0131n ihbar\u0131 \u00fczerine olay yerine polis ve sa\u011fl\u0131k ekipleri sevk edildi. A\u011f\u0131r yaralanan Erol \u015e., sa\u011fl\u0131k ekiplerinin ilk m\u00fcdahalesinin ard\u0131ndan hastaneye kald\u0131r\u0131larak tedavi alt\u0131na al\u0131nd\u0131. \u015eahs\u0131n v\u00fccudunun \u00e7e\u015fitli yerlerinden b\u0131\u00e7akland\u0131\u011f\u0131 ve hayati tehlikesinin bulundu\u011fu \u00f6\u011frenildi.<\/p>\n\n\n\n<p class=\"wp-block-paragraph\">Olayla ilgili \u00e7al\u0131\u015fma ba\u015flatan polis ekipleri, kavgaya kar\u0131\u015ft\u0131klar\u0131 belirlenen \u00fc\u00e7 \u015f\u00fcpheliyi g\u00f6zalt\u0131na ald\u0131. Emniyetteki i\u015flemlerinin ard\u0131ndan adliyeye sevk edilen anne, amca ve eski e\u015f \u00e7\u0131kar\u0131ld\u0131klar\u0131 mahkemece tutuklanarak cezaevine g\u00f6nderildi.<\/p>\n\n\n\n<figure class=\"wp-block-image size-full\"><img loading=\"lazy\" decoding=\"async\" width=\"640\" height=\"426\" src=\"https:\/\/turkiyemhaber.com\/wp-content\/uploads\/2026\/06\/15-yasindaki-kizi-taciz-eden-6-19999973-2424_1_m.webp\" alt=\"\" class=\"wp-image-3631\" srcset=\"https:\/\/turkiyemhaber.com\/wp-content\/uploads\/2026\/06\/15-yasindaki-kizi-taciz-eden-6-19999973-2424_1_m.webp 640w, https:\/\/turkiyemhaber.com\/wp-content\/uploads\/2026\/06\/15-yasindaki-kizi-taciz-eden-6-19999973-2424_1_m-300x200.webp 300w, https:\/\/turkiyemhaber.com\/wp-content\/uploads\/2026\/06\/15-yasindaki-kizi-taciz-eden-6-19999973-2424_1_m-18x12.webp 18w\" sizes=\"auto, (max-width: 640px) 100vw, 640px\" \/><\/figure>\n\n\n\n<p class=\"wp-block-paragraph\">\u00d6te yandan olay an\u0131 \u00e7evrede bulunan bir i\u015f yerinin g\u00fcvenlik kameralar\u0131na da yans\u0131d\u0131. G\u00f6r\u00fcnt\u00fclerde taraflar aras\u0131nda ya\u015fanan tart\u0131\u015fman\u0131n k\u0131sa s\u00fcrede kavgaya d\u00f6n\u00fc\u015ft\u00fc\u011f\u00fc, \u015fahs\u0131n darbedildi\u011fi ve \u00e7evrede bulunan vatanda\u015flar\u0131n kavgay\u0131 ay\u0131rmaya \u00e7al\u0131\u015ft\u0131\u011f\u0131 g\u00f6r\u00fcl\u00fcyor.<\/p>\n\n\n\n<p class=\"wp-block-paragraph\">Olay\u0131n \u00e7\u0131k\u0131\u015f nedenine ili\u015fkin soru\u015fturma s\u00fcrerken, taciz iddias\u0131 ve sald\u0131r\u0131yla ilgili adli s\u00fcrecin devam etti\u011fi \u00f6\u011frenildi.<\/p>\n","protected":false},"excerpt":{"rendered":"<p>\u0130stanbul\u2019un Beyo\u011flu il\u00e7esinde 15 ya\u015f\u0131ndaki bir k\u0131z \u00e7ocu\u011funa y\u00f6nelik taciz iddias\u0131n\u0131n ard\u0131ndan ya\u015fanan olaylar, sokak<\/p>\n","protected":false},"author":1,"featured_media":3632,"comment_status":"open","ping_status":"open","sticky":false,"template":"","format":"standard","meta":{"_rtcl_gb_attr":"","footnotes":""},"categories":[1],"tags":[],"class_list":["post-3629","post","type-post","status-publish","format-standard","has-post-thumbnail","hentry","category-http-turkiyemhaber-com-wp-content-uploads-2026-03-saray-59-haber-13-mart-pdf"],"_links":{"self":[{"href":"https:\/\/turkiyemhaber.com\/index.php?rest_route=\/wp\/v2\/posts\/3629","targetHints":{"allow":["GET"]}}],"collection":[{"href":"https:\/\/turkiyemhaber.com\/index.php?rest_route=\/wp\/v2\/posts"}],"about":[{"href":"https:\/\/turkiyemhaber.com\/index.php?rest_route=\/wp\/v2\/types\/post"}],"author":[{"embeddable":true,"href":"https:\/\/turkiyemhaber.com\/index.php?rest_route=\/wp\/v2\/users\/1"}],"replies":[{"embeddable":true,"href":"https:\/\/turkiyemhaber.com\/index.php?rest_route=%2Fwp%2Fv2%2Fcomments&post=3629"}],"version-history":[{"count":1,"href":"https:\/\/turkiyemhaber.com\/index.php?rest_route=\/wp\/v2\/posts\/3629\/revisions"}],"predecessor-version":[{"id":3633,"href":"https:\/\/turkiyemhaber.com\/index.php?rest_route=\/wp\/v2\/posts\/3629\/revisions\/3633"}],"wp:featuredmedia":[{"embeddable":true,"href":"https:\/\/turkiyemhaber.com\/index.php?rest_route=\/wp\/v2\/media\/3632"}],"wp:attachment":[{"href":"https:\/\/turkiyemhaber.com\/index.php?rest_route=%2Fwp%2Fv2%2Fmedia&parent=3629"}],"wp:term":[{"taxonomy":"category","embeddable":true,"href":"https:\/\/turkiyemhaber.com\/index.php?rest_route=%2Fwp%2Fv2%2Fcategories&post=3629"},{"taxonomy":"post_tag","embeddable":true,"href":"https:\/\/turkiyemhaber.com\/index.php?rest_route=%2Fwp%2Fv2%2Ftags&post=3629"}],"curies":[{"name":"wp","href":"https:\/\/api.w.org\/{rel}","templated":true}]}}