{"id":3626,"date":"2026-06-29T11:25:36","date_gmt":"2026-06-29T11:25:36","guid":{"rendered":"https:\/\/turkiyemhaber.com\/?p=3626"},"modified":"2026-06-29T11:25:41","modified_gmt":"2026-06-29T11:25:41","slug":"kahramanmarastaki-saldirgani-veli-degil-iki-kahraman-ogretmen-durdurmus","status":"publish","type":"post","link":"https:\/\/turkiyemhaber.com\/?p=3626","title":{"rendered":"Kahramanmara\u015f&#8217;taki sald\u0131rgan\u0131 veli de\u011fil iki kahraman \u00f6\u011fretmen durdurmu\u015f"},"content":{"rendered":"\n<p class=\"wp-block-paragraph\">Kahramanmara\u015f&#8217;ta infiale yol a\u00e7an okul sald\u0131r\u0131s\u0131n\u0131n t\u00fcm detaylar\u0131, Vali M\u00fckerrem \u00dcnl\u00fcer ve \u0130l Emniyet M\u00fcd\u00fcr\u00fc Hasan Yi\u011fit taraf\u0131ndan TBMM komisyonunda a\u00e7\u0131kland\u0131. Sald\u0131rgan\u0131n 5 tabanca kulland\u0131\u011f\u0131 ve e\u011fitimli profesyoneller gibi hareket etti\u011fi belirtilirken, faili d\u0131\u015far\u0131dan gelen bir velinin de\u011fil, iki kahraman \u00f6\u011fretmenin etkisiz hale getirdi\u011fi ortaya \u00e7\u0131kt\u0131. Ayr\u0131ca failin okul rehberlik servisiyle tam 32 kez g\u00f6r\u00fc\u015ft\u00fc\u011f\u00fc belirlendi.<\/p>\n\n\n\n<p class=\"wp-block-paragraph\"><a href=\"https:\/\/www.sondakika.com\/kahramanmaras\/\">Kahramanmara\u015f<\/a>&#8216;ta \u0130sa Aras Mersinli isimli failin ger\u00e7ekle\u015ftirdi\u011fi silahl\u0131 okul sald\u0131r\u0131s\u0131n\u0131n ard\u0131ndaki s\u0131r perdesi, T\u00fcrkiye B\u00fcy\u00fck Millet Meclisi (TBMM) komisyonunda araland\u0131. Kahramanmara\u015f Valisi M\u00fckerrem \u00dcnl\u00fcer ve \u0130l Emniyet M\u00fcd\u00fcr\u00fc&nbsp;<a href=\"https:\/\/www.sondakika.com\/hasan-yigit-2\/\">Hasan Yi\u011fit<\/a>, komisyona verdikleri bilgilerle olay\u0131n dakika dakika nas\u0131l geli\u015fti\u011fini ve sald\u0131rgan\u0131n profilini t\u00fcm \u00e7\u0131plakl\u0131\u011f\u0131yla g\u00f6zler \u00f6n\u00fcne serdi.<\/p>\n\n\n\n<h3 class=\"wp-block-heading\">DAK\u0130KA DAK\u0130KA SALDIRI ANI<\/h3>\n\n\n\n<p class=\"wp-block-paragraph\">H\u00fcrriyet&#8217;te yer alan habere g\u00f6re; komisyonda s\u00f6z alan Vali M\u00fckerrem \u00dcnl\u00fcer, MOBESE kay\u0131tlar\u0131ndan elde edilen veriler \u0131\u015f\u0131\u011f\u0131nda eylemin zaman \u00e7izelgesini payla\u015ft\u0131. Vali \u00dcnl\u00fcer&#8217;in aktard\u0131\u011f\u0131 bilgilere g\u00f6re sald\u0131r\u0131n\u0131n ba\u015flang\u0131\u00e7 ve biti\u015f s\u00fcreci \u015fu \u015fekilde geli\u015fti:<\/p>\n\n\n\n<ul class=\"wp-block-list\">\n<li>13.14: Fail, okula yak\u0131n konumdaki evinden \u00e7\u0131k\u0131\u015f yapt\u0131.<\/li>\n\n\n\n<li>13.22: Okulun bah\u00e7esinden i\u00e7eri girdi.<\/li>\n\n\n\n<li>13.23: Okul koridoruna giri\u015f yapt\u0131.<\/li>\n\n\n\n<li>13.24: Silahl\u0131 eylem i\u00e7in son haz\u0131rl\u0131klar\u0131n\u0131 tamamlad\u0131.<\/li>\n\n\n\n<li>13.29: Okul i\u00e7indeki silahl\u0131 sald\u0131r\u0131y\u0131 ba\u015flatt\u0131.<\/li>\n\n\n\n<li>13.32: Olay emniyet g\u00fc\u00e7lerine intikal etti ve t\u00fcm ekiplere telsiz anonsu ge\u00e7ildi.<\/li>\n\n\n\n<li>13.35: \u0130lk emniyet ekibi olay yerine ula\u015ft\u0131.<\/li>\n\n\n\n<li>13.37: Sald\u0131rgan tamamen etkisiz hale getirildi.<\/li>\n<\/ul>\n\n\n\n<p class=\"wp-block-paragraph\">Vali \u00dcnl\u00fcer, telsiz anonsundan sonra b\u00f6lgeye 22 \u015fubeden toplam 128 ekip ve 502 personelin sevk edildi\u011fini belirtti.<\/p>\n\n\n\n<h3 class=\"wp-block-heading\">SALDIRGANI VEL\u0130 DE\u011e\u0130L, \u0130K\u0130 \u00d6\u011eRETMEN DURDURDU<\/h3>\n\n\n\n<p class=\"wp-block-paragraph\">Kamuoyunda sald\u0131rgan\u0131n d\u0131\u015far\u0131dan gelen bir veli taraf\u0131ndan durduruldu\u011fu y\u00f6n\u00fcndeki iddialara da a\u00e7\u0131kl\u0131k getiren Vali \u00dcnl\u00fcer, ger\u00e7e\u011fi \u015fu s\u00f6zlerle ifade etti:<\/p>\n\n\n\n<p class=\"wp-block-paragraph\">&#8220;Velimiz geldi\u011fi zaman zaten etkisiz hale getirilmek \u00fczere olan \u00e7ocu\u011fun \u00fczerinde iki \u00f6\u011fretmen var, zapt etmeye \u00e7al\u0131\u015f\u0131yorlar. Yani o d\u0131\u015far\u0131dan gelen velimiz yapm\u0131yor bu i\u015fi. Birisi okulun \u00f6\u011fretmeni, biri yan okulun \u00f6\u011fretmeni&#8230;&#8221;<\/p>\n\n\n\n<figure class=\"wp-block-image\"><img decoding=\"async\" src=\"https:\/\/foto.sondakika.com\/haber\/2026\/06\/29\/kahramanmarastaki-saldirgani-v-19999842-9762_1_m.jpg\" alt=\"Kahramanmara\u015f'taki sald\u0131rgan\u0131 veli de\u011fil iki kahraman \u00f6\u011fretmen durdurmu\u015f\"\/><\/figure>\n\n\n\n<h3 class=\"wp-block-heading\">&#8220;E\u011e\u0130T\u0130ML\u0130 OLDU\u011eU ANLA\u015eILIYOR&#8221;<\/h3>\n\n\n\n<p class=\"wp-block-paragraph\">\u0130l Emniyet M\u00fcd\u00fcr\u00fc&nbsp;<a href=\"https:\/\/www.sondakika.com\/hasan-yigit\/\">Hasan Yi\u011fit<\/a>&nbsp;ise komisyona sald\u0131rgan\u0131n kulland\u0131\u011f\u0131 silahlara ve eylem s\u0131ras\u0131ndaki profesyonel hareketlerine dair kan donduran detaylar verdi. Sald\u0131r\u0131n\u0131n ilk olarak koridordan gelen iki k\u0131z \u00e7ocu\u011funun hedef al\u0131nmas\u0131yla ba\u015flad\u0131\u011f\u0131n\u0131 belirten Yi\u011fit, \u015fu bilgileri aktard\u0131:<\/p>\n\n\n\n<p class=\"wp-block-paragraph\">&#8220;Toplam sekiz \u015farj\u00f6r getirmi\u015f. Alt\u0131 tanesini kullanm\u0131\u015f, iki dolu \u015farj\u00f6r var. Orada iki \u00e7ocu\u011fumuza s\u0131k\u0131yor, silahla hedef g\u00f6zeterek ate\u015f ediyor, s\u00fcng\u00fc geride kal\u0131nca tabanca de\u011fi\u015ftiriyor. Toplam be\u015f tabanca kullan\u0131yor. E\u011fitimli oldu\u011fu anla\u015f\u0131l\u0131yor, \u00e7ok seri yap\u0131yor her \u015feyi.&#8221;<\/p>\n\n\n\n<h3 class=\"wp-block-heading\">REHBERL\u0130K SERV\u0130S\u0130YLE 32 KEZ G\u00d6R\u00dc\u015eM\u00dc\u015e<\/h3>\n\n\n\n<p class=\"wp-block-paragraph\">Sald\u0131rgan \u0130sa Aras Mersinli&#8217;nin ge\u00e7mi\u015fine dair \u00e7arp\u0131c\u0131 bulgular\u0131 da payla\u015fan Vali \u00dcnl\u00fcer, \u00f6\u011frencinin akademik ba\u015far\u0131s\u0131n\u0131n y\u00fcksek oldu\u011funu ve herhangi bir disiplin cezas\u0131 bulunmad\u0131\u011f\u0131n\u0131 vurgulad\u0131. Ancak psikolojik altyap\u0131ya dikkat \u00e7eken \u00dcnl\u00fcer, \u015funlar\u0131 kaydetti:<\/p>\n\n\n\n<p class=\"wp-block-paragraph\">&#8220;\u015eah\u0131sla belirli d\u00f6nemlerde okul rehberlik servisinde \u00e7e\u015fitli konularda 32 kez g\u00f6r\u00fc\u015fme yap\u0131lm\u0131\u015ft\u0131r. 2&#8217;nci s\u0131n\u0131ftan itibaren ba\u015fl\u0131yor asl\u0131nda \u00e7ocuktaki \u015fey, fark ediliyor. Yazd\u0131klar\u0131na da bak\u0131l\u0131nca \u00e7ok k\u00fc\u00e7\u00fck ya\u015flarda bu i\u015fleri yapmay\u0131 kafas\u0131na koymu\u015f gibi yaz\u0131\u015fmalar\u0131 var. Yani normal bir vaka olarak de\u011ferlendirilemez.&#8221;<\/p>\n\n\n\n<h3 class=\"wp-block-heading\">NE OLMU\u015eTU?<\/h3>\n\n\n\n<p class=\"wp-block-paragraph\">Kahramanmara\u015f&#8217;\u0131n Oniki\u015fubat il\u00e7esinde Ayser \u00c7al\u0131k Ortaokulu&#8217;nda e\u011fitim g\u00f6ren sekizinci s\u0131n\u0131f \u00f6\u011frencisinin d\u00fczenledi\u011fi sald\u0131r\u0131da bir \u00f6\u011fretmen ile dokuz \u00f6\u011frenci ya\u015fam\u0131n\u0131 yitirmi\u015fti. Sald\u0131r\u0131y\u0131 ger\u00e7ekle\u015ftiren Mersinli&#8217;nin babas\u0131n\u0131n silahlar\u0131n\u0131 kulland\u0131\u011f\u0131 belirlenmi\u015fti.<\/p>\n","protected":false},"excerpt":{"rendered":"<p>Kahramanmara\u015f&#8217;ta infiale yol a\u00e7an okul sald\u0131r\u0131s\u0131n\u0131n t\u00fcm detaylar\u0131, Vali M\u00fckerrem \u00dcnl\u00fcer ve \u0130l Emniyet M\u00fcd\u00fcr\u00fc<\/p>\n","protected":false},"author":1,"featured_media":3627,"comment_status":"open","ping_status":"open","sticky":false,"template":"","format":"standard","meta":{"_rtcl_gb_attr":"","footnotes":""},"categories":[1],"tags":[],"class_list":["post-3626","post","type-post","status-publish","format-standard","has-post-thumbnail","hentry","category-http-turkiyemhaber-com-wp-content-uploads-2026-03-saray-59-haber-13-mart-pdf"],"_links":{"self":[{"href":"https:\/\/turkiyemhaber.com\/index.php?rest_route=\/wp\/v2\/posts\/3626","targetHints":{"allow":["GET"]}}],"collection":[{"href":"https:\/\/turkiyemhaber.com\/index.php?rest_route=\/wp\/v2\/posts"}],"about":[{"href":"https:\/\/turkiyemhaber.com\/index.php?rest_route=\/wp\/v2\/types\/post"}],"author":[{"embeddable":true,"href":"https:\/\/turkiyemhaber.com\/index.php?rest_route=\/wp\/v2\/users\/1"}],"replies":[{"embeddable":true,"href":"https:\/\/turkiyemhaber.com\/index.php?rest_route=%2Fwp%2Fv2%2Fcomments&post=3626"}],"version-history":[{"count":1,"href":"https:\/\/turkiyemhaber.com\/index.php?rest_route=\/wp\/v2\/posts\/3626\/revisions"}],"predecessor-version":[{"id":3628,"href":"https:\/\/turkiyemhaber.com\/index.php?rest_route=\/wp\/v2\/posts\/3626\/revisions\/3628"}],"wp:featuredmedia":[{"embeddable":true,"href":"https:\/\/turkiyemhaber.com\/index.php?rest_route=\/wp\/v2\/media\/3627"}],"wp:attachment":[{"href":"https:\/\/turkiyemhaber.com\/index.php?rest_route=%2Fwp%2Fv2%2Fmedia&parent=3626"}],"wp:term":[{"taxonomy":"category","embeddable":true,"href":"https:\/\/turkiyemhaber.com\/index.php?rest_route=%2Fwp%2Fv2%2Fcategories&post=3626"},{"taxonomy":"post_tag","embeddable":true,"href":"https:\/\/turkiyemhaber.com\/index.php?rest_route=%2Fwp%2Fv2%2Ftags&post=3626"}],"curies":[{"name":"wp","href":"https:\/\/api.w.org\/{rel}","templated":true}]}}