{"id":3622,"date":"2026-06-29T11:15:59","date_gmt":"2026-06-29T11:15:59","guid":{"rendered":"https:\/\/turkiyemhaber.com\/?p=3622"},"modified":"2026-06-29T11:18:50","modified_gmt":"2026-06-29T11:18:50","slug":"kadir-inanir-son-yolculuguna-ugurlandi","status":"publish","type":"post","link":"https:\/\/turkiyemhaber.com\/?p=3622","title":{"rendered":"Kadir \u0130nan\u0131r Son Yolculu\u011funa U\u011furland\u0131"},"content":{"rendered":"\n<p class=\"wp-block-paragraph\">T\u00fcrk sinemas\u0131n\u0131n usta oyuncular\u0131ndan Kadir \u0130nan\u0131r, d\u00fczenlenen cenaze t\u00f6reninin ard\u0131ndan son yolculu\u011funa u\u011furland\u0131.<\/p>\n\n\n\n<p class=\"wp-block-paragraph\">Sanat\u00e7\u0131n\u0131n cenazesi, sevenlerinin, sanat camias\u0131ndan isimlerin ve yak\u0131nlar\u0131n\u0131n kat\u0131ld\u0131\u011f\u0131 t\u00f6renin ard\u0131ndan defnedildi. Cenaze t\u00f6reninde duygu dolu anlar ya\u015fan\u0131rken, \u00e7ok say\u0131da vatanda\u015f da usta oyuncuya veda etmek i\u00e7in haz\u0131r bulundu.<\/p>\n\n\n\n<p class=\"wp-block-paragraph\">Defin i\u015fleminin ard\u0131ndan sevenleri mezar\u0131n\u0131 ziyaret ederek dualar etti ve \u00e7i\u00e7ek b\u0131rakt\u0131. Vatanda\u015flar, T\u00fcrk sinemas\u0131na unutulmaz eserler kazand\u0131ran Kadir \u0130nan\u0131r\u2019\u0131n her zaman sevgi ve sayg\u0131yla an\u0131laca\u011f\u0131n\u0131 ifade etti.<\/p>\n\n\n\n<p class=\"wp-block-paragraph\">Ye\u015fil\u00e7am\u2019\u0131n \u00f6nemli isimlerinden biri olarak haf\u0131zalarda yer edinen Kadir \u0130nan\u0131r\u2019\u0131n vefat\u0131, sanat d\u00fcnyas\u0131nda ve sevenleri aras\u0131nda b\u00fcy\u00fck \u00fcz\u00fcnt\u00fcye neden oldu.<\/p>\n","protected":false},"excerpt":{"rendered":"<p>T\u00fcrk sinemas\u0131n\u0131n usta oyuncular\u0131ndan Kadir \u0130nan\u0131r, d\u00fczenlenen cenaze t\u00f6reninin ard\u0131ndan son yolculu\u011funa u\u011furland\u0131. Sanat\u00e7\u0131n\u0131n cenazesi,<\/p>\n","protected":false},"author":1,"featured_media":3625,"comment_status":"open","ping_status":"open","sticky":false,"template":"","format":"standard","meta":{"_rtcl_gb_attr":"","footnotes":""},"categories":[1],"tags":[],"class_list":["post-3622","post","type-post","status-publish","format-standard","has-post-thumbnail","hentry","category-http-turkiyemhaber-com-wp-content-uploads-2026-03-saray-59-haber-13-mart-pdf"],"_links":{"self":[{"href":"https:\/\/turkiyemhaber.com\/index.php?rest_route=\/wp\/v2\/posts\/3622","targetHints":{"allow":["GET"]}}],"collection":[{"href":"https:\/\/turkiyemhaber.com\/index.php?rest_route=\/wp\/v2\/posts"}],"about":[{"href":"https:\/\/turkiyemhaber.com\/index.php?rest_route=\/wp\/v2\/types\/post"}],"author":[{"embeddable":true,"href":"https:\/\/turkiyemhaber.com\/index.php?rest_route=\/wp\/v2\/users\/1"}],"replies":[{"embeddable":true,"href":"https:\/\/turkiyemhaber.com\/index.php?rest_route=%2Fwp%2Fv2%2Fcomments&post=3622"}],"version-history":[{"count":1,"href":"https:\/\/turkiyemhaber.com\/index.php?rest_route=\/wp\/v2\/posts\/3622\/revisions"}],"predecessor-version":[{"id":3624,"href":"https:\/\/turkiyemhaber.com\/index.php?rest_route=\/wp\/v2\/posts\/3622\/revisions\/3624"}],"wp:featuredmedia":[{"embeddable":true,"href":"https:\/\/turkiyemhaber.com\/index.php?rest_route=\/wp\/v2\/media\/3625"}],"wp:attachment":[{"href":"https:\/\/turkiyemhaber.com\/index.php?rest_route=%2Fwp%2Fv2%2Fmedia&parent=3622"}],"wp:term":[{"taxonomy":"category","embeddable":true,"href":"https:\/\/turkiyemhaber.com\/index.php?rest_route=%2Fwp%2Fv2%2Fcategories&post=3622"},{"taxonomy":"post_tag","embeddable":true,"href":"https:\/\/turkiyemhaber.com\/index.php?rest_route=%2Fwp%2Fv2%2Ftags&post=3622"}],"curies":[{"name":"wp","href":"https:\/\/api.w.org\/{rel}","templated":true}]}}