{"id":3619,"date":"2026-06-29T11:10:30","date_gmt":"2026-06-29T11:10:30","guid":{"rendered":"https:\/\/turkiyemhaber.com\/?p=3619"},"modified":"2026-06-29T11:10:34","modified_gmt":"2026-06-29T11:10:34","slug":"sultan-ii-abdulhamid-hanin-torunu-dunyaevine-girdi","status":"publish","type":"post","link":"https:\/\/turkiyemhaber.com\/?p=3619","title":{"rendered":"Sultan II. Abd\u00fclhamid Han\u2019\u0131n Torunu D\u00fcnyaevine Girdi"},"content":{"rendered":"\n<p class=\"wp-block-paragraph\">Osmanl\u0131 Devleti&#8217;nin 34. padi\u015fah\u0131 Sultan II. Abd\u00fclhamid&#8217;\u0131n 5. ku\u015fak torunu Mohammed Halil Osmano\u011flu, Havva Sude Kirici ile d\u00fczenlenen nikah t\u00f6reniyle hayat\u0131n\u0131 birle\u015ftirdi.<\/p>\n\n\n\n<p class=\"wp-block-paragraph\">Kocaeli&#8217;nin Gebze il\u00e7esinde ger\u00e7ekle\u015ftirilen nikah t\u00f6renine Osmano\u011flu ve Kirici ailelerinin yak\u0131nlar\u0131 ile \u00e7ok say\u0131da davetli kat\u0131ld\u0131. Nikah\u0131, Zinnur B\u00fcy\u00fckg\u00f6z k\u0131yd\u0131.<\/p>\n\n\n\n<p class=\"wp-block-paragraph\">T\u00f6rende, Sultan II. Abd\u00fclhamid Han\u2019\u0131n 3. ku\u015fak torunu Harun Abd\u00fclkerim Osmano\u011flu ile 4. ku\u015fak torunu Nurhan Osmano\u011flu ve e\u015fi Muhammed Ammar Sagherji de yer ald\u0131. Aile \u00fcyeleri ve davetliler, gen\u00e7 \u00e7ifti tebrik ederek mutluluk dileklerinde bulundu.<\/p>\n\n\n\n<p class=\"wp-block-paragraph\">Nikah t\u00f6reninin ard\u0131ndan davetlilerle hat\u0131ra foto\u011fraf\u0131 \u00e7ektiren \u00e7ift, bu \u00f6zel g\u00fcnlerinde kendilerini yaln\u0131z b\u0131rakmayan misafirlerine te\u015fekk\u00fcr etti.<\/p>\n","protected":false},"excerpt":{"rendered":"<p>Osmanl\u0131 Devleti&#8217;nin 34. padi\u015fah\u0131 Sultan II. Abd\u00fclhamid&#8217;\u0131n 5. ku\u015fak torunu Mohammed Halil Osmano\u011flu, Havva Sude<\/p>\n","protected":false},"author":1,"featured_media":3620,"comment_status":"open","ping_status":"open","sticky":false,"template":"","format":"standard","meta":{"_rtcl_gb_attr":"","footnotes":""},"categories":[41],"tags":[],"class_list":["post-3619","post","type-post","status-publish","format-standard","has-post-thumbnail","hentry","category-magazin"],"_links":{"self":[{"href":"https:\/\/turkiyemhaber.com\/index.php?rest_route=\/wp\/v2\/posts\/3619","targetHints":{"allow":["GET"]}}],"collection":[{"href":"https:\/\/turkiyemhaber.com\/index.php?rest_route=\/wp\/v2\/posts"}],"about":[{"href":"https:\/\/turkiyemhaber.com\/index.php?rest_route=\/wp\/v2\/types\/post"}],"author":[{"embeddable":true,"href":"https:\/\/turkiyemhaber.com\/index.php?rest_route=\/wp\/v2\/users\/1"}],"replies":[{"embeddable":true,"href":"https:\/\/turkiyemhaber.com\/index.php?rest_route=%2Fwp%2Fv2%2Fcomments&post=3619"}],"version-history":[{"count":1,"href":"https:\/\/turkiyemhaber.com\/index.php?rest_route=\/wp\/v2\/posts\/3619\/revisions"}],"predecessor-version":[{"id":3621,"href":"https:\/\/turkiyemhaber.com\/index.php?rest_route=\/wp\/v2\/posts\/3619\/revisions\/3621"}],"wp:featuredmedia":[{"embeddable":true,"href":"https:\/\/turkiyemhaber.com\/index.php?rest_route=\/wp\/v2\/media\/3620"}],"wp:attachment":[{"href":"https:\/\/turkiyemhaber.com\/index.php?rest_route=%2Fwp%2Fv2%2Fmedia&parent=3619"}],"wp:term":[{"taxonomy":"category","embeddable":true,"href":"https:\/\/turkiyemhaber.com\/index.php?rest_route=%2Fwp%2Fv2%2Fcategories&post=3619"},{"taxonomy":"post_tag","embeddable":true,"href":"https:\/\/turkiyemhaber.com\/index.php?rest_route=%2Fwp%2Fv2%2Ftags&post=3619"}],"curies":[{"name":"wp","href":"https:\/\/api.w.org\/{rel}","templated":true}]}}