{"id":3616,"date":"2026-06-29T10:53:28","date_gmt":"2026-06-29T10:53:28","guid":{"rendered":"https:\/\/turkiyemhaber.com\/?p=3616"},"modified":"2026-06-29T10:53:32","modified_gmt":"2026-06-29T10:53:32","slug":"gokhan-guneye-sma-hastasi-bebegin-annesine-yonelik-tavri-nedeniyle-tepki-yagiyor","status":"publish","type":"post","link":"https:\/\/turkiyemhaber.com\/?p=3616","title":{"rendered":"G\u00f6khan G\u00fcney\u2019e SMA Hastas\u0131 Bebe\u011fin Annesine Y\u00f6nelik Tavr\u0131 Nedeniyle Tepki Ya\u011f\u0131yor"},"content":{"rendered":"\n<p class=\"wp-block-paragraph\">Bursa\u2019n\u0131n Mustafakemalpa\u015fa il\u00e7esinde d\u00fczenlenen Y\u00f6r\u00fck T\u00fcrkmen Festivali\u2019nde ya\u015fanan bir olay, sosyal medyada geni\u015f yank\u0131 uyand\u0131rd\u0131. Festival kapsam\u0131nda sahne alan sanat\u00e7\u0131 G\u00f6khan G\u00fcney\u2019in, SMA hastas\u0131 bebe\u011fi i\u00e7in yard\u0131m \u00e7a\u011fr\u0131s\u0131nda bulunan bir annenin konu\u015fmas\u0131n\u0131 yar\u0131da kesmesi tepkilere neden oldu.<\/p>\n\n\n\n<p class=\"wp-block-paragraph\">\u0130ddiaya g\u00f6re, tedavi s\u00fcreci i\u00e7in destek arayan anne, sahneye \u00e7\u0131karak vatanda\u015flara seslenmek ve yard\u0131m kampanyas\u0131na destek istemek istedi. G\u00f6zya\u015flar\u0131 i\u00e7erisinde \u00e7ocu\u011funun sa\u011fl\u0131k durumunu anlatan annenin konu\u015fmas\u0131 s\u0131ras\u0131nda G\u00f6khan G\u00fcney\u2019in araya girerek, \u201cBurada 19 tane muhtar var, onlara s\u00f6yleyeceksin, bu i\u015fi onlar organize eder. Ben biraz \u015fark\u0131 s\u00f6yleyeyim, kusura bakma\u201d dedi\u011fi anlar kameralara yans\u0131d\u0131.<\/p>\n\n\n\n<p class=\"wp-block-paragraph\">Olay\u0131n ard\u0131ndan g\u00f6r\u00fcnt\u00fcler k\u0131sa s\u00fcrede sosyal medya platformlar\u0131nda yay\u0131l\u0131rken, \u00e7ok say\u0131da kullan\u0131c\u0131 sanat\u00e7\u0131n\u0131n tavr\u0131n\u0131 ele\u015ftirdi. Vatanda\u015flar, bir annenin evlad\u0131n\u0131n ya\u015fam m\u00fccadelesi i\u00e7in yard\u0131m \u00e7a\u011fr\u0131s\u0131nda bulundu\u011fu s\u0131rada daha duyarl\u0131 davran\u0131lmas\u0131 gerekti\u011fini savundu.<\/p>\n\n\n\n<p class=\"wp-block-paragraph\">G\u00f6r\u00fcnt\u00fcleri payla\u015fan baz\u0131 vatanda\u015flar ise, \u201cK\u00f6y\u00fcm\u00fcze gelen bir sanat\u00e7\u0131n\u0131n, yard\u0131m isteyen bir anneyi bu \u015fekilde geri \u00e7evirmesi \u00fcz\u00fcc\u00fc oldu\u201d yorumunda bulundu.<\/p>\n\n\n\n<p class=\"wp-block-paragraph\">Ya\u015fanan olay sosyal medyada tart\u0131\u015f\u0131lmaya devam ederken, konuya ili\u015fkin farkl\u0131 g\u00f6r\u00fc\u015fler de g\u00fcndeme gelmeye devam ediyor.<\/p>\n","protected":false},"excerpt":{"rendered":"<p>Bursa\u2019n\u0131n Mustafakemalpa\u015fa il\u00e7esinde d\u00fczenlenen Y\u00f6r\u00fck T\u00fcrkmen Festivali\u2019nde ya\u015fanan bir olay, sosyal medyada geni\u015f yank\u0131 uyand\u0131rd\u0131.<\/p>\n","protected":false},"author":1,"featured_media":3617,"comment_status":"open","ping_status":"open","sticky":false,"template":"","format":"standard","meta":{"_rtcl_gb_attr":"","footnotes":""},"categories":[1],"tags":[],"class_list":["post-3616","post","type-post","status-publish","format-standard","has-post-thumbnail","hentry","category-http-turkiyemhaber-com-wp-content-uploads-2026-03-saray-59-haber-13-mart-pdf"],"_links":{"self":[{"href":"https:\/\/turkiyemhaber.com\/index.php?rest_route=\/wp\/v2\/posts\/3616","targetHints":{"allow":["GET"]}}],"collection":[{"href":"https:\/\/turkiyemhaber.com\/index.php?rest_route=\/wp\/v2\/posts"}],"about":[{"href":"https:\/\/turkiyemhaber.com\/index.php?rest_route=\/wp\/v2\/types\/post"}],"author":[{"embeddable":true,"href":"https:\/\/turkiyemhaber.com\/index.php?rest_route=\/wp\/v2\/users\/1"}],"replies":[{"embeddable":true,"href":"https:\/\/turkiyemhaber.com\/index.php?rest_route=%2Fwp%2Fv2%2Fcomments&post=3616"}],"version-history":[{"count":1,"href":"https:\/\/turkiyemhaber.com\/index.php?rest_route=\/wp\/v2\/posts\/3616\/revisions"}],"predecessor-version":[{"id":3618,"href":"https:\/\/turkiyemhaber.com\/index.php?rest_route=\/wp\/v2\/posts\/3616\/revisions\/3618"}],"wp:featuredmedia":[{"embeddable":true,"href":"https:\/\/turkiyemhaber.com\/index.php?rest_route=\/wp\/v2\/media\/3617"}],"wp:attachment":[{"href":"https:\/\/turkiyemhaber.com\/index.php?rest_route=%2Fwp%2Fv2%2Fmedia&parent=3616"}],"wp:term":[{"taxonomy":"category","embeddable":true,"href":"https:\/\/turkiyemhaber.com\/index.php?rest_route=%2Fwp%2Fv2%2Fcategories&post=3616"},{"taxonomy":"post_tag","embeddable":true,"href":"https:\/\/turkiyemhaber.com\/index.php?rest_route=%2Fwp%2Fv2%2Ftags&post=3616"}],"curies":[{"name":"wp","href":"https:\/\/api.w.org\/{rel}","templated":true}]}}