{"id":3613,"date":"2026-06-28T09:17:31","date_gmt":"2026-06-28T09:17:31","guid":{"rendered":"https:\/\/turkiyemhaber.com\/?p=3613"},"modified":"2026-06-28T09:17:36","modified_gmt":"2026-06-28T09:17:36","slug":"muhittin-bocekten-olay-iddia-imamoglu-benden-15-milyon-euro-destek-istedi","status":"publish","type":"post","link":"https:\/\/turkiyemhaber.com\/?p=3613","title":{"rendered":"Muhittin B\u00f6cek&#8217;ten olay iddia: \u0130mamo\u011flu benden 15 milyon euro destek istedi"},"content":{"rendered":"\n<p class=\"wp-block-paragraph\">Antalya B\u00fcy\u00fck\u015fehir Belediye Ba\u015fkan\u0131 Muhittin B\u00f6cek, savc\u0131l\u0131k ifadesinde CHP&#8217;deki adayl\u0131k s\u00fcre\u00e7leri ve se\u00e7im finansman\u0131na ili\u015fkin dikkat \u00e7eken iddialarda bulundu. B\u00f6cek, Ekrem \u0130mamo\u011flu&#8217;nun kendisinden 15 milyon euro destek istedi\u011fini, bunun 5 milyon euroluk k\u0131sm\u0131n\u0131 &#8220;havala&#8221; ismi verilen bir y\u00f6ntemle g\u00f6nderdi\u011fini \u00f6ne s\u00fcrerken, \u00d6zg\u00fcr \u00d6zel&#8217;in y\u00f6nlendirmesiyle Ferdi Zeyrek&#8217;e 950 bin euro g\u00f6t\u00fcrd\u00fc\u011f\u00fcn\u00fc de iddia etti. Soru\u015fturma s\u00fcr\u00fcyor.<\/p>\n\n\n\n<p class=\"wp-block-paragraph\"><a href=\"https:\/\/www.sondakika.com\/antalya\/\">Antalya<\/a>&nbsp;Cumhuriyet Ba\u015fsavc\u0131l\u0131\u011f\u0131 taraf\u0131ndan y\u00fcr\u00fct\u00fclen 2025\/60355 say\u0131l\u0131 soru\u015fturma kapsam\u0131nda ifade veren Antalya B\u00fcy\u00fck\u015fehir Belediye Ba\u015fkan\u0131&nbsp;<a href=\"https:\/\/www.sondakika.com\/muhittin-bocek\/\">Muhittin B\u00f6cek<\/a>, CHP i\u00e7indeki adayl\u0131k s\u00fcre\u00e7leri, se\u00e7im finansman\u0131 ve&nbsp;<a href=\"https:\/\/www.sondakika.com\/ekrem-imamoglu\/\">Ekrem \u0130mamo\u011flu<\/a>&#8216;nun cumhurba\u015fkanl\u0131\u011f\u0131 haz\u0131rl\u0131klar\u0131na ili\u015fkin \u00e7e\u015fitli iddialarda bulundu.<\/p>\n\n\n\n<h3 class=\"wp-block-heading\">&#8220;\u00d6ZG\u00dcR \u00d6ZEL&#8217;\u0130N Y\u00d6NLEND\u0130RMES\u0130YLE 950 B\u0130N EURO G\u00d6T\u00dcRD\u00dcM&#8221; \u0130DD\u0130ASI<\/h3>\n\n\n\n<p class=\"wp-block-paragraph\">Muhittin B\u00f6cek, daha \u00f6nce verdi\u011fi beyanlar\u0131n\u0131 yineleyerek, 2024 yerel se\u00e7imleri \u00f6ncesinde CHP Genel Ba\u015fkan\u0131&nbsp;<a href=\"https:\/\/www.sondakika.com\/ozgur-ozel\/\">\u00d6zg\u00fcr \u00d6zel<\/a>&#8216;in y\u00f6nlendirmesiyle Manisa&#8217;ya gitti\u011fini \u00f6ne s\u00fcrd\u00fc.&nbsp;B\u00f6cek, adayl\u0131\u011f\u0131 hen\u00fcz a\u00e7\u0131klanmadan \u00f6nce, \u00d6zg\u00fcr \u00d6zel&#8217;in memleketi olmas\u0131 ve genel ba\u015fkanl\u0131k g\u00f6revi nedeniyle adayl\u0131\u011f\u0131na katk\u0131 sa\u011flayaca\u011f\u0131 d\u00fc\u015f\u00fcncesiyle 15 Ocak 2024 tarihinde Manisa&#8217;ya gitti\u011fini ifade etti.<\/p>\n\n\n\n<p class=\"wp-block-paragraph\">\u0130fadesinde, Ankara&#8217;daki bir toplant\u0131n\u0131n ard\u0131ndan \u00d6zg\u00fcr \u00d6zel&#8217;in kendisine merhum Manisa B\u00fcy\u00fck\u015fehir Belediye Ba\u015fkan\u0131&nbsp;<a href=\"https:\/\/www.sondakika.com\/ferdi-zeyrek\/\">Ferdi Zeyrek<\/a>&#8216;e maddi destek ve proje deste\u011fi verilmesi y\u00f6n\u00fcnde talepte bulundu\u011funu iddia eden B\u00f6cek, Manisa&#8217;ya giderken yan\u0131nda bir \u00e7anta i\u00e7erisinde yakla\u015f\u0131k 950 bin euro bulundu\u011funu s\u00f6yledi.&nbsp;B\u00f6cek, sosyal proje sunumunun ard\u0131ndan Ferdi Zeyrek ile k\u0131sa s\u00fcre ba\u015f ba\u015fa kald\u0131\u011f\u0131n\u0131, bu s\u0131rada paray\u0131 masas\u0131n\u0131n yan\u0131na b\u0131rakt\u0131\u011f\u0131n\u0131 ileri s\u00fcrd\u00fc.<\/p>\n\n\n\n<h3 class=\"wp-block-heading\">\u0130STANBUL&#8217;DAK\u0130 G\u00d6R\u00dc\u015eMEYE \u0130L\u0130\u015eK\u0130N \u0130DD\u0130ALAR<\/h3>\n\n\n\n<p class=\"wp-block-paragraph\">Muhittin B\u00f6cek, ifadesinde 2024 yerel se\u00e7imleri s\u00fcrecinde Antalya B\u00fcy\u00fck\u015fehir Belediye Ba\u015fkanl\u0131\u011f\u0131 adayl\u0131\u011f\u0131na ili\u015fkin ya\u015fad\u0131\u011f\u0131 bir ba\u015fka s\u00fcreci de anlatt\u0131.&nbsp;B\u00f6cek, Muratpa\u015fa Belediye Ba\u015fkan\u0131n\u0131n Ekrem \u0130mamo\u011flu ile g\u00f6r\u00fc\u015ft\u00fc\u011f\u00fcn\u00fc, adayl\u0131k s\u00fcrecine ili\u015fkin birtak\u0131m g\u00fcvenceler ald\u0131\u011f\u0131n\u0131 ve bunun kar\u015f\u0131l\u0131\u011f\u0131nda y\u00fckl\u00fc miktarda harcama yapaca\u011f\u0131 bilgisine ula\u015ft\u0131\u011f\u0131n\u0131 \u00f6ne s\u00fcrd\u00fc.<\/p>\n\n\n\n<p class=\"wp-block-paragraph\">Bunun \u00fczerine adayl\u0131\u011f\u0131n\u0131 netle\u015ftirmek amac\u0131yla 30 Kas\u0131m 2023 tarihinde \u0130stanbul&#8217;a gitti\u011fini belirten B\u00f6cek, bir otelde Ekrem \u0130mamo\u011flu ile yakla\u015f\u0131k bir saat s\u00fcren g\u00f6r\u00fc\u015fme yapt\u0131\u011f\u0131n\u0131 iddia etti.<\/p>\n\n\n\n<p class=\"wp-block-paragraph\">B\u00f6cek, g\u00f6r\u00fc\u015fmeye \u00f6zel kalemi Yasin Yellice&#8217;nin tan\u0131kl\u0131k etti\u011fini, g\u00f6r\u00fc\u015fme sonras\u0131nda otelin balkonunda birlikte foto\u011fraf \u00e7ektirdiklerini ve bu foto\u011fraf\u0131 sosyal medya hesab\u0131nda payla\u015ft\u0131\u011f\u0131n\u0131 da beyan etti.<\/p>\n\n\n\n<h3 class=\"wp-block-heading\">&#8220;15 M\u0130LYON EURO DESTEK \u0130STEND\u0130&#8221; \u0130DD\u0130ASI<\/h3>\n\n\n\n<p class=\"wp-block-paragraph\">B\u00f6cek&#8217;in ifadesine g\u00f6re Ekrem \u0130mamo\u011flu, bu g\u00f6r\u00fc\u015fmede ba\u015fka bir ki\u015fiye adayl\u0131k s\u00f6z\u00fc vermedi\u011fini ve tercihini B\u00f6cek&#8217;ten yana kullanaca\u011f\u0131n\u0131 s\u00f6yledi.<\/p>\n\n\n\n<p class=\"wp-block-paragraph\">B\u00f6cek ayr\u0131ca, \u0130mamo\u011flu&#8217;nun se\u00e7im kampanyas\u0131 i\u00e7in maddi kayna\u011fa ihtiya\u00e7 oldu\u011funu s\u00f6yledi\u011fini, ilerleyen d\u00f6nemde cumhurba\u015fkanl\u0131\u011f\u0131 adayl\u0131\u011f\u0131 planlad\u0131\u011f\u0131n\u0131 belirtti\u011fini ve kendisinden yakla\u015f\u0131k 15 milyon euro destek talep etti\u011fini ileri s\u00fcrd\u00fc.<\/p>\n\n\n\n<p class=\"wp-block-paragraph\">\u0130fadesine g\u00f6re ayr\u0131ca, cumhurba\u015fkanl\u0131\u011f\u0131 adayl\u0131\u011f\u0131 s\u00fcrecinde Akdeniz B\u00f6lgesi harcamalar\u0131n\u0131n da kendisi taraf\u0131ndan kar\u015f\u0131lanmas\u0131n\u0131n istendi\u011fini \u00f6ne s\u00fcrd\u00fc.<\/p>\n\n\n\n<h3 class=\"wp-block-heading\">&#8220;5 M\u0130LYON EUROYU HAVALA Y\u00d6NTEM\u0130YLE G\u00d6NDERD\u0130M&#8221; \u0130DD\u0130ASI<\/h3>\n\n\n\n<p class=\"wp-block-paragraph\">Muhittin B\u00f6cek, Antalya&#8217;ya d\u00f6nd\u00fckten sonra bir dostuna 5 milyon euroya ihtiyac\u0131 oldu\u011funu s\u00f6yledi\u011fini anlatt\u0131.<\/p>\n\n\n\n<p class=\"wp-block-paragraph\">\u0130fadesine g\u00f6re birka\u00e7 g\u00fcn sonra kendisine bir 100 TL banknotunun foto\u011fraf\u0131 ile \u00fczerinde isim ve telefon numaras\u0131 bulunan bir k\u00e2\u011f\u0131t verildi\u011fini, bunun &#8220;havala&#8221; y\u00f6ntemiyle yap\u0131lacak \u00f6deme i\u00e7in kullan\u0131ld\u0131\u011f\u0131n\u0131 d\u00fc\u015f\u00fcnd\u00fc\u011f\u00fcn\u00fc s\u00f6yledi.<\/p>\n\n\n\n<p class=\"wp-block-paragraph\">B\u00f6cek, \u00f6demenin hangi d\u00f6vizci \u00fczerinden yap\u0131ld\u0131\u011f\u0131n\u0131 bilmedi\u011fini ifade etti.<\/p>\n\n\n\n<h3 class=\"wp-block-heading\">&#8220;BANKNOT VE K\u00c2\u011eIDI \u0130MAMO\u011eLU&#8217;NA TESL\u0130M ETT\u0130M&#8221; \u0130DD\u0130ASI<\/h3>\n\n\n\n<p class=\"wp-block-paragraph\">B\u00f6cek, 17 Aral\u0131k 2023 tarihinde \u0130stanbul&#8217;da Ekrem \u0130mamo\u011flu ile yeniden g\u00f6r\u00fc\u015ft\u00fc\u011f\u00fcn\u00fc, se\u00e7im ofisi olarak kullan\u0131ld\u0131\u011f\u0131n\u0131 s\u00f6yledi\u011fi bir binada ba\u015f ba\u015fa g\u00f6r\u00fc\u015ft\u00fcklerini ve yan\u0131nda bulunan banknot ile telefon bilgilerinin yaz\u0131l\u0131 oldu\u011fu k\u00e2\u011f\u0131d\u0131 teslim etti\u011fini \u00f6ne s\u00fcrd\u00fc.<\/p>\n\n\n\n<p class=\"wp-block-paragraph\">Kalan paray\u0131 daha sonra verece\u011fini s\u00f6yledi\u011fini belirten B\u00f6cek, Antalya&#8217;daki se\u00e7im \u00e7al\u0131\u015fmalar\u0131na ili\u015fkin de\u011ferlendirmelerini de bu g\u00f6r\u00fc\u015fmede aktard\u0131\u011f\u0131n\u0131 ifade etti.<\/p>\n\n\n\n<h3 class=\"wp-block-heading\">&#8220;KALAN PARAYI VERMED\u0130M&#8221; \u0130DD\u0130ASI<\/h3>\n\n\n\n<p class=\"wp-block-paragraph\">Muhittin B\u00f6cek, ifadesinde talep edildi\u011fini \u00f6ne s\u00fcrd\u00fc\u011f\u00fc deste\u011fin kalan k\u0131sm\u0131n\u0131 Ekrem \u0130mamo\u011flu&#8217;nun tutuklanmas\u0131n\u0131n ard\u0131ndan vermedi\u011fini s\u00f6yledi.<\/p>\n\n\n\n<p class=\"wp-block-paragraph\">Ayr\u0131ca ayn\u0131 \u00f6deme y\u00f6nteminin o\u011flu G\u00f6khan B\u00f6cek&#8217;in se\u00e7im reklam giderlerinde de kullan\u0131ld\u0131\u011f\u0131n\u0131 ileri s\u00fcrd\u00fc.<\/p>\n\n\n\n<h3 class=\"wp-block-heading\">CHP Y\u00d6NET\u0130M\u0130NE \u0130L\u0130\u015eK\u0130N DE\u011eERLEND\u0130RMELER<\/h3>\n\n\n\n<p class=\"wp-block-paragraph\">Muhittin B\u00f6cek, ifadesinin devam\u0131nda Ekrem \u0130mamo\u011flu&#8217;nun zamanla CHP&#8217;de &#8220;parti \u00fcst\u00fc bir siyasi g\u00fcce&#8221; d\u00f6n\u00fc\u015ft\u00fc\u011f\u00fcn\u00fc iddia etti.&nbsp;B\u00f6cek, Parti Meclisi ile CHP Genel Ba\u015fkan\u0131 \u00d6zg\u00fcr \u00d6zel&#8217;in de bir\u00e7ok konuda \u0130mamo\u011flu&#8217;nun g\u00f6r\u00fc\u015f\u00fc d\u0131\u015f\u0131nda hareket edemedi\u011fini \u00f6ne s\u00fcrerken, bu durumun partinin i\u015fleyi\u015fi a\u00e7\u0131s\u0131ndan sa\u011fl\u0131kl\u0131 olmad\u0131\u011f\u0131n\u0131 savundu.<\/p>\n\n\n\n<p class=\"wp-block-paragraph\">\u0130fadesinin sonunda, eski CHP Genel Ba\u015fkan\u0131 Kemal K\u0131l\u0131\u00e7daro\u011flu&#8217;nun &#8220;Belediyeler, genel merkezlerin ve liderlerin taleplerini kar\u015f\u0131layacak yerler de\u011fildir.&#8221; s\u00f6zlerine at\u0131fta bulunan B\u00f6cek, belediyecilik faaliyetlerinin siyasi hedeflerin gerisinde kald\u0131\u011f\u0131n\u0131 ileri s\u00fcrd\u00fc.&nbsp;Antalya Cumhuriyet Ba\u015fsavc\u0131l\u0131\u011f\u0131 koordinesinde y\u00fcr\u00fct\u00fclen soru\u015fturman\u0131n s\u00fcrd\u00fc\u011f\u00fc bildirildi.<\/p>\n","protected":false},"excerpt":{"rendered":"<p>Antalya B\u00fcy\u00fck\u015fehir Belediye Ba\u015fkan\u0131 Muhittin B\u00f6cek, savc\u0131l\u0131k ifadesinde CHP&#8217;deki adayl\u0131k s\u00fcre\u00e7leri ve se\u00e7im finansman\u0131na ili\u015fkin<\/p>\n","protected":false},"author":1,"featured_media":3614,"comment_status":"open","ping_status":"open","sticky":false,"template":"","format":"standard","meta":{"_rtcl_gb_attr":"","footnotes":""},"categories":[1],"tags":[],"class_list":["post-3613","post","type-post","status-publish","format-standard","has-post-thumbnail","hentry","category-http-turkiyemhaber-com-wp-content-uploads-2026-03-saray-59-haber-13-mart-pdf"],"_links":{"self":[{"href":"https:\/\/turkiyemhaber.com\/index.php?rest_route=\/wp\/v2\/posts\/3613","targetHints":{"allow":["GET"]}}],"collection":[{"href":"https:\/\/turkiyemhaber.com\/index.php?rest_route=\/wp\/v2\/posts"}],"about":[{"href":"https:\/\/turkiyemhaber.com\/index.php?rest_route=\/wp\/v2\/types\/post"}],"author":[{"embeddable":true,"href":"https:\/\/turkiyemhaber.com\/index.php?rest_route=\/wp\/v2\/users\/1"}],"replies":[{"embeddable":true,"href":"https:\/\/turkiyemhaber.com\/index.php?rest_route=%2Fwp%2Fv2%2Fcomments&post=3613"}],"version-history":[{"count":1,"href":"https:\/\/turkiyemhaber.com\/index.php?rest_route=\/wp\/v2\/posts\/3613\/revisions"}],"predecessor-version":[{"id":3615,"href":"https:\/\/turkiyemhaber.com\/index.php?rest_route=\/wp\/v2\/posts\/3613\/revisions\/3615"}],"wp:featuredmedia":[{"embeddable":true,"href":"https:\/\/turkiyemhaber.com\/index.php?rest_route=\/wp\/v2\/media\/3614"}],"wp:attachment":[{"href":"https:\/\/turkiyemhaber.com\/index.php?rest_route=%2Fwp%2Fv2%2Fmedia&parent=3613"}],"wp:term":[{"taxonomy":"category","embeddable":true,"href":"https:\/\/turkiyemhaber.com\/index.php?rest_route=%2Fwp%2Fv2%2Fcategories&post=3613"},{"taxonomy":"post_tag","embeddable":true,"href":"https:\/\/turkiyemhaber.com\/index.php?rest_route=%2Fwp%2Fv2%2Ftags&post=3613"}],"curies":[{"name":"wp","href":"https:\/\/api.w.org\/{rel}","templated":true}]}}