{"id":3607,"date":"2026-06-28T09:07:46","date_gmt":"2026-06-28T09:07:46","guid":{"rendered":"https:\/\/turkiyemhaber.com\/?p=3607"},"modified":"2026-06-28T09:07:49","modified_gmt":"2026-06-28T09:07:49","slug":"kafe-ve-restoranlarda-yeni-donem-basliyor-vatandas-artik-ne-yedigini-bilecek","status":"publish","type":"post","link":"https:\/\/turkiyemhaber.com\/?p=3607","title":{"rendered":"Kafe ve restoranlarda yeni d\u00f6nem ba\u015fl\u0131yor! Vatanda\u015f art\u0131k ne yedi\u011fini bilecek"},"content":{"rendered":"\n<p class=\"wp-block-paragraph\">Tar\u0131m ve Orman Bakanl\u0131\u011f\u0131&#8217;n\u0131n yeni d\u00fczenlemesiyle 1 Temmuz&#8217;dan itibaren kafe, restoran, lokanta ve otellerde men\u00fclerde kullan\u0131lan etin hangi hayvana ait oldu\u011fu a\u00e7\u0131k\u00e7a belirtilecek. Ayr\u0131ca \u00fcr\u00fcn i\u00e7erikleri, alerjen bilgileri ile alkol veya domuz t\u00fcrevi bile\u015fenler de men\u00fclerde yer alacak. Kurallara uymayan i\u015fletmelere idari para cezas\u0131 uygulan\u0131rken, kalori bilgilerinin ise en ge\u00e7 31 Aral\u0131k 2027&#8217;ye kadar men\u00fclere eklenmesi gerekecek.<\/p>\n\n\n\n<p class=\"wp-block-paragraph\"><a href=\"https:\/\/www.sondakika.com\/tarim-ve-orman-bakanligi\/\">Tar\u0131m ve Orman Bakanl\u0131\u011f\u0131<\/a>, toplu t\u00fcketim yerlerinde g\u0131da \u015feffafl\u0131\u011f\u0131n\u0131 art\u0131racak yeni uygulamay\u0131 hayata ge\u00e7iriyor. 1 Temmuz itibar\u0131yla y\u00fcr\u00fcrl\u00fc\u011fe girecek d\u00fczenlemeyle birlikte restoran, kafe, lokanta ve otellerde kullan\u0131lan g\u0131dalara ili\u015fkin bilgiler men\u00fclerde ayr\u0131nt\u0131l\u0131 \u015fekilde yer alacak.<\/p>\n\n\n\n<h3 class=\"wp-block-heading\">MEN\u00dcLERDE ET\u0130N K\u00d6KEN\u0130 BEL\u0130RT\u0130LECEK<\/h3>\n\n\n\n<p class=\"wp-block-paragraph\">Yeni d\u00fczenleme kapsam\u0131nda i\u015fletmeler, yemeklerde kullan\u0131lan etin hangi hayvana ait oldu\u011funu a\u00e7\u0131k\u00e7a belirtmek zorunda olacak. Men\u00fclerde yaln\u0131zca &#8220;k\u00f6fte&#8221; veya &#8220;kebap&#8221; ifadeleri yeterli say\u0131lmayacak. Sabah&#8217;ta yer alan habere g\u00f6re \u00fcr\u00fcn\u00fcn dana, kuzu ya da kanatl\u0131 hayvan eti i\u00e7erdi\u011fi a\u00e7\u0131k \u015fekilde yaz\u0131lacak.<\/p>\n\n\n\n<p class=\"wp-block-paragraph\">Ayr\u0131ca men\u00fclerde \u00fcr\u00fcn\u00fcn temel bile\u015fenleri, hammaddeleri, alerjen i\u00e7erikleri ile alkol veya domuz t\u00fcrevi bile\u015fen bulunup bulunmad\u0131\u011f\u0131na ili\u015fkin bilgiler de yer alacak.<\/p>\n\n\n\n<h3 class=\"wp-block-heading\">KALOR\u0130 B\u0130LG\u0130S\u0130 DE EKLENECEK<\/h3>\n\n\n\n<p class=\"wp-block-paragraph\">D\u00fczenleme kapsam\u0131nda yemeklerin kalori miktar\u0131 da men\u00fclerde g\u00f6sterilecek. \u0130\u015fletmelere bu y\u00fck\u00fcml\u00fcl\u00fck i\u00e7in ge\u00e7i\u015f s\u00fcresi tan\u0131n\u0131rken, kalori bilgilerinin en ge\u00e7 31 Aral\u0131k 2027&#8217;ye kadar men\u00fclere eklenmesi gerekecek.<\/p>\n\n\n\n<p class=\"wp-block-paragraph\">\u0130\u015fletmeler zorunlu bilgileri bas\u0131l\u0131 men\u00fc, yaz\u0131 tahtas\u0131, bro\u015f\u00fcr, dijital ekran veya QR kod sistemiyle t\u00fcketicilere sunabilecek. QR kod kullanan i\u015fletmelerin ise m\u00fc\u015fterileri bu sisteme y\u00f6nlendiren a\u00e7\u0131k bilgilendirme yapmas\u0131 zorunlu olacak.<\/p>\n\n\n\n<h3 class=\"wp-block-heading\">DENET\u0130MLER 1 TEMMUZ&#8217;DA BA\u015eLIYOR<\/h3>\n\n\n\n<p class=\"wp-block-paragraph\">Yeni y\u00f6netmeli\u011fin y\u00fcr\u00fcrl\u00fc\u011fe girmesiyle birlikte Tar\u0131m ve Orman Bakanl\u0131\u011f\u0131&#8217;n\u0131n il ve il\u00e7e m\u00fcd\u00fcrl\u00fcklerinde g\u00f6rev yapan g\u0131da denet\u00e7ileri sahada denetimlere ba\u015flayacak.<\/p>\n\n\n\n<p class=\"wp-block-paragraph\">Men\u00fclerinde etin k\u00f6kenini belirtmeyen veya zorunlu bilgileri eksik sunan i\u015fletmelere idari para cezas\u0131 uygulanacak. \u0130\u015fletmelerin herhangi bir yapt\u0131r\u0131mla kar\u015f\u0131la\u015fmamak i\u00e7in 1 Temmuz&#8217;a kadar men\u00fclerini yeni d\u00fczenlemeye uygun hale getirmesi gerekiyor.<\/p>\n","protected":false},"excerpt":{"rendered":"<p>Tar\u0131m ve Orman Bakanl\u0131\u011f\u0131&#8217;n\u0131n yeni d\u00fczenlemesiyle 1 Temmuz&#8217;dan itibaren kafe, restoran, lokanta ve otellerde men\u00fclerde<\/p>\n","protected":false},"author":1,"featured_media":3608,"comment_status":"open","ping_status":"open","sticky":false,"template":"","format":"standard","meta":{"_rtcl_gb_attr":"","footnotes":""},"categories":[1],"tags":[],"class_list":["post-3607","post","type-post","status-publish","format-standard","has-post-thumbnail","hentry","category-http-turkiyemhaber-com-wp-content-uploads-2026-03-saray-59-haber-13-mart-pdf"],"_links":{"self":[{"href":"https:\/\/turkiyemhaber.com\/index.php?rest_route=\/wp\/v2\/posts\/3607","targetHints":{"allow":["GET"]}}],"collection":[{"href":"https:\/\/turkiyemhaber.com\/index.php?rest_route=\/wp\/v2\/posts"}],"about":[{"href":"https:\/\/turkiyemhaber.com\/index.php?rest_route=\/wp\/v2\/types\/post"}],"author":[{"embeddable":true,"href":"https:\/\/turkiyemhaber.com\/index.php?rest_route=\/wp\/v2\/users\/1"}],"replies":[{"embeddable":true,"href":"https:\/\/turkiyemhaber.com\/index.php?rest_route=%2Fwp%2Fv2%2Fcomments&post=3607"}],"version-history":[{"count":1,"href":"https:\/\/turkiyemhaber.com\/index.php?rest_route=\/wp\/v2\/posts\/3607\/revisions"}],"predecessor-version":[{"id":3609,"href":"https:\/\/turkiyemhaber.com\/index.php?rest_route=\/wp\/v2\/posts\/3607\/revisions\/3609"}],"wp:featuredmedia":[{"embeddable":true,"href":"https:\/\/turkiyemhaber.com\/index.php?rest_route=\/wp\/v2\/media\/3608"}],"wp:attachment":[{"href":"https:\/\/turkiyemhaber.com\/index.php?rest_route=%2Fwp%2Fv2%2Fmedia&parent=3607"}],"wp:term":[{"taxonomy":"category","embeddable":true,"href":"https:\/\/turkiyemhaber.com\/index.php?rest_route=%2Fwp%2Fv2%2Fcategories&post=3607"},{"taxonomy":"post_tag","embeddable":true,"href":"https:\/\/turkiyemhaber.com\/index.php?rest_route=%2Fwp%2Fv2%2Ftags&post=3607"}],"curies":[{"name":"wp","href":"https:\/\/api.w.org\/{rel}","templated":true}]}}