{"id":3601,"date":"2026-06-27T23:05:38","date_gmt":"2026-06-27T23:05:38","guid":{"rendered":"https:\/\/turkiyemhaber.com\/?p=3601"},"modified":"2026-06-27T23:05:42","modified_gmt":"2026-06-27T23:05:42","slug":"kurultay-sorusturmasinda-tutuklanan-eski-chp-erzurum-il-baskani-suat-dulgerden-ozgur-ozel-yonetimine-sitem-aileme-bir-telefon-bile-acmadilar","status":"publish","type":"post","link":"https:\/\/turkiyemhaber.com\/?p=3601","title":{"rendered":"Kurultay soru\u015fturmas\u0131nda tutuklanan eski CHP Erzurum \u0130l Ba\u015fkan\u0131 Suat D\u00fclger\u2019den \u00d6zg\u00fcr \u00d6zel y\u00f6netimine sitem: Aileme bir telefon bile a\u00e7mad\u0131lar"},"content":{"rendered":"\n<p class=\"wp-block-paragraph\">\u0130stanbul Cumhuriyet Ba\u015fsavc\u0131l\u0131\u011f\u0131nca CHP&#8217;nin 38. Ola\u011fan Kurultay\u0131&#8217;nda delegelerin oy kullanma iradesine m\u00fcdahale edildi\u011fi iddialar\u0131na ili\u015fkin y\u00fcr\u00fct\u00fclen soru\u015fturmada tutuklanan CHP\u2019nin eski Erzurum \u0130l Ba\u015fkan\u0131 Suat D\u00fclger, \u00d6zg\u00fcr \u00d6zel y\u00f6netimine sitem ederek, &#8220;B\u0131rak\u0131n beni ziyarete gelmeyi, aileme bir &#8216;ge\u00e7mi\u015f olsun&#8217; telefonu bile a\u00e7an olmad\u0131&#8221; dedi.<\/p>\n\n\n\n<p class=\"wp-block-paragraph\">CHP&#8217;nin 38. Ola\u011fan Kurultay\u0131&#8217;na ili\u015fkin y\u00fcr\u00fct\u00fclen soru\u015fturmada tutuklanan CHP\u2019nin eski&nbsp;<a href=\"https:\/\/www.sondakika.com\/erzurum\/\">Erzurum<\/a>&nbsp;\u0130l Ba\u015fkan\u0131 Suat D\u00fclger,&nbsp;<a href=\"https:\/\/www.sondakika.com\/ozgur-ozel\/\">\u00d6zg\u00fcr \u00d6zel<\/a>&nbsp;y\u00f6netimine y\u00f6nelik sitem dolu bir a\u00e7\u0131klamada bulundu.<\/p>\n\n\n\n<h3 class=\"wp-block-heading\">\u201cBIRAKIN BEN\u0130 Z\u0130YARETE GELMEY\u0130, A\u0130LEME B\u0130R &#8216;GE\u00c7M\u0130\u015e OLSUN&#8217; TELEFONU B\u0130LE A\u00c7AN OLMADI\u201d<\/h3>\n\n\n\n<p class=\"wp-block-paragraph\">Kurultay s\u00fcrecinde \u00d6zg\u00fcr \u00d6zel ve ekibinin ba\u015flatt\u0131\u011f\u0131 \u2018de\u011fi\u015fim\u2019 hareketine destek veren isimlerden biri oldu\u011funu hat\u0131rlatan D\u00fclger, cezaevinden g\u00f6nderdi\u011fi mesajda mevcut Merkez Y\u00f6netim Kurulu (MYK), Parti Meclisi (PM) ve milletvekillerini vefas\u0131zl\u0131kla su\u00e7lad\u0131.<\/p>\n\n\n\n<p class=\"wp-block-paragraph\">Parti y\u00f6netimine kar\u015f\u0131 k\u0131rg\u0131nl\u0131\u011f\u0131n\u0131 gizlemeyen D\u00fclger, &#8220;Destekledi\u011fim i\u00e7in hapse at\u0131ld\u0131\u011f\u0131m CHP de\u011fi\u015fim MYK\u2019s\u0131, PM\u2019si ve milletvekilleri i\u00e7inde pek \u00e7ok dostum oldu\u011fu halde b\u0131rak\u0131n beni ziyarete gelmeyi, aileme bir &#8216;ge\u00e7mi\u015f olsun&#8217; telefonu bile a\u00e7an olmad\u0131\u201d ifadelerini kulland\u0131.<\/p>\n\n\n\n<p class=\"wp-block-paragraph\"><img decoding=\"async\" alt=\"Suat D\u00fclger ve Ekrem \u0130mamo\u011flu\" src=\"https:\/\/foto.sondakika.com\/haber\/2026\/06\/27\/kurultay-sorusturmasinda-tutuk-19996504-4688_1_m.jpg\">Suat D\u00fclger ve Ekrem \u0130mamo\u011flu<\/p>\n\n\n\n<h3 class=\"wp-block-heading\">NE OLMU\u015eTU?<\/h3>\n\n\n\n<p class=\"wp-block-paragraph\"><a href=\"https:\/\/www.sondakika.com\/istanbul\/\">\u0130stanbul<\/a>&nbsp;Cumhuriyet Ba\u015fsavc\u0131l\u0131\u011f\u0131nca CHP&#8217;nin 38. Ola\u011fan Kurultay\u0131&#8217;nda delegelerin oy kullanma iradesine m\u00fcdahale edildi\u011fi iddialar\u0131na ili\u015fkin y\u00fcr\u00fct\u00fclen soru\u015fturmada g\u00f6zalt\u0131na al\u0131nan 13 \u015f\u00fcpheliden, aralar\u0131nda Suat D\u00fclger\u2019in de bulundu\u011fu 9&#8217;u 23 May\u0131s tarihinde tutuklanm\u0131\u015ft\u0131. 4 \u015f\u00fcpheli hakk\u0131nda ise adli kontrol tedbirine h\u00fckmedilmi\u015fti.<\/p>\n\n\n\n<p class=\"wp-block-paragraph\">Savc\u0131l\u0131\u011f\u0131n sevk yaz\u0131s\u0131nda, \u015f\u00fcphelilerin CHP&#8217;de 38. kurultay d\u00f6neminde &#8220;delege&#8221; ile &#8220;il\u00e7e ba\u015fkan\u0131&#8221; gibi s\u0131fatlar ta\u015f\u0131d\u0131klar\u0131 ifade edilmi\u015fti. Dosyada yer alan beyanlara g\u00f6re, \u015f\u00fcphelilerin kurultaydaki oy tercihlerini elde ettikleri menfaate g\u00f6re belirledikleri, bu kapsamda baz\u0131lar\u0131n\u0131n belediyeden ihale ald\u0131\u011f\u0131, baz\u0131lar\u0131n\u0131n akrabalar\u0131n\u0131n belediyelerde i\u015fe yerle\u015ftirildi\u011fi, baz\u0131lar\u0131na ise nakit para verildi\u011fine ili\u015fkin tespitler kar\u015f\u0131s\u0131nda \u015f\u00fcphelilerin &#8220;Siyasi Partiler Kanunu&#8217;na muhalefet&#8221; su\u00e7unu i\u015fledikleri hususunda somut delillere dayal\u0131 kuvvetli su\u00e7 \u015f\u00fcphesi bulundu\u011fu belirtilmi\u015fti.<\/p>\n","protected":false},"excerpt":{"rendered":"<p>\u0130stanbul Cumhuriyet Ba\u015fsavc\u0131l\u0131\u011f\u0131nca CHP&#8217;nin 38. Ola\u011fan Kurultay\u0131&#8217;nda delegelerin oy kullanma iradesine m\u00fcdahale edildi\u011fi iddialar\u0131na ili\u015fkin<\/p>\n","protected":false},"author":1,"featured_media":3602,"comment_status":"open","ping_status":"open","sticky":false,"template":"","format":"standard","meta":{"_rtcl_gb_attr":"","footnotes":""},"categories":[44],"tags":[],"class_list":["post-3601","post","type-post","status-publish","format-standard","has-post-thumbnail","hentry","category-politika"],"_links":{"self":[{"href":"https:\/\/turkiyemhaber.com\/index.php?rest_route=\/wp\/v2\/posts\/3601","targetHints":{"allow":["GET"]}}],"collection":[{"href":"https:\/\/turkiyemhaber.com\/index.php?rest_route=\/wp\/v2\/posts"}],"about":[{"href":"https:\/\/turkiyemhaber.com\/index.php?rest_route=\/wp\/v2\/types\/post"}],"author":[{"embeddable":true,"href":"https:\/\/turkiyemhaber.com\/index.php?rest_route=\/wp\/v2\/users\/1"}],"replies":[{"embeddable":true,"href":"https:\/\/turkiyemhaber.com\/index.php?rest_route=%2Fwp%2Fv2%2Fcomments&post=3601"}],"version-history":[{"count":1,"href":"https:\/\/turkiyemhaber.com\/index.php?rest_route=\/wp\/v2\/posts\/3601\/revisions"}],"predecessor-version":[{"id":3603,"href":"https:\/\/turkiyemhaber.com\/index.php?rest_route=\/wp\/v2\/posts\/3601\/revisions\/3603"}],"wp:featuredmedia":[{"embeddable":true,"href":"https:\/\/turkiyemhaber.com\/index.php?rest_route=\/wp\/v2\/media\/3602"}],"wp:attachment":[{"href":"https:\/\/turkiyemhaber.com\/index.php?rest_route=%2Fwp%2Fv2%2Fmedia&parent=3601"}],"wp:term":[{"taxonomy":"category","embeddable":true,"href":"https:\/\/turkiyemhaber.com\/index.php?rest_route=%2Fwp%2Fv2%2Fcategories&post=3601"},{"taxonomy":"post_tag","embeddable":true,"href":"https:\/\/turkiyemhaber.com\/index.php?rest_route=%2Fwp%2Fv2%2Ftags&post=3601"}],"curies":[{"name":"wp","href":"https:\/\/api.w.org\/{rel}","templated":true}]}}