{"id":3598,"date":"2026-06-27T23:02:10","date_gmt":"2026-06-27T23:02:10","guid":{"rendered":"https:\/\/turkiyemhaber.com\/?p=3598"},"modified":"2026-06-27T23:02:14","modified_gmt":"2026-06-27T23:02:14","slug":"malatyada-emniyetin-frekanslarini-dinledikleri-iddia-edilen-6-kisi-yakalandi","status":"publish","type":"post","link":"https:\/\/turkiyemhaber.com\/?p=3598","title":{"rendered":"Malatya&#8217;da emniyetin frekanslar\u0131n\u0131 dinledikleri iddia edilen 6 ki\u015fi yakaland\u0131"},"content":{"rendered":"\n<p class=\"wp-block-paragraph\">Malatya&#8217;da emniyet te\u015fkilat\u0131na ait haberle\u015fme frekanslar\u0131n\u0131 amat\u00f6r telsizlerle dinledikleri ve kendilerini emniyet personeli gibi tan\u0131tt\u0131klar\u0131 iddia edilen 6 \u015f\u00fcpheli, d\u00fczenlenen operasyonla yakaland\u0131. Operasyonda ruhsats\u0131z tabanca, \u00e7ok say\u0131da telsiz ve frekans cihaz\u0131 ele ge\u00e7irildi.<\/p>\n\n\n\n<p class=\"wp-block-paragraph\"><a href=\"https:\/\/www.sondakika.com\/malatya\/\">Malatya<\/a>&#8216;da, emniyet te\u015fkilat\u0131na ait haberle\u015fme frekanslar\u0131n\u0131 amat\u00f6r telsizlerle dinledikleri ve kamuya a\u00e7\u0131k alanlarda kendilerini emniyet personeli gibi tan\u0131tt\u0131klar\u0131 iddia edilen 6 \u015f\u00fcpheli yakaland\u0131.<\/p>\n\n\n\n<h3 class=\"wp-block-heading\">POL\u0130S TELS\u0130ZLER\u0130N\u0130 D\u0130NLED\u0130LER<\/h3>\n\n\n\n<p class=\"wp-block-paragraph\">\u0130l Emniyet M\u00fcd\u00fcrl\u00fc\u011f\u00fcnden yap\u0131lan yaz\u0131l\u0131 a\u00e7\u0131klamaya g\u00f6re, Asayi\u015f \u015eube M\u00fcd\u00fcrl\u00fc\u011f\u00fc ekiplerince y\u00fcr\u00fct\u00fclen \u00e7al\u0131\u015fma kapsam\u0131nda, baz\u0131 ki\u015filerin amat\u00f6r telsizler arac\u0131l\u0131\u011f\u0131yla emniyet te\u015fkilat\u0131na ait haberle\u015fme frekanslar\u0131n\u0131 dinledikleri ve kamuya a\u00e7\u0131k alanlarda emniyet personeli olduklar\u0131 y\u00f6n\u00fcnde alg\u0131 olu\u015fturmaya \u00e7al\u0131\u015ft\u0131klar\u0131 tespit edildi.<\/p>\n\n\n\n<h3 class=\"wp-block-heading\">6 K\u0130\u015e\u0130 YAKALANDI<\/h3>\n\n\n\n<p class=\"wp-block-paragraph\">Belirlenen adreslere operasyon d\u00fczenleyen ekipler, ruhsats\u0131z 2 tabanca, 70 fi\u015fek, 50 el telsizi, 15 masa tipi telsiz, 5 telsiz frekans ayar cihaz\u0131 ile 1 mors alfabesi cihaz\u0131 ele ge\u00e7irdi, 6 \u015f\u00fcpheliyi yakalad\u0131.<\/p>\n\n\n\n<p class=\"wp-block-paragraph\">\u015e\u00fcpheliler hakk\u0131nda &#8220;5809 Say\u0131l\u0131 Elektronik Haberle\u015fme Kanunu&#8217;na Muhalefet&#8221; ve ilgili mevzuat kapsam\u0131nda adli i\u015flem ba\u015flat\u0131ld\u0131.<\/p>\n","protected":false},"excerpt":{"rendered":"<p>Malatya&#8217;da emniyet te\u015fkilat\u0131na ait haberle\u015fme frekanslar\u0131n\u0131 amat\u00f6r telsizlerle dinledikleri ve kendilerini emniyet personeli gibi tan\u0131tt\u0131klar\u0131<\/p>\n","protected":false},"author":1,"featured_media":3599,"comment_status":"open","ping_status":"open","sticky":false,"template":"","format":"standard","meta":{"_rtcl_gb_attr":"","footnotes":""},"categories":[1],"tags":[],"class_list":["post-3598","post","type-post","status-publish","format-standard","has-post-thumbnail","hentry","category-http-turkiyemhaber-com-wp-content-uploads-2026-03-saray-59-haber-13-mart-pdf"],"_links":{"self":[{"href":"https:\/\/turkiyemhaber.com\/index.php?rest_route=\/wp\/v2\/posts\/3598","targetHints":{"allow":["GET"]}}],"collection":[{"href":"https:\/\/turkiyemhaber.com\/index.php?rest_route=\/wp\/v2\/posts"}],"about":[{"href":"https:\/\/turkiyemhaber.com\/index.php?rest_route=\/wp\/v2\/types\/post"}],"author":[{"embeddable":true,"href":"https:\/\/turkiyemhaber.com\/index.php?rest_route=\/wp\/v2\/users\/1"}],"replies":[{"embeddable":true,"href":"https:\/\/turkiyemhaber.com\/index.php?rest_route=%2Fwp%2Fv2%2Fcomments&post=3598"}],"version-history":[{"count":1,"href":"https:\/\/turkiyemhaber.com\/index.php?rest_route=\/wp\/v2\/posts\/3598\/revisions"}],"predecessor-version":[{"id":3600,"href":"https:\/\/turkiyemhaber.com\/index.php?rest_route=\/wp\/v2\/posts\/3598\/revisions\/3600"}],"wp:featuredmedia":[{"embeddable":true,"href":"https:\/\/turkiyemhaber.com\/index.php?rest_route=\/wp\/v2\/media\/3599"}],"wp:attachment":[{"href":"https:\/\/turkiyemhaber.com\/index.php?rest_route=%2Fwp%2Fv2%2Fmedia&parent=3598"}],"wp:term":[{"taxonomy":"category","embeddable":true,"href":"https:\/\/turkiyemhaber.com\/index.php?rest_route=%2Fwp%2Fv2%2Fcategories&post=3598"},{"taxonomy":"post_tag","embeddable":true,"href":"https:\/\/turkiyemhaber.com\/index.php?rest_route=%2Fwp%2Fv2%2Ftags&post=3598"}],"curies":[{"name":"wp","href":"https:\/\/api.w.org\/{rel}","templated":true}]}}