{"id":3595,"date":"2026-06-27T22:59:00","date_gmt":"2026-06-27T22:59:00","guid":{"rendered":"https:\/\/turkiyemhaber.com\/?p=3595"},"modified":"2026-06-27T22:59:04","modified_gmt":"2026-06-27T22:59:04","slug":"suriyeli-geri-donus-verileri-aciklandi","status":"publish","type":"post","link":"https:\/\/turkiyemhaber.com\/?p=3595","title":{"rendered":"Suriyeli Geri D\u00f6n\u00fc\u015f Verileri A\u00e7\u0131kland\u0131"},"content":{"rendered":"\n<p class=\"wp-block-paragraph\">\u0130\u00e7i\u015fleri Bakanl\u0131\u011f\u0131 G\u00f6\u00e7 \u0130daresi Ba\u015fkanl\u0131\u011f\u0131, T\u00fcrkiye&#8217;den Suriye&#8217;ye g\u00f6n\u00fcll\u00fc d\u00f6n\u00fc\u015f yapan ge\u00e7ici koruma stat\u00fcs\u00fc alt\u0131ndaki\u00a0Suriyelilere ili\u015fkin iddialar\u0131n\u0131n ger\u00e7e\u011fi yans\u0131tmad\u0131\u011f\u0131n\u0131 bildirdi. Ba\u015fkanl\u0131ktan yap\u0131lan a\u00e7\u0131klamada, &#8220;2016 y\u0131l\u0131ndan bug\u00fcne kadar g\u00f6n\u00fcll\u00fc geri d\u00f6n\u00fc\u015f yapanlar\u0131n toplam say\u0131s\u0131 1 milyon 440 bin 123, 8 Aral\u0131k 2024 tarihinden itibaren g\u00f6n\u00fcll\u00fc, g\u00fcvenli, onurlu ve d\u00fczenli \u015fekilde geri d\u00f6nenlerin say\u0131s\u0131 ise 700 bin 120&#8217;dir&#8221; ifadelerine yer verildi.<\/p>\n\n\n\n<p class=\"wp-block-paragraph\"><a href=\"https:\/\/www.sondakika.com\/icisleri-bakanligi\/\">\u0130\u00e7i\u015fleri Bakanl\u0131\u011f\u0131<\/a>&nbsp;G\u00f6\u00e7 \u0130daresi Ba\u015fkanl\u0131\u011f\u0131,&nbsp;<a href=\"https:\/\/www.sondakika.com\/turkiye\/\">T\u00fcrkiye<\/a>&#8216;den&nbsp;<a href=\"https:\/\/www.sondakika.com\/suriye\/\">Suriye<\/a>&#8216;ye g\u00f6n\u00fcll\u00fc d\u00f6n\u00fc\u015f yapan ge\u00e7ici koruma stat\u00fcs\u00fc alt\u0131ndaki&nbsp;Suriyelilere ili\u015fkin iddialar\u0131n\u0131n ger\u00e7e\u011fi yans\u0131tmad\u0131\u011f\u0131n\u0131 bildirdi.<\/p>\n\n\n\n<h3 class=\"wp-block-heading\">\u201c2 M\u0130LYON 255 B\u0130N 317 SUR\u0130YEL\u0130 GE\u00c7\u0130C\u0130 KORUMA STAT\u00dcS\u00dc ALTINDA\u201d<\/h3>\n\n\n\n<p class=\"wp-block-paragraph\">Ba\u015fkanl\u0131ktan yap\u0131lan a\u00e7\u0131klamada, ge\u00e7ici koruma alt\u0131ndaki&nbsp;Suriyelilerin \u00fclkelerine d\u00f6n\u00fc\u015flerine ili\u015fkin iddialar\u0131n\u0131n as\u0131ls\u0131z oldu\u011fu ve kamuoyunun do\u011fru bilgilendirilmesinin zorunlu hale geldi\u011fi belirtildi.<\/p>\n\n\n\n<p class=\"wp-block-paragraph\">\u0130\u00e7i\u015fleri Bakan\u0131 Mustafa \u00c7ift\u00e7i&#8217;nin a\u00e7\u0131klad\u0131\u011f\u0131 rakam\u0131n, 2016&#8217;dan bug\u00fcne kadar g\u00f6n\u00fcll\u00fc olarak Suriye&#8217;ye d\u00f6nen&nbsp;Suriyelilerin toplam say\u0131s\u0131n\u0131 ifade etti\u011fi kaydedildi.<\/p>\n\n\n\n<p class=\"wp-block-paragraph\">T\u00fcrkiye&#8217;nin \u015eam B\u00fcy\u00fckel\u00e7isi Nuh Y\u0131lmaz&#8217;\u0131n payla\u015ft\u0131\u011f\u0131 say\u0131n\u0131n ise yaln\u0131zca 8&nbsp;<a href=\"https:\/\/www.sondakika.com\/aralik\/\">Aral\u0131k<\/a>&nbsp;2024 tarihinden itibaren g\u00f6n\u00fcll\u00fc, g\u00fcvenli, onurlu ve d\u00fczenli \u015fekilde geri d\u00f6n\u00fc\u015f yapanlara ili\u015fkin oldu\u011fu aktar\u0131ld\u0131.<\/p>\n\n\n\n<p class=\"wp-block-paragraph\">G\u00f6\u00e7 \u0130daresi Ba\u015fkanl\u0131\u011f\u0131n\u0131n, T\u00fcrkiye&#8217;de bulunan ge\u00e7ici koruma stat\u00fcs\u00fc alt\u0131ndaki&nbsp;Suriyelilere ili\u015fkin verileri haftal\u0131k olarak resmi internet sitesi \u00fczerinden kamuoyuyla \u015feffaf \u015fekilde payla\u015ft\u0131\u011f\u0131 vurgulanan a\u00e7\u0131klamada, g\u00fcncel kay\u0131tlara g\u00f6re \u00fclkede ge\u00e7ici koruma stat\u00fcs\u00fc alt\u0131nda bulunan&nbsp;Suriyeli&nbsp;say\u0131s\u0131n\u0131n 2 milyon 255 bin 317 oldu\u011fu bildirildi.<\/p>\n\n\n\n<h3 class=\"wp-block-heading\">\u201cG\u00d6N\u00dcLL\u00dc GER\u0130 D\u00d6N\u00dc\u015e YAPANLARIN TOPLAM SAYISI 1 M\u0130LYON 440 B\u0130N 123\u2019E ULA\u015eTI\u201d<\/h3>\n\n\n\n<p class=\"wp-block-paragraph\">A\u00e7\u0131klamada, \u015funlar kaydedildi: &#8220;2016 y\u0131l\u0131ndan bug\u00fcne kadar g\u00f6n\u00fcll\u00fc geri d\u00f6n\u00fc\u015f yapanlar\u0131n toplam say\u0131s\u0131 1 milyon 440 bin 123, 8 Aral\u0131k 2024 tarihinden itibaren g\u00f6n\u00fcll\u00fc, g\u00fcvenli, onurlu ve d\u00fczenli \u015fekilde geri d\u00f6nenlerin say\u0131s\u0131 ise 700 bin 120&#8217;dir. Kamuoyunun, resmi verilerle \u00f6rt\u00fc\u015fmeyen ve kurumlar\u0131m\u0131z\u0131 hedef alan bu t\u00fcr as\u0131ls\u0131z iddialara itibar etmemesi \u00f6nemle rica olunur.&nbsp;Suriyelilerin g\u00f6n\u00fcll\u00fc, g\u00fcvenli, onurlu ve d\u00fczenli geri d\u00f6n\u00fc\u015f s\u00fcre\u00e7leri devlet ciddiyeti ve uluslararas\u0131 hukuk \u00e7er\u00e7evesinde y\u00fcr\u00fct\u00fclmektedir. Bu d\u00f6n\u00fc\u015fler, Birle\u015fmi\u015f Milletler M\u00fclteciler Y\u00fcksek Komiserli\u011fi g\u00f6zetiminde ger\u00e7ekle\u015ftirilmektedir.&#8221;<\/p>\n","protected":false},"excerpt":{"rendered":"<p>\u0130\u00e7i\u015fleri Bakanl\u0131\u011f\u0131 G\u00f6\u00e7 \u0130daresi Ba\u015fkanl\u0131\u011f\u0131, T\u00fcrkiye&#8217;den Suriye&#8217;ye g\u00f6n\u00fcll\u00fc d\u00f6n\u00fc\u015f yapan ge\u00e7ici koruma stat\u00fcs\u00fc alt\u0131ndaki\u00a0Suriyelilere ili\u015fkin<\/p>\n","protected":false},"author":1,"featured_media":3596,"comment_status":"open","ping_status":"open","sticky":false,"template":"","format":"standard","meta":{"_rtcl_gb_attr":"","footnotes":""},"categories":[1],"tags":[],"class_list":["post-3595","post","type-post","status-publish","format-standard","has-post-thumbnail","hentry","category-http-turkiyemhaber-com-wp-content-uploads-2026-03-saray-59-haber-13-mart-pdf"],"_links":{"self":[{"href":"https:\/\/turkiyemhaber.com\/index.php?rest_route=\/wp\/v2\/posts\/3595","targetHints":{"allow":["GET"]}}],"collection":[{"href":"https:\/\/turkiyemhaber.com\/index.php?rest_route=\/wp\/v2\/posts"}],"about":[{"href":"https:\/\/turkiyemhaber.com\/index.php?rest_route=\/wp\/v2\/types\/post"}],"author":[{"embeddable":true,"href":"https:\/\/turkiyemhaber.com\/index.php?rest_route=\/wp\/v2\/users\/1"}],"replies":[{"embeddable":true,"href":"https:\/\/turkiyemhaber.com\/index.php?rest_route=%2Fwp%2Fv2%2Fcomments&post=3595"}],"version-history":[{"count":1,"href":"https:\/\/turkiyemhaber.com\/index.php?rest_route=\/wp\/v2\/posts\/3595\/revisions"}],"predecessor-version":[{"id":3597,"href":"https:\/\/turkiyemhaber.com\/index.php?rest_route=\/wp\/v2\/posts\/3595\/revisions\/3597"}],"wp:featuredmedia":[{"embeddable":true,"href":"https:\/\/turkiyemhaber.com\/index.php?rest_route=\/wp\/v2\/media\/3596"}],"wp:attachment":[{"href":"https:\/\/turkiyemhaber.com\/index.php?rest_route=%2Fwp%2Fv2%2Fmedia&parent=3595"}],"wp:term":[{"taxonomy":"category","embeddable":true,"href":"https:\/\/turkiyemhaber.com\/index.php?rest_route=%2Fwp%2Fv2%2Fcategories&post=3595"},{"taxonomy":"post_tag","embeddable":true,"href":"https:\/\/turkiyemhaber.com\/index.php?rest_route=%2Fwp%2Fv2%2Ftags&post=3595"}],"curies":[{"name":"wp","href":"https:\/\/api.w.org\/{rel}","templated":true}]}}