{"id":3592,"date":"2026-06-27T22:55:59","date_gmt":"2026-06-27T22:55:59","guid":{"rendered":"https:\/\/turkiyemhaber.com\/?p=3592"},"modified":"2026-06-27T22:56:03","modified_gmt":"2026-06-27T22:56:03","slug":"julide-kural-27-yillik-hayat-arkadasi-kadir-inanirin-son-anina-kadar-yanindaydi","status":"publish","type":"post","link":"https:\/\/turkiyemhaber.com\/?p=3592","title":{"rendered":"J\u00fclide Kural, 27 y\u0131ll\u0131k hayat arkada\u015f\u0131 Kadir \u0130nan\u0131r&#8217;\u0131n son an\u0131na kadar yan\u0131ndayd\u0131"},"content":{"rendered":"\n<p class=\"wp-block-paragraph\">Ye\u015fil\u00e7am&#8217;\u0131n usta oyuncusu Kadir \u0130nan\u0131r&#8217;\u0131n 77 ya\u015f\u0131nda hayat\u0131n\u0131 kaybetmesinin ard\u0131ndan g\u00f6zler, 27 y\u0131ld\u0131r hayat\u0131n\u0131 payla\u015ft\u0131\u011f\u0131 oyuncu ve y\u00f6netmen J\u00fclide Kural&#8217;a \u00e7evrildi. \u0130nan\u0131r&#8217;\u0131n ge\u00e7irdi\u011fi t\u00fcm sa\u011fl\u0131k sorunlar\u0131nda ve tedavi s\u00fcre\u00e7lerinde yan\u0131ndan ayr\u0131lmayan Kural&#8217;\u0131n y\u0131llar \u00f6nce Kadir \u0130nan\u0131r ile ilgili s\u00f6yledi\u011fi s\u00f6zler yeniden g\u00fcndem oldu.<\/p>\n\n\n\n<p class=\"wp-block-paragraph\">Ye\u015fil\u00e7am&#8217;\u0131n usta oyuncular\u0131ndan&nbsp;<a href=\"https:\/\/www.sondakika.com\/kadir-inanir\/\">Kadir \u0130nan\u0131r<\/a>, zat\u00fcrre nedeniyle tedavi g\u00f6rd\u00fc\u011f\u00fc hastanede \u00e7oklu organ yetmezli\u011fi sonucu 77 ya\u015f\u0131nda ya\u015fam\u0131n\u0131 yitirdi. Usta sanat\u00e7\u0131n\u0131n vefat\u0131 sanat d\u00fcnyas\u0131n\u0131 ve sevenlerini yasa bo\u011farken, 1999 y\u0131l\u0131ndan bu yana hayat arkada\u015f\u0131 olan oyuncu ve y\u00f6netmen&nbsp;<a href=\"https:\/\/www.sondakika.com\/julide-kural\/\">J\u00fclide Kural<\/a>&nbsp;merak edilmeye ba\u015fland\u0131.<\/p>\n\n\n\n<figure class=\"wp-block-image\"><img decoding=\"async\" src=\"https:\/\/foto.sondakika.com\/haber\/2026\/06\/27\/julide-kural-27-yillik-hayat-a-25330567-8845_1_m.jpg\" alt=\"J\u00fclide Kural, 27 y\u0131ll\u0131k hayat arkada\u015f\u0131 Kadir \u0130nan\u0131r'\u0131n son an\u0131na kadar yan\u0131ndayd\u0131\"\/><\/figure>\n\n\n\n<p class=\"wp-block-paragraph\">Kadir \u0130nan\u0131r ile J\u00fclide Kural&#8217;\u0131n yollar\u0131, 1999 y\u0131l\u0131nda birlikte rol ald\u0131klar\u0131 &#8220;B\u00fct\u00fcn \u00c7ocuklar\u0131m&#8221; dizisinin setinde kesi\u015fti. O g\u00fcnden sonra ba\u015flayan birliktelikleri y\u0131llar boyunca devam etti.<\/p>\n\n\n\n<figure class=\"wp-block-image\"><img decoding=\"async\" src=\"https:\/\/foto.sondakika.com\/haber\/2026\/06\/27\/julide-kural-27-yillik-hayat-a-93865474-7069_1_m.jpg\" alt=\"J\u00fclide Kural, 27 y\u0131ll\u0131k hayat arkada\u015f\u0131 Kadir \u0130nan\u0131r'\u0131n son an\u0131na kadar yan\u0131ndayd\u0131\"\/><\/figure>\n\n\n\n<h3 class=\"wp-block-heading\">SON ANINA KADAR HEP YANINDAYDI<\/h3>\n\n\n\n<p class=\"wp-block-paragraph\">J\u00fclide Kural, Kadir \u0130nan\u0131r&#8217;\u0131n ge\u00e7irdi\u011fi operasyonlar ve yo\u011fun bak\u0131m tedavileri boyunca en b\u00fcy\u00fck destek\u00e7isi oldu. Hastane s\u00fcrecinde doktorlardan sa\u011fl\u0131k durumuna ili\u015fkin bilgileri bizzat alan Kural, kamuoyunu da zaman zaman yapt\u0131\u011f\u0131 a\u00e7\u0131klamalarla bilgilendirdi.<\/p>\n\n\n\n<p class=\"wp-block-paragraph\">\u0130nan\u0131r&#8217;\u0131n ya\u015fad\u0131\u011f\u0131 sa\u011fl\u0131k sorunlar\u0131 boyunca bir an olsun yan\u0131ndan ayr\u0131lmayan Kural, 27 y\u0131ll\u0131k birliktelikleri boyunca usta oyuncunun en yak\u0131n destek\u00e7isi olarak \u00f6ne \u00e7\u0131kt\u0131.<\/p>\n\n\n\n<figure class=\"wp-block-image\"><img decoding=\"async\" src=\"https:\/\/foto.sondakika.com\/haber\/2026\/06\/27\/julide-kural-27-yillik-hayat-a-61845821-7641_1_m.jpg\" alt=\"J\u00fclide Kural, 27 y\u0131ll\u0131k hayat arkada\u015f\u0131 Kadir \u0130nan\u0131r'\u0131n son an\u0131na kadar yan\u0131ndayd\u0131\"\/><\/figure>\n\n\n\n<h3 class=\"wp-block-heading\">YILLAR \u00d6NCEK\u0130 S\u00d6ZLER\u0130 YEN\u0130DEN G\u00dcNDEM OLDU<\/h3>\n\n\n\n<p class=\"wp-block-paragraph\">J\u00fclide Kural&#8217;\u0131n y\u0131llar \u00f6nce verdi\u011fi bir r\u00f6portajda Kadir \u0130nan\u0131r i\u00e7in kulland\u0131\u011f\u0131 ifadeler, usta oyuncunun vefat\u0131n\u0131n ard\u0131ndan yeniden g\u00fcndeme geldi.<\/p>\n\n\n\n<p class=\"wp-block-paragraph\">Kural r\u00f6portaj\u0131nda \u015fu s\u00f6zleri dile getirmi\u015fti:<\/p>\n\n\n\n<p class=\"wp-block-paragraph\">&#8220;Kadir \u0130nan\u0131r asla ma\u00e7o de\u011fil. Zeki bir erke\u011fin ma\u00e7oluk kimli\u011fini ta\u015f\u0131yabilece\u011fine inanm\u0131yorum. Kadir Bey de \u00e7ok zeki bir insan. Onda ma\u00e7olu\u011fun m&#8217;si yok. Tabii ki tart\u0131\u015fmalar\u0131m\u0131z oluyordu. Onun kafas\u0131nda bir kad\u0131n feministse \u00e7ok erkeksi olur gibi \u00f6nyarg\u0131lar vard\u0131. Bakt\u0131 ki bu kad\u0131n feminist ama hi\u00e7 erkeksi de\u011fil!<\/p>\n\n\n\n<p class=\"wp-block-paragraph\">En \u00e7ok politika \u00fczerine veya kad\u0131n-erkek ili\u015fkileri \u00fczerine tart\u0131\u015f\u0131yoruz.&nbsp;Bu tart\u0131\u015fmalar\u0131n d\u0131\u015f\u0131nda onun tecr\u00fcbelerinden \u00e7ok yararlan\u0131yorum. Bana dost olarak \u00e7ok yol g\u00f6steriyor. Ben yanl\u0131\u015f oldu mu aniden fevrile\u015febiliyorum. O ise \u00e7ok sakindir. Bu yaln\u0131z bir camia. Herkesin birbirini sevdi\u011fi bir d\u00fcnya de\u011fil. \u0130\u015fte orada sevdi\u011finiz, g\u00fcvendi\u011finiz insan\u0131n oldu\u011funu bilmek \u00e7ok mutluluk verici. En temel \u015fey onun g\u00fcven veren varl\u0131\u011f\u0131. D\u00fcnyan\u0131n bir ucunda da olsam ko\u015fup gelecek 2-3 insandan biridir.&#8221;<\/p>\n\n\n\n<figure class=\"wp-block-image\"><img decoding=\"async\" src=\"https:\/\/foto.sondakika.com\/haber\/2026\/06\/27\/julide-kural-27-yillik-hayat-a-50606660-9942_1_m.jpg\" alt=\"J\u00fclide Kural, 27 y\u0131ll\u0131k hayat arkada\u015f\u0131 Kadir \u0130nan\u0131r'\u0131n son an\u0131na kadar yan\u0131ndayd\u0131\"\/><\/figure>\n\n\n\n<h3 class=\"wp-block-heading\">KAD\u0130R \u0130NANIR VE J\u00dcL\u0130DE KURAL&#8217;IN TANI\u015eMA H\u0130KAYES\u0130<\/h3>\n\n\n\n<p class=\"wp-block-paragraph\">Tam bir feminist olan J\u00fclide Kural, Kadir \u0130nan\u0131r hakk\u0131nda yap\u0131lan &#8220;ma\u00e7o&#8221; yak\u0131\u015ft\u0131rmalar\u0131na inanlardan biri olarak Kadir \u0130nan\u0131r ile tan\u0131\u015fma hikayelerini y\u0131llar \u00f6nce verdi\u011fi bir r\u00f6portajda \u015fu s\u00f6zlerle anlatm\u0131\u015ft\u0131:<\/p>\n\n\n\n<p class=\"wp-block-paragraph\">&#8220;Do\u011frusunu isterseniz ben de ma\u00e7o oldu\u011funu d\u00fc\u015f\u00fcn\u00fcyordum ilk ba\u015fta. Bana &#8216;B\u00fct\u00fcn \u00c7ocuklar\u0131m&#8217; dizisiyle ilgili teklif geldi\u011finde Kadir \u0130nan\u0131r ad\u0131n\u0131 duyunca &#8216;bu dizide oynamam&#8217; dedim yap\u0131mc\u0131ya. Kadir \u0130nan\u0131r da benim ad\u0131m\u0131 duyar duymaz olmaz demi\u015f zaten.&nbsp;<\/p>\n\n\n\n<figure class=\"wp-block-image\"><img decoding=\"async\" src=\"https:\/\/foto.sondakika.com\/haber\/2026\/06\/27\/julide-kural-27-yillik-hayat-a-25778835-1186_1_m.jpg\" alt=\"J\u00fclide Kural, 27 y\u0131ll\u0131k hayat arkada\u015f\u0131 Kadir \u0130nan\u0131r'\u0131n son an\u0131na kadar yan\u0131ndayd\u0131\"\/><\/figure>\n\n\n\n<p class=\"wp-block-paragraph\">Yap\u0131mc\u0131 s\u00fcrekli &#8216;J\u00fclide Han\u0131m, Kadir \u0130nan\u0131r&#8217;\u0131 tan\u0131mal\u0131s\u0131n\u0131z. D\u00fc\u015f\u00fcnd\u00fc\u011f\u00fcn\u00fcz gibi biri de\u011fildir. Ger\u00e7ek Kadir \u0130nan\u0131r&#8217;\u0131n filmlerdeki ile ilgisi yoktur&#8217; diyordu. Ayn\u0131 \u015fekilde ona da \u0131srar ediliyor tabii. Ben o d\u00f6nem tek ki\u015filik bir oyun oynuyordum. Bir ak\u015fam oyunumu seyretmeye Kadir \u0130nan\u0131r geldi. Beni \u00e7ok be\u011fenmi\u015f. \u0130nan\u0131lmaz bir oyuncu, yetenekli bir oyuncu demi\u015f. Ve dizide oynamay\u0131 kabul etmi\u015f. Benim istemedi\u011fimi bilmiyordu. Yap\u0131mc\u0131 ona bir \u015fey s\u00f6ylememi\u015f. Ama beni izlemeye gelmesinden \u00e7ok etkilendim.&nbsp;<\/p>\n\n\n\n<p class=\"wp-block-paragraph\">1-2 g\u00fcn sonra hep birlikte yeme\u011fe \u00e7\u0131kt\u0131k. Bana hayranl\u0131k dolu g\u00f6zlerle bak\u0131yordu. Ondan etkilendim. Ruhundaki insan\u0131 g\u00f6rd\u00fcm. O g\u00fcn s\u00f6yledikleri, ele\u015ftirileri, oyunla ilgili fikirleri beni \u015fa\u015f\u0131rtt\u0131. O yemekte yap\u0131mc\u0131ya dizide oynamay\u0131 kabul etti\u011fimi a\u00e7\u0131klad\u0131m.&nbsp;<\/p>\n\n\n\n<p class=\"wp-block-paragraph\">Do\u011frusunu isterseniz birbirimize \u00e7ok benziyoruz. \u0130kimiz de \u00e7ok titiziz. \u0130\u015f konusunda m\u00fckemmeli isteriz. O dizide \u00e7ok sevildi zaten. Ma\u00e7o, kad\u0131n\u0131 her zaman altta g\u00f6ren, her t\u00fcrl\u00fc \u015fiddeti uygulayabilece\u011fini d\u00fc\u015f\u00fcnen de\u011fer vermeyen ki\u015fidir. Kadir&#8217;de ise bunlar yoktur. Benim kad\u0131n ve insan haklar\u0131 konusundaki m\u00fccadelelerimi en \u00f6nce alk\u0131\u015flayan ve destekleyen ki\u015fidir o&#8221;<\/p>\n\n\n\n<figure class=\"wp-block-image\"><img decoding=\"async\" src=\"https:\/\/foto.sondakika.com\/haber\/2026\/06\/27\/julide-kural-27-yillik-hayat-a-22657233-7694_1_m.jpg\" alt=\"J\u00fclide Kural, 27 y\u0131ll\u0131k hayat arkada\u015f\u0131 Kadir \u0130nan\u0131r'\u0131n son an\u0131na kadar yan\u0131ndayd\u0131\"\/><\/figure>\n\n\n\n<h3 class=\"wp-block-heading\">J\u00dcL\u0130DE KURAL K\u0130MD\u0130R?<\/h3>\n\n\n\n<p class=\"wp-block-paragraph\">J\u00fclide Kural 24 Mart 1965&#8217;te Adana&#8217;da d\u00fcnyaya geldi. \u0130stanbul \u00dcniversitesi Edebiyat Fak\u00fcltesi Felsefe ve \u0130stanbul \u00dcniversitesi Devlet Konservatuvar\u0131 Tiyatro b\u00f6l\u00fcmlerini bitiren sanat\u00e7\u0131, bir s\u00fcre Almanya&#8217;da ya\u015fad\u0131.<\/p>\n\n\n\n<p class=\"wp-block-paragraph\">Ankara Sanat Tiyatrosu, Dostlar Tiyatrosu, Kent Oyuncular\u0131 ve Tiyatro St\u00fcdyosu&#8217;nda oyunculuk yapt\u0131. Televizyonda yay\u0131mlanan S\u00fcper Baba dizisiyle \u00fcne kavu\u015ftu. 2002-2003 Mart ay\u0131nda &#8220;Frida Ya\u015fas\u0131n Hayat&#8221; projesini, kendi kurdu\u011fu Ate\u015f Tiyatrosu adl\u0131 yeni bir kadroyla sergiledi. Kadir \u0130nan\u0131r&#8217;\u0131n hayat arkada\u015f\u0131yd\u0131.<\/p>\n\n\n\n<figure class=\"wp-block-image\"><img decoding=\"async\" src=\"https:\/\/foto.sondakika.com\/haber\/2026\/06\/27\/julide-kural-27-yillik-hayat-a-233fd76530-7370_1_m.jpg\" alt=\"J\u00fclide Kural, 27 y\u0131ll\u0131k hayat arkada\u015f\u0131 Kadir \u0130nan\u0131r'\u0131n son an\u0131na kadar yan\u0131ndayd\u0131\"\/><\/figure>\n\n\n\n<h3 class=\"wp-block-heading\">T\u0130YATRO OYUNLARI<\/h3>\n\n\n\n<ul class=\"wp-block-list\">\n<li>Do\u011fum G\u00fcn\u00fc Partisi : Harold Pinter &#8211; \u0130stanbul \u015eehir Tiyatrosu &#8211; 2011<\/li>\n\n\n\n<li>Bakhalar : Euripides &#8211; \u0130stanbul \u015eehir Tiyatrosu &#8211; 2010<\/li>\n\n\n\n<li>Vi\u015fne Bah\u00e7esi : Anton \u00c7ehov &#8211; \u0130stanbul \u015eehir Tiyatrosu &#8211; 2009<\/li>\n\n\n\n<li>Frida : Beliz G\u00fc\u00e7bilmez &#8211; Tiyatro Ate\u015f &#8211; 2004<\/li>\n\n\n\n<li>\u0130\u00e7imdeki \u00c7\u0131\u011fl\u0131k : Sofokles\\Bertolt Brecht\\Jean Marie Lucien Pierre Anouilh\\Dario Fo\\Anna Seghers\\Ana Frang\\N\u00e2z\u0131m Hikmet\\Zlata Filipovi\u00e7\\Kemal Demirel\\Prosper Merimee\\Ba\u015far Sabuncu &#8211; Dostlar Tiyatrosu &#8211; 1995<\/li>\n\n\n\n<li>Kan Karde\u015fleri : Willy Russell &#8211; Tiyatro St\u00fcdyosu &#8211; 1991<\/li>\n\n\n\n<li>Sevdal\u0131 Bulut : N\u00e2z\u0131m Hikmet &#8211; Dostlar Tiyatrosu &#8211; 1991<\/li>\n\n\n\n<li>Buruk Ezgi : Vaclav Havel &#8211; Dostlar Tiyatrosu &#8211; 1990<\/li>\n\n\n\n<li>Bay Puntilla \u0130le U\u015fa\u011f\u0131 Matti : Bertolt Brecht &#8211; Dostlar Tiyatrosu &#8211; 1987<\/li>\n\n\n\n<li>Asiye Nas\u0131l Kurtulur : Vas\u0131f \u00d6ng\u00f6ren &#8211; Dostlar Tiyatrosu<\/li>\n\n\n\n<li>Taziye : Murathan Mungan &#8211; Ankara Sanat Tiyatrosu &#8211; 1983<\/li>\n<\/ul>\n\n\n\n<h3 class=\"wp-block-heading\">F\u0130LMLER\u0130<\/h3>\n\n\n\n<ul class=\"wp-block-list\">\n<li>\u00c7\u0131nar A\u011fac\u0131 &#8211; 2010<\/li>\n\n\n\n<li>Son Cellat &#8211; 2008<\/li>\n\n\n\n<li>Sessiz \u00d6l\u00fcm &#8211; 2002<\/li>\n\n\n\n<li>Camdan Kalp &#8211; 1990<\/li>\n\n\n\n<li>Yaban G\u00fcl\u00fc<\/li>\n\n\n\n<li>B\u00fct\u00fcn \u00c7ocuklar\u0131m &#8211; 2004<\/li>\n\n\n\n<li>Kur\u015fun Kalem &#8211; 2000<\/li>\n\n\n\n<li>Sayg\u0131lar Bizden &#8211; 1993<\/li>\n\n\n\n<li>S\u00fcper Baba &#8211; 1993<\/li>\n\n\n\n<li>Yaln\u0131zlar &#8211; 1991<\/li>\n\n\n\n<li>\u00c7al\u0131ku\u015fu &#8211; 1986<\/li>\n\n\n\n<li>G\u00f6n\u00fcl Dostlar\u0131 &#8211; 1987<\/li>\n\n\n\n<li>K\u00fc\u00e7\u00fck Mutluluklar<\/li>\n\n\n\n<li>\u015eafak Y\u0131ld\u0131zlar\u0131<\/li>\n\n\n\n<li>U\u011furlugiller &#8211; 1988<\/li>\n\n\n\n<li>Nefes<\/li>\n<\/ul>\n","protected":false},"excerpt":{"rendered":"<p>Ye\u015fil\u00e7am&#8217;\u0131n usta oyuncusu Kadir \u0130nan\u0131r&#8217;\u0131n 77 ya\u015f\u0131nda hayat\u0131n\u0131 kaybetmesinin ard\u0131ndan g\u00f6zler, 27 y\u0131ld\u0131r hayat\u0131n\u0131 payla\u015ft\u0131\u011f\u0131<\/p>\n","protected":false},"author":1,"featured_media":3593,"comment_status":"open","ping_status":"open","sticky":false,"template":"","format":"standard","meta":{"_rtcl_gb_attr":"","footnotes":""},"categories":[41],"tags":[],"class_list":["post-3592","post","type-post","status-publish","format-standard","has-post-thumbnail","hentry","category-magazin"],"_links":{"self":[{"href":"https:\/\/turkiyemhaber.com\/index.php?rest_route=\/wp\/v2\/posts\/3592","targetHints":{"allow":["GET"]}}],"collection":[{"href":"https:\/\/turkiyemhaber.com\/index.php?rest_route=\/wp\/v2\/posts"}],"about":[{"href":"https:\/\/turkiyemhaber.com\/index.php?rest_route=\/wp\/v2\/types\/post"}],"author":[{"embeddable":true,"href":"https:\/\/turkiyemhaber.com\/index.php?rest_route=\/wp\/v2\/users\/1"}],"replies":[{"embeddable":true,"href":"https:\/\/turkiyemhaber.com\/index.php?rest_route=%2Fwp%2Fv2%2Fcomments&post=3592"}],"version-history":[{"count":1,"href":"https:\/\/turkiyemhaber.com\/index.php?rest_route=\/wp\/v2\/posts\/3592\/revisions"}],"predecessor-version":[{"id":3594,"href":"https:\/\/turkiyemhaber.com\/index.php?rest_route=\/wp\/v2\/posts\/3592\/revisions\/3594"}],"wp:featuredmedia":[{"embeddable":true,"href":"https:\/\/turkiyemhaber.com\/index.php?rest_route=\/wp\/v2\/media\/3593"}],"wp:attachment":[{"href":"https:\/\/turkiyemhaber.com\/index.php?rest_route=%2Fwp%2Fv2%2Fmedia&parent=3592"}],"wp:term":[{"taxonomy":"category","embeddable":true,"href":"https:\/\/turkiyemhaber.com\/index.php?rest_route=%2Fwp%2Fv2%2Fcategories&post=3592"},{"taxonomy":"post_tag","embeddable":true,"href":"https:\/\/turkiyemhaber.com\/index.php?rest_route=%2Fwp%2Fv2%2Ftags&post=3592"}],"curies":[{"name":"wp","href":"https:\/\/api.w.org\/{rel}","templated":true}]}}