{"id":3586,"date":"2026-06-27T22:45:10","date_gmt":"2026-06-27T22:45:10","guid":{"rendered":"https:\/\/turkiyemhaber.com\/?p=3586"},"modified":"2026-06-27T22:45:13","modified_gmt":"2026-06-27T22:45:13","slug":"tip-fakultesi-ogrencisi-yurt-odasinda-olu-bulundu","status":"publish","type":"post","link":"https:\/\/turkiyemhaber.com\/?p=3586","title":{"rendered":"T\u0131p fak\u00fcltesi \u00f6\u011frencisi yurt odas\u0131nda \u00f6l\u00fc bulundu"},"content":{"rendered":"\n<p class=\"wp-block-paragraph\">Zonguldak B\u00fclent Ecevit \u00dcniversitesi (BEUN) T\u0131p Fak\u00fcltesi 1\u2019inci s\u0131n\u0131f \u00f6\u011frencisi Tu\u011f\u00e7enaz Demirel\u00f6z, yurttaki odas\u0131nda arkada\u015flar\u0131 taraf\u0131ndan \u00f6l\u00fc bulundu. Yeni bir ev kiralad\u0131\u011f\u0131 ve e\u015fyalar\u0131n\u0131 ta\u015f\u0131maya ba\u015flad\u0131\u011f\u0131 \u00f6\u011frenilen Demirel\u00f6z\u2019\u00fcn bir s\u00fcre \u00f6nce doktora gitti\u011fi ve kalbinde ritim bozuklu\u011fu tespit edildi\u011fi \u00f6ne s\u00fcr\u00fcld\u00fc.<\/p>\n\n\n\n<p class=\"wp-block-paragraph\"><a href=\"https:\/\/www.sondakika.com\/zonguldak\/\">Zonguldak<\/a>&#8216;ta ailesinin haber alamad\u0131\u011f\u0131&nbsp;<a href=\"https:\/\/www.sondakika.com\/bulent-ecevit-universitesi\/\">B\u00fclent Ecevit \u00dcniversitesi<\/a>&nbsp;(BEUN) T\u0131p Fak\u00fcltesi \u00f6\u011frencisi yurt odas\u0131nda \u00f6l\u00fc bulundu.&nbsp;<\/p>\n\n\n\n<h3 class=\"wp-block-heading\">A\u0130LES\u0130N\u0130N R\u0130CASIYLA ODASINA G\u0130REN ARKADA\u015eLARI CANSIZ BEDEN\u0130N\u0130 BULDU<\/h3>\n\n\n\n<p class=\"wp-block-paragraph\">Olay, ak\u015fam saatlerinde Zonguldak&#8217;\u0131n Kozlu il\u00e7esine ba\u011fl\u0131 G\u00fcney Mahallesi Dere Sokak&#8217;ta faaliyet g\u00f6steren \u00f6zel bir k\u0131z \u00f6\u011frenci yurdunda ya\u015fand\u0131. T\u0131p fak\u00fcltesi \u00f6\u011frencisi Tu\u011f\u00e7enaz Demirel\u00f6z&#8217;e ula\u015famayan ailesi, endi\u015felenerek k\u0131zlar\u0131n\u0131n arkada\u015flar\u0131n\u0131 arad\u0131 ve odas\u0131na bakmalar\u0131n\u0131 rica etti.<\/p>\n\n\n\n<p class=\"wp-block-paragraph\">Odaya giren arkada\u015flar\u0131, Demirel\u00f6z&#8217;\u00fc yerde hareketsiz yatarken bulmas\u0131 \u00fczerine durum derhal polis ve sa\u011fl\u0131k ekiplerine bildirildi. K\u0131sa s\u00fcrede yurda ula\u015fan sa\u011fl\u0131k g\u00f6revlileri, yapt\u0131klar\u0131 kontrolde 1&#8217;inci s\u0131n\u0131f \u00f6\u011frencisi Demirel\u00f6z&#8217;\u00fcn hayat\u0131n\u0131 kaybetti\u011fini belirledi. Gen\u00e7 k\u0131z\u0131n arkada\u015flar\u0131n\u0131n olay yerinde b\u00fcy\u00fck \u00fcz\u00fcnt\u00fc ya\u015fad\u0131\u011f\u0131 g\u00f6r\u00fcld\u00fc.<\/p>\n\n\n\n<h3 class=\"wp-block-heading\">DAHA YEN\u0130 EV K\u0130RALAMI\u015e<\/h3>\n\n\n\n<p class=\"wp-block-paragraph\">Polisin \u00f6l\u00fcm\u00fc \u015f\u00fcpheli olarak de\u011ferlendirmesinin ard\u0131ndan olay yeri inceleme ekipleri odada \u00e7al\u0131\u015fma yapt\u0131. \u0130ncelemelerin tamamlanmas\u0131yla Demirel\u00f6z\u2019\u00fcn cans\u0131z bedeni, Zonguldak Atat\u00fcrk Devlet Hastanesi morguna nakledildi. Gen\u00e7 k\u0131z\u0131n olay g\u00fcn\u00fc yeni bir ev kiralad\u0131\u011f\u0131 ve e\u015fyalar\u0131n\u0131 ta\u015f\u0131maya ba\u015flad\u0131\u011f\u0131 \u00f6\u011frenildi.<\/p>\n\n\n\n<h3 class=\"wp-block-heading\">R\u0130T\u0130M BOZUKLU\u011eU \u0130DD\u0130ASI<\/h3>\n\n\n\n<p class=\"wp-block-paragraph\">\u00d6te yandan bir s\u00fcre \u00f6nce de doktor kontrol\u00fcnde kalbinde ritim bozuklu\u011fu tespit edildi\u011fi \u00f6ne s\u00fcr\u00fclen Tu\u011f\u00e7enaz Demirel\u00f6z&#8217;\u00fcn kesin \u00f6l\u00fcm nedeni, yap\u0131lacak otopsi i\u015fleminin ard\u0131ndan netlik kazanacak.&nbsp;<\/p>\n","protected":false},"excerpt":{"rendered":"<p>Zonguldak B\u00fclent Ecevit \u00dcniversitesi (BEUN) T\u0131p Fak\u00fcltesi 1\u2019inci s\u0131n\u0131f \u00f6\u011frencisi Tu\u011f\u00e7enaz Demirel\u00f6z, yurttaki odas\u0131nda arkada\u015flar\u0131<\/p>\n","protected":false},"author":1,"featured_media":3587,"comment_status":"open","ping_status":"open","sticky":false,"template":"","format":"standard","meta":{"_rtcl_gb_attr":"","footnotes":""},"categories":[1],"tags":[],"class_list":["post-3586","post","type-post","status-publish","format-standard","has-post-thumbnail","hentry","category-http-turkiyemhaber-com-wp-content-uploads-2026-03-saray-59-haber-13-mart-pdf"],"_links":{"self":[{"href":"https:\/\/turkiyemhaber.com\/index.php?rest_route=\/wp\/v2\/posts\/3586","targetHints":{"allow":["GET"]}}],"collection":[{"href":"https:\/\/turkiyemhaber.com\/index.php?rest_route=\/wp\/v2\/posts"}],"about":[{"href":"https:\/\/turkiyemhaber.com\/index.php?rest_route=\/wp\/v2\/types\/post"}],"author":[{"embeddable":true,"href":"https:\/\/turkiyemhaber.com\/index.php?rest_route=\/wp\/v2\/users\/1"}],"replies":[{"embeddable":true,"href":"https:\/\/turkiyemhaber.com\/index.php?rest_route=%2Fwp%2Fv2%2Fcomments&post=3586"}],"version-history":[{"count":1,"href":"https:\/\/turkiyemhaber.com\/index.php?rest_route=\/wp\/v2\/posts\/3586\/revisions"}],"predecessor-version":[{"id":3588,"href":"https:\/\/turkiyemhaber.com\/index.php?rest_route=\/wp\/v2\/posts\/3586\/revisions\/3588"}],"wp:featuredmedia":[{"embeddable":true,"href":"https:\/\/turkiyemhaber.com\/index.php?rest_route=\/wp\/v2\/media\/3587"}],"wp:attachment":[{"href":"https:\/\/turkiyemhaber.com\/index.php?rest_route=%2Fwp%2Fv2%2Fmedia&parent=3586"}],"wp:term":[{"taxonomy":"category","embeddable":true,"href":"https:\/\/turkiyemhaber.com\/index.php?rest_route=%2Fwp%2Fv2%2Fcategories&post=3586"},{"taxonomy":"post_tag","embeddable":true,"href":"https:\/\/turkiyemhaber.com\/index.php?rest_route=%2Fwp%2Fv2%2Ftags&post=3586"}],"curies":[{"name":"wp","href":"https:\/\/api.w.org\/{rel}","templated":true}]}}