{"id":3583,"date":"2026-06-27T19:15:31","date_gmt":"2026-06-27T19:15:31","guid":{"rendered":"https:\/\/turkiyemhaber.com\/?p=3583"},"modified":"2026-06-27T19:15:35","modified_gmt":"2026-06-27T19:15:35","slug":"silivride-yolcu-minibusu-tarlaya-uctu-2-olu-10-yarali","status":"publish","type":"post","link":"https:\/\/turkiyemhaber.com\/?p=3583","title":{"rendered":"Silivri&#8217;de yolcu minib\u00fcs\u00fc tarlaya u\u00e7tu: 2 \u00f6l\u00fc, 10 yaral\u0131"},"content":{"rendered":"\n<p class=\"wp-block-paragraph\">\u0130stanbul Silivri&#8217;de kontrolden \u00e7\u0131kan \u00c7erkezk\u00f6y-Kapakl\u0131-Beylikd\u00fcz\u00fc hatt\u0131 yolcu minib\u00fcs\u00fcn\u00fcn tarlaya devrilmesi sonucu 2 ki\u015fi hayat\u0131n\u0131 kaybetti, 10 ki\u015fi yaraland\u0131.<\/p>\n\n\n\n<p class=\"wp-block-paragraph\"><a href=\"https:\/\/www.sondakika.com\/istanbul\/\">\u0130stanbul<\/a>&#8216;un Silivri il\u00e7esinde kontrolden \u00e7\u0131kan bir minib\u00fcs tarlaya u\u00e7tu.&nbsp;<\/p>\n\n\n\n<h3 class=\"wp-block-heading\">2 \u00d6L\u00dc, 10 YARALI<\/h3>\n\n\n\n<p class=\"wp-block-paragraph\"><a href=\"https:\/\/www.sondakika.com\/celtik\/\">\u00c7eltik<\/a>&nbsp;Mahallesi, \u00c7erkezk\u00f6y Caddesi \u00fczerinde ilerleyen \u00c7erkezk\u00f6y-Kapakl\u0131-&nbsp;<a href=\"https:\/\/www.sondakika.com\/beylikduzu\/\">Beylikd\u00fcz\u00fc<\/a>&nbsp;hatt\u0131 minib\u00fcs\u00fc hen\u00fcz belirlenemeyen nedenle yol kenar\u0131ndaki otluk alana devrildi.&nbsp;\u0130hbar \u00fczerine olay yerine sa\u011fl\u0131k, itfaiye ve jandarma ekibi sevk edildi.&nbsp;Kazada 2 ki\u015fi hayat\u0131n\u0131 kaybetti, 10 ki\u015fi yaraland\u0131.&nbsp;<\/p>\n\n\n\n<figure class=\"wp-block-image\"><img decoding=\"async\" src=\"http:\/\/foto.sondakika.com\/haber\/2026\/06\/27\/silivri-de-minibus-tarlaya-uctu-2-olu-10-yara-3-19996626_o.jpg\" alt=\"Silivri'de yolcu minib\u00fcs\u00fc tarlaya u\u00e7tu: 2 \u00f6l\u00fc, 10 yaral\u0131\"\/><\/figure>\n\n\n\n<h3 class=\"wp-block-heading\">EK\u0130PLER\u0130N KAZA YER\u0130NDEK\u0130 \u00c7ALI\u015eMALARI DEVAM ED\u0130YOR&nbsp;<\/h3>\n\n\n\n<p class=\"wp-block-paragraph\">Kazan\u0131n meydana geldi\u011fi b\u00f6lgeye g\u00fcvenlik \u015feridi \u00e7ekilirken, ekiplerin alanda \u00e7al\u0131\u015fmalar\u0131 devam ediyor. Kazan\u0131n ya\u015fand\u0131\u011f\u0131 b\u00f6lgede Silivri Kaymakam\u0131 Tolga To\u011fan ile \u0130l\u00e7e Jandarma Komutan\u0131 Binba\u015f\u0131 Burak \u00c7evik incelemelerde bulundu.<\/p>\n\n\n\n<h3 class=\"wp-block-heading\">&#8220;YARALILAR HASTANELERE SEVK ED\u0130LD\u0130&#8221;<\/h3>\n\n\n\n<p class=\"wp-block-paragraph\">\u00d6te yandan \u0130stanbul \u0130l Sa\u011fl\u0131k M\u00fcd\u00fcr\u00fc Abdullah Emre G\u00fcner, kazaya ili\u015fkin sosyal medya hesab\u0131ndan yapt\u0131\u011f\u0131 payla\u015f\u0131mda, &#8220;Silivri&#8217;de meydana gelen minib\u00fcs kazas\u0131n\u0131n ard\u0131ndan 112 Acil Sa\u011fl\u0131k ekiplerimiz h\u0131zla olay yerine sevk edilmi\u015ftir. Kazada 2 vatanda\u015f\u0131m\u0131z hayat\u0131n\u0131 kaybetmi\u015f, 10 vatanda\u015f\u0131m\u0131z yaralanm\u0131\u015ft\u0131r. Yaral\u0131lar\u0131m\u0131z\u0131n olay yerindeki ilk m\u00fcdahaleleri ekiplerimiz taraf\u0131ndan ger\u00e7ekle\u015ftirilmi\u015f olup, \u00e7evredeki hastanelere nakilleri sa\u011flanmaktad\u0131r.&#8221; ifadelerini kulland\u0131.&nbsp;G\u00fcner, hayat\u0131n\u0131 kaybedenlere Allah&#8217;tan rahmet, yaral\u0131lara \u015fifa diledi.<\/p>\n\n\n\n<figure class=\"wp-block-image\"><img decoding=\"async\" src=\"http:\/\/foto.sondakika.com\/haber\/2026\/06\/27\/silivri-de-minibus-tarlaya-uctu-2-olu-10-yara-2-19996626_o.jpg\" alt=\"Silivri'de yolcu minib\u00fcs\u00fc tarlaya u\u00e7tu: 2 \u00f6l\u00fc, 10 yaral\u0131\"\/><\/figure>\n","protected":false},"excerpt":{"rendered":"<p>\u0130stanbul Silivri&#8217;de kontrolden \u00e7\u0131kan \u00c7erkezk\u00f6y-Kapakl\u0131-Beylikd\u00fcz\u00fc hatt\u0131 yolcu minib\u00fcs\u00fcn\u00fcn tarlaya devrilmesi sonucu 2 ki\u015fi hayat\u0131n\u0131 kaybetti,<\/p>\n","protected":false},"author":1,"featured_media":3584,"comment_status":"open","ping_status":"open","sticky":false,"template":"","format":"standard","meta":{"_rtcl_gb_attr":"","footnotes":""},"categories":[1],"tags":[],"class_list":["post-3583","post","type-post","status-publish","format-standard","has-post-thumbnail","hentry","category-http-turkiyemhaber-com-wp-content-uploads-2026-03-saray-59-haber-13-mart-pdf"],"_links":{"self":[{"href":"https:\/\/turkiyemhaber.com\/index.php?rest_route=\/wp\/v2\/posts\/3583","targetHints":{"allow":["GET"]}}],"collection":[{"href":"https:\/\/turkiyemhaber.com\/index.php?rest_route=\/wp\/v2\/posts"}],"about":[{"href":"https:\/\/turkiyemhaber.com\/index.php?rest_route=\/wp\/v2\/types\/post"}],"author":[{"embeddable":true,"href":"https:\/\/turkiyemhaber.com\/index.php?rest_route=\/wp\/v2\/users\/1"}],"replies":[{"embeddable":true,"href":"https:\/\/turkiyemhaber.com\/index.php?rest_route=%2Fwp%2Fv2%2Fcomments&post=3583"}],"version-history":[{"count":1,"href":"https:\/\/turkiyemhaber.com\/index.php?rest_route=\/wp\/v2\/posts\/3583\/revisions"}],"predecessor-version":[{"id":3585,"href":"https:\/\/turkiyemhaber.com\/index.php?rest_route=\/wp\/v2\/posts\/3583\/revisions\/3585"}],"wp:featuredmedia":[{"embeddable":true,"href":"https:\/\/turkiyemhaber.com\/index.php?rest_route=\/wp\/v2\/media\/3584"}],"wp:attachment":[{"href":"https:\/\/turkiyemhaber.com\/index.php?rest_route=%2Fwp%2Fv2%2Fmedia&parent=3583"}],"wp:term":[{"taxonomy":"category","embeddable":true,"href":"https:\/\/turkiyemhaber.com\/index.php?rest_route=%2Fwp%2Fv2%2Fcategories&post=3583"},{"taxonomy":"post_tag","embeddable":true,"href":"https:\/\/turkiyemhaber.com\/index.php?rest_route=%2Fwp%2Fv2%2Ftags&post=3583"}],"curies":[{"name":"wp","href":"https:\/\/api.w.org\/{rel}","templated":true}]}}