{"id":3579,"date":"2026-06-26T22:59:44","date_gmt":"2026-06-26T22:59:44","guid":{"rendered":"https:\/\/turkiyemhaber.com\/?p=3579"},"modified":"2026-06-26T22:59:48","modified_gmt":"2026-06-26T22:59:48","slug":"dev-bankadan-altin-icin-tum-ezberleri-bozacak-tahmin-firsat-bu-firsat","status":"publish","type":"post","link":"https:\/\/turkiyemhaber.com\/?p=3579","title":{"rendered":"Dev bankadan alt\u0131n i\u00e7in t\u00fcm ezberleri bozacak tahmin: F\u0131rsat bu f\u0131rsat"},"content":{"rendered":"\n<p class=\"wp-block-paragraph\">ABD Merkez Bankas\u0131&#8217;n\u0131n politikalar\u0131 piyasalar\u0131 bask\u0131larken, \u0130svi\u00e7reli bankac\u0131l\u0131k devi UBS t\u00fcm tahminleri alt\u00fcst eden bir rapor yay\u0131mlayarak ons alt\u0131n\u0131n \u00f6n\u00fcm\u00fczdeki 12 ay i\u00e7inde 5 bin 200 dolara f\u0131rlayaca\u011f\u0131 tahmininde bulundu ve mevcut d\u00fc\u015f\u00fc\u015fleri &#8220;ka\u00e7\u0131r\u0131lmayacak bir al\u0131m f\u0131rsat\u0131&#8221; olarak niteledi.<\/p>\n\n\n\n<p class=\"wp-block-paragraph\">Piyasalarda&nbsp;ABD&nbsp;<a href=\"https:\/\/www.sondakika.com\/merkez-bankasi\/\">Merkez Bankas\u0131<\/a>&#8216;n\u0131n (Fed) s\u0131k\u0131 para politikalar\u0131na beklenenden daha uzun s\u00fcre devam edebilece\u011fi y\u00f6n\u00fcndeki endi\u015feler alt\u0131n\u0131 bask\u0131lamay\u0131 s\u00fcrd\u00fcr\u00fcrken, k\u00fcresel finans\u0131n devlerinden UBS (Union Bank of Switzerland) ezber bozan bir analiz yay\u0131mlad\u0131.<\/p>\n\n\n\n<p class=\"wp-block-paragraph\">K\u0131sa vadeli fiyat dalgalanmalar\u0131n\u0131n ge\u00e7ici oldu\u011funu belirten banka, alt\u0131n yat\u0131r\u0131mc\u0131lar\u0131n\u0131 heyecanland\u0131racak cinsten radikal bir y\u00fckseli\u015f \u00f6ng\u00f6rd\u00fc.<\/p>\n\n\n\n<figure class=\"wp-block-image\"><img decoding=\"async\" src=\"https:\/\/foto.sondakika.com\/haber\/2026\/06\/26\/dev-bankadan-altin-icin-tum-ez-19994115-7780_1_m.jpg\" alt=\"Dev bankadan alt\u0131n i\u00e7in t\u00fcm ezberleri bozacak tahmin: F\u0131rsat bu f\u0131rsat\"\/><\/figure>\n\n\n\n<h3 class=\"wp-block-heading\">KISA VADEDE SIKI\u015eMA, UZUN VADEDE DEV RALL\u0130<\/h3>\n\n\n\n<p class=\"wp-block-paragraph\">UBS taraf\u0131ndan payla\u015f\u0131lan raporda, alt\u0131ndaki son gerilemelerin sar\u0131 metalin 2026 Ocak ay\u0131nda test etti\u011fi tarihi zirvesinden yakla\u015f\u0131k y\u00fczde 26 oran\u0131nda bir uzakla\u015fma anlam\u0131na geldi\u011fi ifade edildi.<\/p>\n\n\n\n<figure class=\"wp-block-image\"><img decoding=\"async\" src=\"https:\/\/foto.sondakika.com\/haber\/2026\/06\/26\/dev-bankadan-altin-icin-tum-ez-19994115-2459_1_m.jpg\" alt=\"Dev bankadan alt\u0131n i\u00e7in t\u00fcm ezberleri bozacak tahmin: F\u0131rsat bu f\u0131rsat\"\/><\/figure>\n\n\n\n<p class=\"wp-block-paragraph\">K\u0131sa vadeli teknik g\u00f6stergelerin, reel getirilerdeki art\u0131\u015f\u0131n ve ABD dolar\u0131n\u0131n d\u00f6nemsel olarak g\u00fc\u00e7lenmesinin alt\u0131n\u0131 elde tutman\u0131n f\u0131rsat maliyetini y\u00fckseltti\u011fi belirtilen analizde, fiyatlar\u0131n yak\u0131n vadede 3 bin 850 ile 4 bin dolar band\u0131nda s\u0131k\u0131\u015fabilece\u011fi \u00f6ng\u00f6r\u00fcld\u00fc.<\/p>\n\n\n\n<figure class=\"wp-block-image\"><img decoding=\"async\" src=\"https:\/\/foto.sondakika.com\/haber\/2026\/06\/26\/dev-bankadan-altin-icin-tum-ez-19994115-3731_1_m.jpg\" alt=\"Dev bankadan alt\u0131n i\u00e7in t\u00fcm ezberleri bozacak tahmin: F\u0131rsat bu f\u0131rsat\"\/><\/figure>\n\n\n\n<p class=\"wp-block-paragraph\">Raporda bu d\u00f6nemsel seyir \u015fu s\u00f6zlerle ifade edildi: &#8220;Bu son gerileme, sar\u0131 metalin fiyat\u0131n\u0131 ocak ay\u0131nda belirledi\u011fi t\u00fcm zamanlar\u0131n en y\u00fcksek seviyesinden y\u00fczde 26 a\u015fa\u011f\u0131 \u00e7ekti. Momentum ve teknik g\u00f6stergeler, reel getirilerdeki son art\u0131\u015f ve ABD dolar\u0131n\u0131n g\u00fc\u00e7lenmesi, alt\u0131n\u0131 elde tutman\u0131n f\u0131rsat maliyetini y\u00fckseltti.&#8221;<\/p>\n\n\n\n<figure class=\"wp-block-image\"><img decoding=\"async\" src=\"https:\/\/foto.sondakika.com\/haber\/2026\/06\/26\/dev-bankadan-altin-icin-tum-ez-19994115-5574_1_m.jpg\" alt=\"Dev bankadan alt\u0131n i\u00e7in t\u00fcm ezberleri bozacak tahmin: F\u0131rsat bu f\u0131rsat\"\/><\/figure>\n\n\n\n<h3 class=\"wp-block-heading\">&#8220;HEDEF 5 B\u0130N 200 DOLAR, MEVCUT SEV\u0130YELER ALIM FIRSATI&#8221;<\/h3>\n\n\n\n<p class=\"wp-block-paragraph\">K\u0131sa vadeli bask\u0131lara ra\u011fmen \u0130svi\u00e7reli dev banka, alt\u0131n\u0131n uzun vadeli g\u00fcvenli liman r\u00fc\u015ft\u00fcn\u00fc sonuna kadar korudu\u011funu ilan etti. Jeopolitik gerilimlerin t\u0131rmand\u0131\u011f\u0131, hisse senedi piyasalar\u0131nda stresin artt\u0131\u011f\u0131, enflasyonist s\u00fcrprizlerin ya\u015fand\u0131\u011f\u0131 ve itibari para birimlerine (ka\u011f\u0131t paralara) olan k\u00fcresel g\u00fcvenin zedelendi\u011fi d\u00f6nemlerde alt\u0131n\u0131n sundu\u011fu portf\u00f6y \u00e7e\u015fitlendirmesi avantaj\u0131na g\u00fc\u00e7l\u00fc bir vurgu yap\u0131ld\u0131.<\/p>\n\n\n\n<figure class=\"wp-block-image\"><img decoding=\"async\" src=\"https:\/\/foto.sondakika.com\/haber\/2026\/06\/26\/dev-bankadan-altin-icin-tum-ez-19994115-3707_1_m.jpg\" alt=\"Dev bankadan alt\u0131n i\u00e7in t\u00fcm ezberleri bozacak tahmin: F\u0131rsat bu f\u0131rsat\"\/><\/figure>\n\n\n\n<p class=\"wp-block-paragraph\">UBS analistleri, \u00f6n\u00fcm\u00fczdeki 12 ayl\u0131k s\u00fcre\u00e7te ons alt\u0131n\u0131n 5 bin 200 dolar seviyesine do\u011fru g\u00fc\u00e7l\u00fc bir ralli ba\u015flatmas\u0131n\u0131 beklediklerini belirterek yat\u0131r\u0131mc\u0131lara \u015fu tavsiyede bulundu: &#8220;Hisse senedi piyasas\u0131 stresi, jeopolitik belirsizlik, enflasyon s\u00fcrprizleri ve itibari paralara olan g\u00fcvenin azald\u0131\u011f\u0131 d\u00f6nemlerde sar\u0131 metalin sundu\u011fu \u00e7e\u015fitlendirme avantajlar\u0131n\u0131 be\u011feniyoruz. \u00d6n\u00fcm\u00fczdeki 12 ay i\u00e7inde alt\u0131n\u0131n ons ba\u015f\u0131na 5 bin 200 ABD dolar\u0131na do\u011fru hareket etmesini bekliyoruz ve mevcut seviyeyi, yeterince yat\u0131r\u0131m yapmam\u0131\u015f yat\u0131r\u0131mc\u0131lar i\u00e7in pozisyonlar\u0131n\u0131 art\u0131rma f\u0131rsat\u0131 olarak g\u00f6r\u00fcyoruz.&#8221;<\/p>\n","protected":false},"excerpt":{"rendered":"<p>ABD Merkez Bankas\u0131&#8217;n\u0131n politikalar\u0131 piyasalar\u0131 bask\u0131larken, \u0130svi\u00e7reli bankac\u0131l\u0131k devi UBS t\u00fcm tahminleri alt\u00fcst eden bir<\/p>\n","protected":false},"author":1,"featured_media":3580,"comment_status":"open","ping_status":"open","sticky":false,"template":"","format":"standard","meta":{"_rtcl_gb_attr":"","footnotes":""},"categories":[14],"tags":[],"class_list":["post-3579","post","type-post","status-publish","format-standard","has-post-thumbnail","hentry","category-ekonomi"],"_links":{"self":[{"href":"https:\/\/turkiyemhaber.com\/index.php?rest_route=\/wp\/v2\/posts\/3579","targetHints":{"allow":["GET"]}}],"collection":[{"href":"https:\/\/turkiyemhaber.com\/index.php?rest_route=\/wp\/v2\/posts"}],"about":[{"href":"https:\/\/turkiyemhaber.com\/index.php?rest_route=\/wp\/v2\/types\/post"}],"author":[{"embeddable":true,"href":"https:\/\/turkiyemhaber.com\/index.php?rest_route=\/wp\/v2\/users\/1"}],"replies":[{"embeddable":true,"href":"https:\/\/turkiyemhaber.com\/index.php?rest_route=%2Fwp%2Fv2%2Fcomments&post=3579"}],"version-history":[{"count":1,"href":"https:\/\/turkiyemhaber.com\/index.php?rest_route=\/wp\/v2\/posts\/3579\/revisions"}],"predecessor-version":[{"id":3581,"href":"https:\/\/turkiyemhaber.com\/index.php?rest_route=\/wp\/v2\/posts\/3579\/revisions\/3581"}],"wp:featuredmedia":[{"embeddable":true,"href":"https:\/\/turkiyemhaber.com\/index.php?rest_route=\/wp\/v2\/media\/3580"}],"wp:attachment":[{"href":"https:\/\/turkiyemhaber.com\/index.php?rest_route=%2Fwp%2Fv2%2Fmedia&parent=3579"}],"wp:term":[{"taxonomy":"category","embeddable":true,"href":"https:\/\/turkiyemhaber.com\/index.php?rest_route=%2Fwp%2Fv2%2Fcategories&post=3579"},{"taxonomy":"post_tag","embeddable":true,"href":"https:\/\/turkiyemhaber.com\/index.php?rest_route=%2Fwp%2Fv2%2Ftags&post=3579"}],"curies":[{"name":"wp","href":"https:\/\/api.w.org\/{rel}","templated":true}]}}