{"id":3576,"date":"2026-06-26T22:55:42","date_gmt":"2026-06-26T22:55:42","guid":{"rendered":"https:\/\/turkiyemhaber.com\/?p=3576"},"modified":"2026-06-26T23:01:38","modified_gmt":"2026-06-26T23:01:38","slug":"yesilcamin-efsane-ikilisini-olum-ayirdi-turkan-soray-aci-haberi-alinca-fenalasti","status":"publish","type":"post","link":"https:\/\/turkiyemhaber.com\/?p=3576","title":{"rendered":"Ye\u015fil\u00e7am&#8217;\u0131n efsane ikilisini \u00f6l\u00fcm ay\u0131rd\u0131: T\u00fcrkan \u015eoray ac\u0131 haberi al\u0131nca fenala\u015ft\u0131"},"content":{"rendered":"\n<p class=\"wp-block-paragraph\">Ye\u015fil\u00e7am&#8217;\u0131n unutulmaz ismi Kadir \u0130nan\u0131r&#8217;\u0131n vefat\u0131, en \u00e7ok y\u0131llarca beyaz perdede ayn\u0131 kareyi payla\u015ft\u0131\u011f\u0131 T\u00fcrkan \u015eoray&#8217;\u0131 derinden sarst\u0131. T\u00fcrk sinemas\u0131n\u0131n haf\u0131zalara kaz\u0131nan efsane ikilisinden geriye, Selvi Boylum Al Yazmal\u0131m, Dila Han\u0131m ve Devlerin A\u015fk\u0131 gibi milyonlar\u0131n g\u00f6nl\u00fcnde taht kuran filmler kald\u0131. Ac\u0131 haberi telefonla alan \u015eoray&#8217;\u0131n b\u00fcy\u00fck \u00fcz\u00fcnt\u00fc ya\u015fad\u0131\u011f\u0131 ve fenala\u015farak konu\u015fmas\u0131n\u0131 yar\u0131da kesmek zorunda kald\u0131\u011f\u0131 \u00f6\u011frenildi.<\/p>\n\n\n\n<p class=\"wp-block-paragraph\">T\u00fcrk sinemas\u0131n\u0131n usta oyuncusu&nbsp;<a href=\"https:\/\/www.sondakika.com\/kadir-inanir\/\">Kadir \u0130nan\u0131r<\/a>&#8216;\u0131n 77 ya\u015f\u0131nda hayat\u0131n\u0131 kaybetmesi, birlikte say\u0131s\u0131z unutulmaz filme imza att\u0131\u011f\u0131&nbsp;<a href=\"https:\/\/www.sondakika.com\/turkan-soray\/\">T\u00fcrkan \u015eoray<\/a>&#8216;\u0131 derinden sarst\u0131. Menajeri Bircan Silan&#8217;\u0131n telefonuyla ac\u0131 haberi alan \u015eoray&#8217;\u0131n b\u00fcy\u00fck \u00fcz\u00fcnt\u00fc ya\u015fad\u0131\u011f\u0131, fenala\u015fmas\u0131 nedeniyle telefon g\u00f6r\u00fc\u015fmesini s\u00fcrd\u00fcremedi\u011fi \u00f6\u011frenildi.<\/p>\n\n\n\n<figure class=\"wp-block-image\"><img decoding=\"async\" src=\"https:\/\/foto.sondakika.com\/haber\/2026\/06\/26\/yesilcamin-efsane-ikilisini-ol-19993894-6035_1_m.jpg\" alt=\"Ye\u015fil\u00e7am'\u0131n efsane ikilisini \u00f6l\u00fcm ay\u0131rd\u0131: T\u00fcrkan \u015eoray ac\u0131 haberi al\u0131nca fenala\u015ft\u0131\"\/><\/figure>\n\n\n\n<h3 class=\"wp-block-heading\">MENAJER\u0130 TELEFONLA HABER VERD\u0130<\/h3>\n\n\n\n<p class=\"wp-block-paragraph\">Birsen Altunta\u015f&#8217;\u0131n haberine g\u00f6re, Kadir \u0130nan\u0131r&#8217;\u0131n vefat haberini menajeri Bircan Silan&#8217;dan alan T\u00fcrkan \u015eoray, haberi duyar duymaz fenala\u015ft\u0131. B\u00fcy\u00fck \u00fcz\u00fcnt\u00fc ya\u015fayan usta oyuncunun, ya\u015fad\u0131\u011f\u0131 sars\u0131nt\u0131 nedeniyle telefon g\u00f6r\u00fc\u015fmesini tamamlayamad\u0131\u011f\u0131 belirtildi.<\/p>\n\n\n\n<figure class=\"wp-block-image\"><img decoding=\"async\" src=\"https:\/\/foto.sondakika.com\/haber\/2026\/06\/26\/yesilcamin-efsane-ikilisini-ol-19993894-5042_1_m.jpg\" alt=\"Ye\u015fil\u00e7am'\u0131n efsane ikilisini \u00f6l\u00fcm ay\u0131rd\u0131: T\u00fcrkan \u015eoray ac\u0131 haberi al\u0131nca fenala\u015ft\u0131\"\/><\/figure>\n\n\n\n<h3 class=\"wp-block-heading\">YE\u015e\u0130L\u00c7AM&#8217;IN EN \u00c7OK YAKI\u015eTIRILAN \u00c7\u0130FT\u0130YD\u0130<\/h3>\n\n\n\n<p class=\"wp-block-paragraph\">T\u00fcrkan \u015eoray ile Kadir \u0130nan\u0131r, T\u00fcrk sinema tarihinin en unutulmaz partnerleri aras\u0131nda yer ald\u0131. Y\u0131llar boyunca beyaz perdede hayat verdikleri karakterlerle milyonlar\u0131n haf\u0131zas\u0131nda yer edinen ikili, toplam 10 filmde birlikte kamera kar\u015f\u0131s\u0131na ge\u00e7ti.<\/p>\n\n\n\n<figure class=\"wp-block-image\"><img decoding=\"async\" src=\"https:\/\/foto.sondakika.com\/haber\/2026\/06\/26\/yesilcamin-efsane-ikilisini-ol-19993894-2552_1_m.jpg\" alt=\"Ye\u015fil\u00e7am'\u0131n efsane ikilisini \u00f6l\u00fcm ay\u0131rd\u0131: T\u00fcrkan \u015eoray ac\u0131 haberi al\u0131nca fenala\u015ft\u0131\"\/><\/figure>\n\n\n\n<p class=\"wp-block-paragraph\">\u00d6zellikle Selvi Boylum Al Yazmal\u0131m,&nbsp;<a href=\"https:\/\/www.sondakika.com\/dila-hanim\/\">Dila Han\u0131m<\/a>&nbsp;ve Devlerin A\u015fk\u0131, ikilinin sinema tarihine damga vuran yap\u0131mlar\u0131 aras\u0131nda g\u00f6sterildi. Bunun yan\u0131 s\u0131ra Bodrum Hakimi, D\u00f6n\u00fc\u015f, Deprem, Ya\u015fam Kavgas\u0131, Azap, Ads\u0131z Cengaver ve y\u0131llar sonra yeniden bulu\u015ftuklar\u0131 G\u00f6nderilmemi\u015f Mektuplar da ikilinin birlikte rol ald\u0131\u011f\u0131 unutulmaz filmler aras\u0131nda yer ald\u0131.<\/p>\n\n\n\n<figure class=\"wp-block-image\"><img decoding=\"async\" src=\"https:\/\/foto.sondakika.com\/haber\/2026\/06\/26\/yesilcamin-efsane-ikilisini-ol-19993894-3798_1_m.jpg\" alt=\"Ye\u015fil\u00e7am'\u0131n efsane ikilisini \u00f6l\u00fcm ay\u0131rd\u0131: T\u00fcrkan \u015eoray ac\u0131 haberi al\u0131nca fenala\u015ft\u0131\"\/><\/figure>\n\n\n\n<p class=\"wp-block-paragraph\">&#8220;Sevgi neydi? Sevgi emekti&#8230;&#8221; repli\u011fiyle haf\u0131zalara kaz\u0131nan Selvi Boylum Al Yazmal\u0131m, aradan ge\u00e7en y\u0131llara ra\u011fmen T\u00fcrk sinemas\u0131n\u0131n en sevilen a\u015fk filmleri aras\u0131nda g\u00f6sterilmeye devam ediyor.<\/p>\n\n\n\n<h3 class=\"wp-block-heading\">SON KEZ \u00dc\u00c7 YIL \u00d6NCE AYNI SAHNEDE<\/h3>\n\n\n\n<p class=\"wp-block-paragraph\">Ye\u015fil\u00e7am&#8217;\u0131n efsane ikilisi son olarak \u00fc\u00e7 y\u0131l \u00f6nce Adana Alt\u0131n Koza Film Festivali&#8217;nin 30. y\u0131l\u0131 etkinliklerinde bir araya geldi. El ele sahneye \u00e7\u0131kan iki usta oyuncu, dakikalarca ayakta alk\u0131\u015flan\u0131rken, kuliste birlikte \u00e7ektirdikleri kare ise haf\u0131zalara kaz\u0131nan son foto\u011fraf oldu.<\/p>\n\n\n\n<figure class=\"wp-block-image\"><img decoding=\"async\" src=\"https:\/\/foto.sondakika.com\/haber\/2026\/06\/26\/yesilcamin-efsane-ikilisini-ol-19993894-1318_1_m.jpg\" alt=\"Ye\u015fil\u00e7am'\u0131n efsane ikilisini \u00f6l\u00fcm ay\u0131rd\u0131: T\u00fcrkan \u015eoray ac\u0131 haberi al\u0131nca fenala\u015ft\u0131\"\/><\/figure>\n","protected":false},"excerpt":{"rendered":"<p>Ye\u015fil\u00e7am&#8217;\u0131n unutulmaz ismi Kadir \u0130nan\u0131r&#8217;\u0131n vefat\u0131, en \u00e7ok y\u0131llarca beyaz perdede ayn\u0131 kareyi payla\u015ft\u0131\u011f\u0131 T\u00fcrkan<\/p>\n","protected":false},"author":1,"featured_media":3582,"comment_status":"open","ping_status":"open","sticky":false,"template":"","format":"standard","meta":{"_rtcl_gb_attr":"","footnotes":""},"categories":[1],"tags":[],"class_list":["post-3576","post","type-post","status-publish","format-standard","has-post-thumbnail","hentry","category-http-turkiyemhaber-com-wp-content-uploads-2026-03-saray-59-haber-13-mart-pdf"],"_links":{"self":[{"href":"https:\/\/turkiyemhaber.com\/index.php?rest_route=\/wp\/v2\/posts\/3576","targetHints":{"allow":["GET"]}}],"collection":[{"href":"https:\/\/turkiyemhaber.com\/index.php?rest_route=\/wp\/v2\/posts"}],"about":[{"href":"https:\/\/turkiyemhaber.com\/index.php?rest_route=\/wp\/v2\/types\/post"}],"author":[{"embeddable":true,"href":"https:\/\/turkiyemhaber.com\/index.php?rest_route=\/wp\/v2\/users\/1"}],"replies":[{"embeddable":true,"href":"https:\/\/turkiyemhaber.com\/index.php?rest_route=%2Fwp%2Fv2%2Fcomments&post=3576"}],"version-history":[{"count":1,"href":"https:\/\/turkiyemhaber.com\/index.php?rest_route=\/wp\/v2\/posts\/3576\/revisions"}],"predecessor-version":[{"id":3578,"href":"https:\/\/turkiyemhaber.com\/index.php?rest_route=\/wp\/v2\/posts\/3576\/revisions\/3578"}],"wp:featuredmedia":[{"embeddable":true,"href":"https:\/\/turkiyemhaber.com\/index.php?rest_route=\/wp\/v2\/media\/3582"}],"wp:attachment":[{"href":"https:\/\/turkiyemhaber.com\/index.php?rest_route=%2Fwp%2Fv2%2Fmedia&parent=3576"}],"wp:term":[{"taxonomy":"category","embeddable":true,"href":"https:\/\/turkiyemhaber.com\/index.php?rest_route=%2Fwp%2Fv2%2Fcategories&post=3576"},{"taxonomy":"post_tag","embeddable":true,"href":"https:\/\/turkiyemhaber.com\/index.php?rest_route=%2Fwp%2Fv2%2Ftags&post=3576"}],"curies":[{"name":"wp","href":"https:\/\/api.w.org\/{rel}","templated":true}]}}