{"id":3573,"date":"2026-06-26T22:51:54","date_gmt":"2026-06-26T22:51:54","guid":{"rendered":"https:\/\/turkiyemhaber.com\/?p=3573"},"modified":"2026-06-26T22:51:58","modified_gmt":"2026-06-26T22:51:58","slug":"kadir-inanir-hayatini-kaybetti","status":"publish","type":"post","link":"https:\/\/turkiyemhaber.com\/?p=3573","title":{"rendered":"Kadir \u0130nan\u0131r hayat\u0131n\u0131 kaybetti"},"content":{"rendered":"\n<p class=\"wp-block-paragraph\">Ye\u015fil\u00e7am\u2019\u0131n unutulmaz j\u00f6n\u00fc ve T\u00fcrk sinemas\u0131n\u0131n usta ismi Kadir \u0130nan\u0131r, 14 May\u0131s\u2019ta rahats\u0131zlanarak kald\u0131r\u0131ld\u0131\u011f\u0131 hastanede yo\u011fun bak\u0131mda verdi\u011fi ya\u015fam m\u00fccadelesini kaybederek 77 ya\u015f\u0131nda hayat\u0131n\u0131 kaybetti.<\/p>\n\n\n\n<p class=\"wp-block-paragraph\">Usta oyuncu&nbsp;<a href=\"https:\/\/www.sondakika.com\/kadir-inanir\/\">Kadir \u0130nan\u0131r<\/a>, \u0130stanbul&#8217;da zat\u00fcrreye ba\u011fl\u0131 solunum s\u0131k\u0131nt\u0131s\u0131 nedeniyle tedavi g\u00f6rd\u00fc\u011f\u00fc hastanede 77 ya\u015f\u0131nda ya\u015fam\u0131n\u0131 yitirdi.<\/p>\n\n\n\n<h3 class=\"wp-block-heading\">ENT\u00dcBE ED\u0130LM\u0130\u015eT\u0130<\/h3>\n\n\n\n<p class=\"wp-block-paragraph\">Usta sanat\u00e7\u0131, 14 May\u0131s tarihinde akci\u011ferlerindeki enfeksiyona ba\u011fl\u0131 geli\u015fen zat\u00fcrre te\u015fhisiyle acil olarak hastaneye kald\u0131r\u0131lm\u0131\u015ft\u0131. Durumunun ciddiyetini korumas\u0131 \u00fczerine 6 g\u00fcn \u00f6nce yo\u011fun bak\u0131m \u00fcnitesine al\u0131nan \u0130nan\u0131r, solunum s\u0131k\u0131nt\u0131lar\u0131n\u0131n artmas\u0131 nedeniyle doktorlar\u0131 taraf\u0131ndan kontroll\u00fc olarak ent\u00fcbe edilmi\u015fti.<\/p>\n\n\n\n<figure class=\"wp-block-image\"><img decoding=\"async\" src=\"https:\/\/foto.sondakika.com\/haber\/2026\/06\/26\/kadir-inanir-hayatini-kaybetti-19993387-6947_1_m.jpg\" alt=\"Kadir \u0130nan\u0131r hayat\u0131n\u0131 kaybetti\"\/><\/figure>\n\n\n\n<p class=\"wp-block-paragraph\">Hastanede uzman hekimler taraf\u0131ndan y\u00fcr\u00fct\u00fclen t\u00fcm yo\u011fun t\u0131bbi m\u00fcdahalelere ve tedavi protokollerine ra\u011fmen usta oyuncunun \u00e7oklu organ yetmezli\u011fi ve solunum yetmezli\u011fine yenik d\u00fc\u015ft\u00fc\u011f\u00fc bildirildi.<\/p>\n\n\n\n<figure class=\"wp-block-image\"><img decoding=\"async\" src=\"https:\/\/foto.sondakika.com\/haber\/2026\/06\/26\/kadir-inanir-hayatini-kaybetti-19993387-2656_1_m.jpg\" alt=\"Kadir \u0130nan\u0131r hayat\u0131n\u0131 kaybetti\"\/><\/figure>\n\n\n\n<h3 class=\"wp-block-heading\">CENAZE PROGRAMI BELL\u0130 OLDU&nbsp;<\/h3>\n\n\n\n<p class=\"wp-block-paragraph\">Usta sanat\u00e7\u0131n\u0131n vefat\u0131n\u0131n ard\u0131ndan, sevenlerinin ve sanat d\u00fcnyas\u0131n\u0131n kat\u0131l\u0131m\u0131yla ger\u00e7ekle\u015ftirilecek olan cenaze t\u00f6reninin program\u0131 da belli oldu.&nbsp;Kadir \u0130nan\u0131r i\u00e7in ilk olarak saat 13.00\u2019te Atat\u00fcrk K\u00fclt\u00fcr Merkezi\u2019nde (AKM) g\u00f6rkemli bir anma t\u00f6reni d\u00fczenlenecek. Buradaki t\u00f6renin ard\u0131ndan usta oyuncunun naa\u015f\u0131, Levent&#8217;teki Barbaros Hayrettin Pa\u015fa Camii\u2019ne g\u00f6t\u00fcr\u00fclecek. Burada k\u0131l\u0131nacak cenaze namaz\u0131na m\u00fcteakiben \u0130nan\u0131r, Ulus Mezarl\u0131\u011f\u0131\u2019nda dualarla topra\u011fa verilecek.<\/p>\n\n\n\n<h3 class=\"wp-block-heading\">GER\u0130DE UNUTULMAZ B\u0130R M\u0130RAS BIRAKTI<\/h3>\n\n\n\n<p class=\"wp-block-paragraph\">1949 y\u0131l\u0131nda Ordu&#8217;nun Fatsa il\u00e7esinde ailesinin son \u00e7ocu\u011fu olarak d\u00fcnyaya gelen Kadir \u0130nan\u0131r, ilkokul ve ortaokul e\u011fitimi s\u0131ras\u0131nda sahne yetene\u011fini g\u00f6zler \u00f6n\u00fcne serdi. \u0130stanbul Haydarpa\u015fa Lisesi&#8217;nin ard\u0131ndan Marmara \u00dcniversitesi \u0130leti\u015fim Fak\u00fcltesi, Radyo-Televizyon B\u00f6l\u00fcm\u00fc\u2019n\u00fc bitirerek e\u011fitim hayat\u0131n\u0131 tamamlayan \u0130nan\u0131r, 1967 y\u0131l\u0131nda Ses dergisinin d\u00fczenledi\u011fi &#8220;Sinema Artisti Yar\u0131\u015fmas\u0131&#8221;&#8216;nda finale kald\u0131. \u0130nan\u0131r, 1968 &#8216;de de Saklamba\u00e7 gazetesinin &#8220;Fotoroman Artisti Yar\u0131\u015fmas\u0131&#8221;&#8216;nda da birinci oldu.<\/p>\n\n\n\n<figure class=\"wp-block-image\"><img decoding=\"async\" src=\"https:\/\/foto.sondakika.com\/haber\/2026\/06\/26\/kadir-inanir-hayatini-kaybetti-19993387-2564_1_m.jpg\" alt=\"Kadir \u0130nan\u0131r hayat\u0131n\u0131 kaybetti\"\/><\/figure>\n\n\n\n<p class=\"wp-block-paragraph\">&#8220;Yedi Ad\u0131m Sonra&#8221; adl\u0131 filmdeki k\u00fc\u00e7\u00fck rolle sinemaya ad\u0131m atan Kadir \u0130nan\u0131r, At\u0131f Y\u0131lmaz&#8217;\u0131n y\u00f6netti\u011fi \u201cKara G\u00f6zl\u00fcm\u201d filminde ilk kez ba\u015frol oynad\u0131 ve T\u00fcrkan \u015eoray&#8217;la kamera kar\u015f\u0131s\u0131na ge\u00e7ti. Daha sonra \u201cSelvi Boylum Al Yazmal\u0131m\u201d, \u201cUtan\u00e7\u201d, \u201cAmans\u0131z Yol\u201d, \u201cK\u0131r\u0131k Bir A\u015fk Hikayesi\u201d, \u201cTatar Ramazan\u201d ve \u201cY\u0131lanlar\u0131n \u00d6c\u00fc\u201d ba\u015fta olmak \u00fczere bir\u00e7ok filmde rol ald\u0131.<\/p>\n\n\n\n<figure class=\"wp-block-image\"><img decoding=\"async\" src=\"https:\/\/foto.sondakika.com\/haber\/2026\/06\/26\/kadir-inanir-hayatini-kaybetti-19993387-9524_1_m.jpg\" alt=\"Kadir \u0130nan\u0131r hayat\u0131n\u0131 kaybetti\"\/><\/figure>\n\n\n\n<p class=\"wp-block-paragraph\">Kariyeri boyunca 180&#8217;den fazla sinema filminde ve televizyon dizilerinde rol alan Kadir \u0130nan\u0131r, uzun s\u00fcredir hayat arkada\u015f\u0131 J\u00fclide Kural ile birlikte g\u00f6zlerden uzak bir ya\u015fam s\u00fcr\u00fcyordu. 2024\u2019te de beyin damar\u0131na p\u0131ht\u0131 atmas\u0131 nedeniyle hastaneye kald\u0131r\u0131lan \u0130nan\u0131r, tedavi s\u00fcreci sonras\u0131 taburcu olmu\u015ftu.<\/p>\n","protected":false},"excerpt":{"rendered":"<p>Ye\u015fil\u00e7am\u2019\u0131n unutulmaz j\u00f6n\u00fc ve T\u00fcrk sinemas\u0131n\u0131n usta ismi Kadir \u0130nan\u0131r, 14 May\u0131s\u2019ta rahats\u0131zlanarak kald\u0131r\u0131ld\u0131\u011f\u0131 hastanede<\/p>\n","protected":false},"author":1,"featured_media":3574,"comment_status":"open","ping_status":"open","sticky":false,"template":"","format":"standard","meta":{"_rtcl_gb_attr":"","footnotes":""},"categories":[1],"tags":[],"class_list":["post-3573","post","type-post","status-publish","format-standard","has-post-thumbnail","hentry","category-http-turkiyemhaber-com-wp-content-uploads-2026-03-saray-59-haber-13-mart-pdf"],"_links":{"self":[{"href":"https:\/\/turkiyemhaber.com\/index.php?rest_route=\/wp\/v2\/posts\/3573","targetHints":{"allow":["GET"]}}],"collection":[{"href":"https:\/\/turkiyemhaber.com\/index.php?rest_route=\/wp\/v2\/posts"}],"about":[{"href":"https:\/\/turkiyemhaber.com\/index.php?rest_route=\/wp\/v2\/types\/post"}],"author":[{"embeddable":true,"href":"https:\/\/turkiyemhaber.com\/index.php?rest_route=\/wp\/v2\/users\/1"}],"replies":[{"embeddable":true,"href":"https:\/\/turkiyemhaber.com\/index.php?rest_route=%2Fwp%2Fv2%2Fcomments&post=3573"}],"version-history":[{"count":1,"href":"https:\/\/turkiyemhaber.com\/index.php?rest_route=\/wp\/v2\/posts\/3573\/revisions"}],"predecessor-version":[{"id":3575,"href":"https:\/\/turkiyemhaber.com\/index.php?rest_route=\/wp\/v2\/posts\/3573\/revisions\/3575"}],"wp:featuredmedia":[{"embeddable":true,"href":"https:\/\/turkiyemhaber.com\/index.php?rest_route=\/wp\/v2\/media\/3574"}],"wp:attachment":[{"href":"https:\/\/turkiyemhaber.com\/index.php?rest_route=%2Fwp%2Fv2%2Fmedia&parent=3573"}],"wp:term":[{"taxonomy":"category","embeddable":true,"href":"https:\/\/turkiyemhaber.com\/index.php?rest_route=%2Fwp%2Fv2%2Fcategories&post=3573"},{"taxonomy":"post_tag","embeddable":true,"href":"https:\/\/turkiyemhaber.com\/index.php?rest_route=%2Fwp%2Fv2%2Ftags&post=3573"}],"curies":[{"name":"wp","href":"https:\/\/api.w.org\/{rel}","templated":true}]}}