{"id":3570,"date":"2026-06-26T22:45:34","date_gmt":"2026-06-26T22:45:34","guid":{"rendered":"https:\/\/turkiyemhaber.com\/?p=3570"},"modified":"2026-06-26T22:45:38","modified_gmt":"2026-06-26T22:45:38","slug":"deprem-bagislari-tartismasi-buyuyor-haluk-levent-iddialara-yanit-verdi","status":"publish","type":"post","link":"https:\/\/turkiyemhaber.com\/?p=3570","title":{"rendered":"Deprem ba\u011f\u0131\u015flar\u0131 tart\u0131\u015fmas\u0131 b\u00fcy\u00fcyor: Haluk Levent iddialara yan\u0131t verdi"},"content":{"rendered":"\n<p class=\"wp-block-paragraph\">Gazeteci Fatih Altayl\u0131, son g\u00fcnlerde kar\u015f\u0131l\u0131ks\u0131z \u00e7ek iddialar\u0131yla g\u00fcndeme gelen sanat\u00e7\u0131 Haluk Levent\u2019e seslenerek, 6 \u015eubat depremlerinde AHBAP Derne\u011fi&#8217;nde toplanan yakla\u015f\u0131k 7 milyar liral\u0131k (158 milyon dolar) ba\u011f\u0131\u015f\u0131n hesab\u0131n\u0131n T\u00fcrk halk\u0131na kuru\u015fu kuru\u015funa verilmesi \u00e7a\u011fr\u0131s\u0131 yapm\u0131\u015ft\u0131. Haluk Levent bu \u00e7a\u011fr\u0131n\u0131n ard\u0131ndan ba\u015flayana tart\u0131\u015fmalara yan\u0131t vererek, t\u00fcm harcama kalemlerini sosyal medya hesaplar\u0131ndan tek tek a\u00e7\u0131klayaca\u011f\u0131n\u0131 duyurdu.<\/p>\n\n\n\n<p class=\"wp-block-paragraph\">Gazeteci&nbsp;<a href=\"https:\/\/www.sondakika.com\/fatih-altayli\/\">Fatih Altayl\u0131<\/a>, kar\u015f\u0131l\u0131ks\u0131z \u00e7ek iddialar\u0131yla g\u00fcndeme gelen AHBAP Derne\u011fi Ba\u015fkan\u0131&nbsp;<a href=\"https:\/\/www.sondakika.com\/haluk-levent\/\">Haluk Levent<\/a>&#8216;e \u015feffafl\u0131k \u00e7a\u011fr\u0131s\u0131nda bulunmu\u015f ve deprem d\u00f6neminde toplanan&nbsp; 7 milyar dolarl\u0131k ba\u011f\u0131\u015f\u0131n hesab\u0131n\u0131 kalem kalem verilmesi gerekti\u011fini s\u00f6ylemi\u015fti. Depremin \u00fczerinden ge\u00e7en zaman dilimine dikkat \u00e7eken Altayl\u0131, o d\u00f6nemde verilen &#8220;\u015feffafl\u0131k&#8221; s\u00f6zlerinin tutulmad\u0131\u011f\u0131n\u0131 iddia etmi\u015fti.<\/p>\n\n\n\n<p class=\"wp-block-paragraph\">Altayl\u0131,&nbsp;&#8220;O g\u00fcnlerde Haluk Levent her yerde &#8216;Harcad\u0131\u011f\u0131m\u0131z her kuru\u015fun hesab\u0131n\u0131 verece\u011fiz. \u00c7ok \u015feffaf olaca\u011f\u0131z&#8217; s\u00f6z\u00fc veriyordu. Biz de iyi niyetine ve kendisine inan\u0131yorduk. Aradan \u00fc\u00e7 y\u0131l ge\u00e7ti. Haluk Levent &#8216;Kuru\u015f kuru\u015f hesab\u0131n\u0131 verece\u011fiz&#8217; dedi\u011fi deprem yard\u0131mlar\u0131n\u0131 ne yapt\u0131, ben bilmiyorum. Ahbap\u2019\u0131n internet sitesinde bu konu ile ilgili net bir bilgi yok, hesap d\u00f6k\u00fcm\u00fc yok. Haluk Levent\u2019in s\u00f6z verdi\u011fi gibi t\u00fcm mali raporlar\u0131 a\u00e7\u0131klamas\u0131, Ahbap\u2019\u0131n deprem i\u00e7in toplad\u0131\u011f\u0131 bug\u00fcn\u00fcn paras\u0131yla yakla\u015f\u0131k 7 milyar TL\u2019nin ya da 158 milyon dolar\u0131n hesab\u0131n\u0131 T\u00fcrk halk\u0131na kuru\u015f kuru\u015f vermesi gerekmektedir.&#8221; demi\u015fti.&nbsp;<\/p>\n\n\n\n<h3 class=\"wp-block-heading\">HALUK LEVENT&#8217;TEN YANIT: H\u0130\u00c7 K\u0130MSEDE EN UFAK \u015e\u00dcPHE KALMAYACAK<\/h3>\n\n\n\n<p class=\"wp-block-paragraph\">Fatih Altayl\u0131&#8217;n\u0131n bu \u00e7\u0131k\u0131\u015f\u0131 ve kamuoyunda ba\u015flayan tart\u0131\u015fmalar \u00fczerine AHBAP Derne\u011fi Ba\u015fkan\u0131 Haluk Levent, sosyal medya hesaplar\u0131 \u00fczerinden bir a\u00e7\u0131klama yay\u0131nlad\u0131. Son g\u00fcnlerde hakk\u0131nda \u00e7\u0131kan ekonomik s\u0131k\u0131nt\u0131 iddialar\u0131na da de\u011finen Levent, deprem paralar\u0131n\u0131n ak\u0131betine y\u00f6nelik ak\u0131llarda hi\u00e7bir soru i\u015fareti b\u0131rakmayaca\u011f\u0131n\u0131 vurgulad\u0131.<\/p>\n\n\n\n<h3 class=\"wp-block-heading\">PER\u015eEMBE SAAT 20.00&#8217;DE&nbsp;<\/h3>\n\n\n\n<p class=\"wp-block-paragraph\">Dernek hesaplar\u0131n\u0131n zaten resmi olarak denetlendi\u011fini belirten Haluk Levent, yapt\u0131\u011f\u0131 a\u00e7\u0131klamada \u015funlar\u0131 kaydetti:<\/p>\n\n\n\n<p class=\"wp-block-paragraph\">&#8220;Dostlar\u0131m! Birka\u00e7 g\u00fcnd\u00fcr ekonomik sorunlar\u0131m konu\u015fuluyor. Haliyle deprem d\u00f6neminde Ahbap\u2019a yap\u0131lan ba\u011f\u0131\u015flar\u0131n da\u011f\u0131t\u0131m\u0131 ile ilgili sorular gelmeye ba\u015flad\u0131. Ge\u00e7ti\u011fimiz aylarda t\u00fcm deprem d\u00f6nemine ait dernek hesaplar\u0131 \u0130\u00e7i\u015fleri Bakanl\u0131\u011f\u0131 m\u00fcfetti\u015fleri taraf\u0131ndan incelenip denetimden ge\u00e7mi\u015fti. Hi\u00e7 kimsede en ufak \u015f\u00fcphe kalmamas\u0131 i\u00e7in tek tek kalem kalem kuru\u015fu kuru\u015funa bu \u00e7al\u0131\u015fmalar\u0131 sosyal medya hesaplar\u0131mdan anlatma karar\u0131 ald\u0131m. Bu payla\u015f\u0131m Per\u015fembe saat 20.00&#8217;de t\u00fcm sosyal medya hesaplar\u0131mdan yap\u0131lacakt\u0131r.&#8221;<\/p>\n\n\n\n<figure class=\"wp-block-image\"><img decoding=\"async\" src=\"https:\/\/foto.sondakika.com\/haber\/2026\/06\/26\/deprem-bagislari-tartismasi-bu-19994109-7846_1_m.jpg\" alt=\"Deprem ba\u011f\u0131\u015flar\u0131 tart\u0131\u015fmas\u0131 b\u00fcy\u00fcyor: Haluk Levent iddialara yan\u0131t verdi\"\/><\/figure>\n\n\n\n<p class=\"wp-block-paragraph\">Levent, daha \u00f6nce de kendi mali dengesini kurmakta bazen g\u00fc\u00e7l\u00fck \u00e7ekti\u011fini a\u00e7\u0131k y\u00fcreklilikle ifade etmi\u015f ve y\u00fcr\u00fctt\u00fc\u011f\u00fc ticari faaliyetlerin Ahbap Derne\u011fi ile hi\u00e7bir ba\u011f\u0131n\u0131n bulunmad\u0131\u011f\u0131n\u0131 vurgulam\u0131\u015ft\u0131. \u00dcnl\u00fc \u015fark\u0131c\u0131,&nbsp; &#8220;Benim \u015fahsi ticaretlerim ayr\u0131, Ahbap Derne\u011fi tamamen ayr\u0131d\u0131r&#8221; a\u00e7\u0131klamas\u0131nda bulunmu\u015ftu.<\/p>\n","protected":false},"excerpt":{"rendered":"<p>Gazeteci Fatih Altayl\u0131, son g\u00fcnlerde kar\u015f\u0131l\u0131ks\u0131z \u00e7ek iddialar\u0131yla g\u00fcndeme gelen sanat\u00e7\u0131 Haluk Levent\u2019e seslenerek, 6<\/p>\n","protected":false},"author":1,"featured_media":3571,"comment_status":"open","ping_status":"open","sticky":false,"template":"","format":"standard","meta":{"_rtcl_gb_attr":"","footnotes":""},"categories":[1],"tags":[],"class_list":["post-3570","post","type-post","status-publish","format-standard","has-post-thumbnail","hentry","category-http-turkiyemhaber-com-wp-content-uploads-2026-03-saray-59-haber-13-mart-pdf"],"_links":{"self":[{"href":"https:\/\/turkiyemhaber.com\/index.php?rest_route=\/wp\/v2\/posts\/3570","targetHints":{"allow":["GET"]}}],"collection":[{"href":"https:\/\/turkiyemhaber.com\/index.php?rest_route=\/wp\/v2\/posts"}],"about":[{"href":"https:\/\/turkiyemhaber.com\/index.php?rest_route=\/wp\/v2\/types\/post"}],"author":[{"embeddable":true,"href":"https:\/\/turkiyemhaber.com\/index.php?rest_route=\/wp\/v2\/users\/1"}],"replies":[{"embeddable":true,"href":"https:\/\/turkiyemhaber.com\/index.php?rest_route=%2Fwp%2Fv2%2Fcomments&post=3570"}],"version-history":[{"count":1,"href":"https:\/\/turkiyemhaber.com\/index.php?rest_route=\/wp\/v2\/posts\/3570\/revisions"}],"predecessor-version":[{"id":3572,"href":"https:\/\/turkiyemhaber.com\/index.php?rest_route=\/wp\/v2\/posts\/3570\/revisions\/3572"}],"wp:featuredmedia":[{"embeddable":true,"href":"https:\/\/turkiyemhaber.com\/index.php?rest_route=\/wp\/v2\/media\/3571"}],"wp:attachment":[{"href":"https:\/\/turkiyemhaber.com\/index.php?rest_route=%2Fwp%2Fv2%2Fmedia&parent=3570"}],"wp:term":[{"taxonomy":"category","embeddable":true,"href":"https:\/\/turkiyemhaber.com\/index.php?rest_route=%2Fwp%2Fv2%2Fcategories&post=3570"},{"taxonomy":"post_tag","embeddable":true,"href":"https:\/\/turkiyemhaber.com\/index.php?rest_route=%2Fwp%2Fv2%2Ftags&post=3570"}],"curies":[{"name":"wp","href":"https:\/\/api.w.org\/{rel}","templated":true}]}}