{"id":3561,"date":"2026-06-26T22:09:53","date_gmt":"2026-06-26T22:09:53","guid":{"rendered":"https:\/\/turkiyemhaber.com\/?p=3561"},"modified":"2026-06-26T22:09:57","modified_gmt":"2026-06-26T22:09:57","slug":"guzelligini-annesinden-almis-duru-kinay-bodrum-sahillerinde-buyuledi","status":"publish","type":"post","link":"https:\/\/turkiyemhaber.com\/?p=3561","title":{"rendered":"G\u00fczelli\u011fini annesinden alm\u0131\u015f! Duru K\u0131nay Bodrum sahillerinde b\u00fcy\u00fcledi"},"content":{"rendered":"\n<p class=\"wp-block-paragraph\">\u00dcnl\u00fc oyuncular Emre K\u0131nay ve Emine \u00dcn&#8217;\u00fcn evlili\u011finden d\u00fcnyaya gelen 22 ya\u015f\u0131ndaki k\u0131zlar\u0131 Duru K\u0131nay, yaz sezonunu Bodrum&#8217;da a\u00e7t\u0131. Yal\u0131kavak&#8217;ta bir plajda k\u0131z arkada\u015flar\u0131yla birlikte g\u00f6r\u00fcnt\u00fclenen gen\u00e7 isim, ye\u015fil bikinisi ve annesine olan inan\u0131lmaz benzerli\u011fiyle t\u00fcm dikkatleri \u00fczerine \u00e7ekti.<\/p>\n\n\n\n<p class=\"wp-block-paragraph\"><a href=\"https:\/\/www.sondakika.com\/Magazin\/\">Magazin<\/a>&nbsp;d\u00fcnyas\u0131n\u0131n yak\u0131ndan takip etti\u011fi \u00fcnl\u00fc isimlerin \u00e7ocuklar\u0131 da ebeveynleri kadar ilgi oda\u011f\u0131 olmaya devam ediyor. T\u00fcrk televizyonlar\u0131n\u0131n sevilen oyuncular\u0131&nbsp;<a href=\"https:\/\/www.sondakika.com\/emre-kinay\/\">Emre K\u0131nay<\/a>&nbsp;ve&nbsp;<a href=\"https:\/\/www.sondakika.com\/emine-un\/\">Emine \u00dcn<\/a>&#8216;\u00fcn k\u0131zlar\u0131 Duru K\u0131nay, yaz tatili rotas\u0131n\u0131 pop\u00fcler tatil beldesi&nbsp;<a href=\"https:\/\/www.sondakika.com\/bodrum\/\">Bodrum<\/a>&#8216;a \u00e7evirdi.<\/p>\n\n\n\n<h3 class=\"wp-block-heading\">KIZ ARKADA\u015eLARIYLA BODRUM \u00c7IKARMASI<\/h3>\n\n\n\n<p class=\"wp-block-paragraph\">Gazete Magazin&#8217;den Umut \u00dcnver&#8217;in haberine g\u00f6re; yaz aylar\u0131n\u0131n gelmesiyle birlikte solu\u011fu Ege&#8217;nin serin sular\u0131nda alan 22 ya\u015f\u0131ndaki Duru K\u0131nay, Bodrum Yal\u0131kavak&#8217;taki l\u00fcks bir plajda objektiflere yans\u0131d\u0131. Gen\u00e7 isim, s\u0131cak havan\u0131n ve denizin tad\u0131n\u0131 k\u0131z arkada\u015flar\u0131yla birlikte \u00e7\u0131kararak yorgunluk att\u0131.<\/p>\n\n\n\n<figure class=\"wp-block-image\"><img decoding=\"async\" src=\"https:\/\/foto.sondakika.com\/haber\/2026\/06\/26\/guzelligini-annesinden-almis-d-19993067-6682_1_m.jpg\" alt=\"G\u00fczelli\u011fini annesinden alm\u0131\u015f! Duru K\u0131nay Bodrum sahillerinde b\u00fcy\u00fcledi\"\/><\/figure>\n\n\n\n<h3 class=\"wp-block-heading\">YE\u015e\u0130L B\u0130K\u0130N\u0130S\u0130YLE PLAJIN G\u00d6ZDES\u0130 OLDU<\/h3>\n\n\n\n<p class=\"wp-block-paragraph\">G\u00fcn boyunca yak\u0131n dostlar\u0131yla plajda keyifli vakit ge\u00e7iren ve s\u0131k s\u0131k denize girerek serinleyen Duru K\u0131nay, fit haliyle dikkat \u00e7ekti. Tercih etti\u011fi ye\u015fil bikinisiyle plaj\u0131n en \u00e7ok konu\u015fulan isimlerinden biri olan K\u0131nay, g\u00fczelli\u011fiyle dikkat \u00e7ekti.<\/p>\n\n\n\n<figure class=\"wp-block-image\"><img decoding=\"async\" src=\"https:\/\/foto.sondakika.com\/haber\/2026\/06\/26\/guzelligini-annesinden-almis-d-19993067-4633_1_m.jpg\" alt=\"G\u00fczelli\u011fini annesinden alm\u0131\u015f! Duru K\u0131nay Bodrum sahillerinde b\u00fcy\u00fcledi\"\/><\/figure>\n\n\n\n<h3 class=\"wp-block-heading\">ANNES\u0130NE OLAN BENZERL\u0130\u011e\u0130 \u015eA\u015eIRTTI<\/h3>\n\n\n\n<p class=\"wp-block-paragraph\">Duru K\u0131nay&#8217;\u0131 g\u00f6renlerin en \u00e7ok dikkatini \u00e7eken detay ise gen\u00e7 k\u0131z\u0131n \u00fcnl\u00fc annesi Emine \u00dcn&#8217;e olan inan\u0131lmaz benzerli\u011fi oldu. G\u00fczelli\u011fini annesinden ald\u0131\u011f\u0131 yorumlar\u0131 yap\u0131lan K\u0131nay, sempatik tav\u0131rlar\u0131yla takdir toplad\u0131.<\/p>\n\n\n\n<figure class=\"wp-block-image\"><img decoding=\"async\" src=\"https:\/\/foto.sondakika.com\/haber\/2026\/06\/26\/guzelligini-annesinden-almis-d-19993067-6217_1_m.jpg\" alt=\"G\u00fczelli\u011fini annesinden alm\u0131\u015f! Duru K\u0131nay Bodrum sahillerinde b\u00fcy\u00fcledi\"\/><\/figure>\n\n\n\n<h3 class=\"wp-block-heading\">OYUNCU \u00c7\u0130FT\u0130N 5 YILLIK EVL\u0130L\u0130\u011e\u0130NDEN D\u00dcNYAYA GELD\u0130<\/h3>\n\n\n\n<p class=\"wp-block-paragraph\">Hat\u0131rlanaca\u011f\u0131 \u00fczere, televizyon ekranlar\u0131n\u0131n iki sevilen ve ba\u015far\u0131l\u0131 ismi Emre K\u0131nay ile Emine \u00dcn, 2003 y\u0131l\u0131nda g\u00f6rkemli bir t\u00f6renle hayatlar\u0131n\u0131 birle\u015ftirmi\u015fti. \u00dcnl\u00fc \u00e7ift, evliliklerinin birinci y\u0131l\u0131nda, 2004&#8217;te k\u0131zlar\u0131 Duru&#8217;yu kucaklar\u0131na alarak anne-baba olma sevincini ya\u015fam\u0131\u015ft\u0131. \u0130kilinin evlili\u011fi 2009 y\u0131l\u0131nda dost\u00e7a sona ermi\u015f olsa da, her iki isim de k\u0131zlar\u0131 Duru i\u00e7in s\u0131k s\u0131k bir araya gelmeye devam ediyor.<\/p>\n\n\n\n<figure class=\"wp-block-image\"><img decoding=\"async\" src=\"https:\/\/foto.sondakika.com\/haber\/2026\/06\/26\/guzelligini-annesinden-almis-d-19993067-5749_2_m.jpg\" alt=\"G\u00fczelli\u011fini annesinden alm\u0131\u015f! Duru K\u0131nay Bodrum sahillerinde b\u00fcy\u00fcledi\"\/><\/figure>\n","protected":false},"excerpt":{"rendered":"<p>\u00dcnl\u00fc oyuncular Emre K\u0131nay ve Emine \u00dcn&#8217;\u00fcn evlili\u011finden d\u00fcnyaya gelen 22 ya\u015f\u0131ndaki k\u0131zlar\u0131 Duru K\u0131nay,<\/p>\n","protected":false},"author":1,"featured_media":3562,"comment_status":"open","ping_status":"open","sticky":false,"template":"","format":"standard","meta":{"_rtcl_gb_attr":"","footnotes":""},"categories":[41],"tags":[],"class_list":["post-3561","post","type-post","status-publish","format-standard","has-post-thumbnail","hentry","category-magazin"],"_links":{"self":[{"href":"https:\/\/turkiyemhaber.com\/index.php?rest_route=\/wp\/v2\/posts\/3561","targetHints":{"allow":["GET"]}}],"collection":[{"href":"https:\/\/turkiyemhaber.com\/index.php?rest_route=\/wp\/v2\/posts"}],"about":[{"href":"https:\/\/turkiyemhaber.com\/index.php?rest_route=\/wp\/v2\/types\/post"}],"author":[{"embeddable":true,"href":"https:\/\/turkiyemhaber.com\/index.php?rest_route=\/wp\/v2\/users\/1"}],"replies":[{"embeddable":true,"href":"https:\/\/turkiyemhaber.com\/index.php?rest_route=%2Fwp%2Fv2%2Fcomments&post=3561"}],"version-history":[{"count":1,"href":"https:\/\/turkiyemhaber.com\/index.php?rest_route=\/wp\/v2\/posts\/3561\/revisions"}],"predecessor-version":[{"id":3563,"href":"https:\/\/turkiyemhaber.com\/index.php?rest_route=\/wp\/v2\/posts\/3561\/revisions\/3563"}],"wp:featuredmedia":[{"embeddable":true,"href":"https:\/\/turkiyemhaber.com\/index.php?rest_route=\/wp\/v2\/media\/3562"}],"wp:attachment":[{"href":"https:\/\/turkiyemhaber.com\/index.php?rest_route=%2Fwp%2Fv2%2Fmedia&parent=3561"}],"wp:term":[{"taxonomy":"category","embeddable":true,"href":"https:\/\/turkiyemhaber.com\/index.php?rest_route=%2Fwp%2Fv2%2Fcategories&post=3561"},{"taxonomy":"post_tag","embeddable":true,"href":"https:\/\/turkiyemhaber.com\/index.php?rest_route=%2Fwp%2Fv2%2Ftags&post=3561"}],"curies":[{"name":"wp","href":"https:\/\/api.w.org\/{rel}","templated":true}]}}