{"id":3558,"date":"2026-06-26T22:04:58","date_gmt":"2026-06-26T22:04:58","guid":{"rendered":"https:\/\/turkiyemhaber.com\/?p=3558"},"modified":"2026-06-26T22:05:02","modified_gmt":"2026-06-26T22:05:02","slug":"fatih-urekin-dudak-ucuklatan-mirasi-icin-karar-verildi-hepsi-tek-tek-satilacak","status":"publish","type":"post","link":"https:\/\/turkiyemhaber.com\/?p=3558","title":{"rendered":"Fatih \u00dcrek&#8217;in dudak u\u00e7uklatan miras\u0131 i\u00e7in karar verildi! Hepsi tek tek sat\u0131lacak"},"content":{"rendered":"\n<p class=\"wp-block-paragraph\">Ge\u00e7ti\u011fimiz ocak ay\u0131nda hayat\u0131n\u0131 kaybederek sanat d\u00fcnyas\u0131n\u0131 yasa bo\u011fan \u00fcnl\u00fc \u015fark\u0131c\u0131 Fatih \u00dcrek&#8217;in miras\u0131yla ilgili ortaya at\u0131lan iddialara ablas\u0131 Selvi \u00dcrek yan\u0131t verdi. Aile aras\u0131nda kriz \u00e7\u0131kt\u0131\u011f\u0131 iddialar\u0131n\u0131 kesin bir dille yalanlayan Selvi \u00dcrek, sanat\u00e7\u0131n\u0131n k\u0131yafetleri, m\u00fccevherleri ve k\u00fcrklerinin sat\u0131larak elde edilecek gelirin e\u011fitime ile sokak hayvanlar\u0131na ba\u011f\u0131\u015flanaca\u011f\u0131n\u0131 a\u00e7\u0131klad\u0131.<\/p>\n\n\n\n<p class=\"wp-block-paragraph\">E\u011flence d\u00fcnyas\u0131n\u0131n unutulmaz isimlerinden biri olan ve &#8220;Hadi Hadi&#8221; \u015fark\u0131s\u0131yla haf\u0131zalara kaz\u0131nan&nbsp;<a href=\"https:\/\/www.sondakika.com\/fatih-urek\/\">Fatih \u00dcrek<\/a>&#8216;in vefat\u0131n\u0131n ard\u0131ndan geride b\u0131rakt\u0131\u011f\u0131 miras\u0131 ve bu miras\u0131n ak\u0131beti netlik kazand\u0131. Ailesi, \u00fcnl\u00fc sanat\u00e7\u0131n\u0131n en b\u00fcy\u00fck arzusunu ger\u00e7ekle\u015ftirmek i\u00e7in harekete ge\u00e7ti.<\/p>\n\n\n\n<h3 class=\"wp-block-heading\">170 G\u00dcNL\u00dcK YA\u015eAM M\u00dcCADELES\u0130N\u0130 KAYBETM\u0130\u015eT\u0130<\/h3>\n\n\n\n<p class=\"wp-block-paragraph\">Hat\u0131rlanaca\u011f\u0131 \u00fczere 59 ya\u015f\u0131ndaki sevilen sanat\u00e7\u0131, 15 Ekim 2025 tarihinde evinde ge\u00e7irdi\u011fi ani kalp krizi sonras\u0131 hastaneye kald\u0131r\u0131lm\u0131\u015ft\u0131. \u0130lk m\u00fcdahale s\u0131ras\u0131nda kalbi duran ve 20 dakikal\u0131k kalp masaj\u0131yla hayata d\u00f6nd\u00fcr\u00fclen \u00dcrek, aylarca yo\u011fun bak\u0131mda tedavi g\u00f6rm\u00fc\u015ft\u00fc. Yakla\u015f\u0131k \u00fc\u00e7 ay s\u00fcren ya\u015fam sava\u015f\u0131n\u0131 30 Ocak&#8217;ta kaybeden sanat\u00e7\u0131, \u00dcsk\u00fcdar&#8217;daki Karacaahmet Mezarl\u0131\u011f\u0131&#8217;nda g\u00f6zya\u015flar\u0131 e\u015fli\u011finde son yolculu\u011funa u\u011furlanm\u0131\u015ft\u0131.<\/p>\n\n\n\n<h3 class=\"wp-block-heading\">D\u0130KKAT \u00c7EKEN MAL VARLI\u011eI<\/h3>\n\n\n\n<p class=\"wp-block-paragraph\">Vefat\u0131n\u0131n ard\u0131ndan Fatih \u00dcrek&#8217;in y\u0131llar s\u00fcren sahne hayat\u0131 boyunca edindi\u011fi serveti de g\u00fcndeme gelmi\u015fti. Bilinen yat\u0131r\u0131mlar\u0131yla dikkat \u00e7eken \u00fcnl\u00fc sanat\u00e7\u0131n\u0131n mal varl\u0131\u011f\u0131 \u015fu \u015fekilde s\u0131ralan\u0131yordu:<\/p>\n\n\n\n<ul class=\"wp-block-list\">\n<li>Bodrum Yoku\u015fba\u015f\u0131&#8217;nda de\u011feri yakla\u015f\u0131k 170 milyon TL olan 800 metrekarelik malikane.<\/li>\n\n\n\n<li>\u0130stanbul Ata\u015fehir&#8217;de 5 adet daire.<\/li>\n\n\n\n<li>6 milyon TL de\u011ferinde l\u00fcks bir otomobil.<\/li>\n\n\n\n<li>Bankada bulunan nakit birikimi.<\/li>\n\n\n\n<li>Sahne hayat\u0131 boyunca edindi\u011fi de\u011ferli p\u0131rlanta ve m\u00fccevher koleksiyonu.<\/li>\n<\/ul>\n\n\n\n<p class=\"wp-block-paragraph\">Ayr\u0131ca sanat\u00e7\u0131n\u0131n vefat\u0131ndan k\u0131sa bir s\u00fcre \u00f6nce, b\u00fcy\u00fck bir kafe zincirindeki hissesini farkl\u0131 yat\u0131r\u0131mlarda de\u011ferlendirmek amac\u0131yla devretti\u011fi de kulislere yans\u0131m\u0131\u015ft\u0131.<\/p>\n\n\n\n<figure class=\"wp-block-image\"><img decoding=\"async\" src=\"https:\/\/foto.sondakika.com\/haber\/2026\/06\/26\/20260626_d11c28b292e7427a9a1a8558d1cbe94d.jpg\" alt=\"Fatih \u00dcrek'in dudak u\u00e7uklatan miras\u0131 i\u00e7in karar verildi! Hepsi tek tek sat\u0131lacak\"\/><\/figure>\n\n\n\n<h3 class=\"wp-block-heading\">ABLASI SELV\u0130 \u00dcREK \u0130DD\u0130ALARA SON NOKTAYI KOYDU<\/h3>\n\n\n\n<p class=\"wp-block-paragraph\">Son g\u00fcnlerde bas\u0131nda yer alan &#8220;Miras karde\u015fler aras\u0131nda payla\u015f\u0131ld\u0131, m\u00fccevherler ve evler \u00e7al\u0131nd\u0131&#8221; \u015feklindeki as\u0131ls\u0131z haberler \u00fczerine, Fatih \u00dcrek&#8217;in ablas\u0131 Selvi \u00dcrek sessizli\u011fini bozdu. S\u00fcrecin tamamen yasal bir \u00e7er\u00e7evede ilerledi\u011fini ve karde\u015fler aras\u0131nda hi\u00e7bir sorun olmad\u0131\u011f\u0131n\u0131 belirten Selvi \u00dcrek, \u015fu a\u00e7\u0131klamay\u0131 yapt\u0131:<\/p>\n\n\n\n<p class=\"wp-block-paragraph\">&#8220;Daha hastanedeyken bile hakk\u0131m\u0131zda as\u0131ls\u0131z haberler \u00e7\u0131kt\u0131. &#8216;M\u00fccevherler, k\u00fcrkler, evler ve paralar \u00e7al\u0131nd\u0131, b\u00f6l\u00fc\u015f\u00fcld\u00fc&#8217; denildi ama kesinlikle \u00f6yle bir \u015fey yok. Kendi avukat\u0131na s\u00fcreci y\u00f6netmesi i\u00e7in yetki verdik. Resmi i\u015flemler tamamland\u0131ktan sonra kalan mal varl\u0131\u011f\u0131 d\u00f6rt yasal miras\u00e7\u0131 aras\u0131nda e\u015fit \u015fekilde payla\u015f\u0131lacak.&#8221;<\/p>\n\n\n\n<p class=\"wp-block-paragraph\">Fatih \u00dcrek&#8217;in geride b\u0131rakt\u0131\u011f\u0131 vergi ve banka bor\u00e7lar\u0131n\u0131n da oldu\u011funu belirten Selvi \u00dcrek, bu bor\u00e7lar\u0131n b\u00fcy\u00fck bir k\u0131sm\u0131n\u0131n sanat\u00e7\u0131n\u0131n kendi \u00f6z kaynaklar\u0131ndan kar\u015f\u0131lanarak \u00f6dendi\u011fini s\u00f6zlerine ekledi.<\/p>\n\n\n\n<h3 class=\"wp-block-heading\">E\u015eYALARI E\u011e\u0130T\u0130M VE HAYVANLAR \u0130\u00c7\u0130N SATILACAK<\/h3>\n\n\n\n<p class=\"wp-block-paragraph\">Abla \u00dcrek, sanat\u00e7\u0131n\u0131n \u015fatafatl\u0131 sahne hayat\u0131ndan geriye kalan ki\u015fisel e\u015fyalar\u0131n\u0131n ak\u0131beti hakk\u0131nda da bilgi verdi.<\/p>\n\n\n\n<p class=\"wp-block-paragraph\">\u00dcrek, a\u00e7\u0131klamas\u0131na \u015f\u00f6yle devam etti:<\/p>\n\n\n\n<p class=\"wp-block-paragraph\">&#8220;Evet, tak\u0131lar\u0131 vard\u0131. Bir k\u0131sm\u0131 sat\u0131ld\u0131, bir k\u0131sm\u0131n\u0131 ise karde\u015fler olarak hat\u0131ra amac\u0131yla ald\u0131k. G\u00f6zl\u00fc\u011f\u00fc, birka\u00e7 \u00e7antas\u0131 gibi e\u015fyalar\u0131n\u0131 da hat\u0131ra olarak ay\u0131rd\u0131k. Ancak geriye kalan t\u00fcm e\u015fyalar\u0131n\u0131 sataca\u011f\u0131z. Daha bir s\u00fcr\u00fc ayakkab\u0131s\u0131, sahne k\u0131yafeti var. Hepsini sat\u0131p kesin olarak e\u011fitime ve biraz da hayvanlara ba\u011f\u0131\u015flayaca\u011f\u0131z.&#8221;<\/p>\n","protected":false},"excerpt":{"rendered":"<p>Ge\u00e7ti\u011fimiz ocak ay\u0131nda hayat\u0131n\u0131 kaybederek sanat d\u00fcnyas\u0131n\u0131 yasa bo\u011fan \u00fcnl\u00fc \u015fark\u0131c\u0131 Fatih \u00dcrek&#8217;in miras\u0131yla ilgili<\/p>\n","protected":false},"author":1,"featured_media":3559,"comment_status":"open","ping_status":"open","sticky":false,"template":"","format":"standard","meta":{"_rtcl_gb_attr":"","footnotes":""},"categories":[41],"tags":[],"class_list":["post-3558","post","type-post","status-publish","format-standard","has-post-thumbnail","hentry","category-magazin"],"_links":{"self":[{"href":"https:\/\/turkiyemhaber.com\/index.php?rest_route=\/wp\/v2\/posts\/3558","targetHints":{"allow":["GET"]}}],"collection":[{"href":"https:\/\/turkiyemhaber.com\/index.php?rest_route=\/wp\/v2\/posts"}],"about":[{"href":"https:\/\/turkiyemhaber.com\/index.php?rest_route=\/wp\/v2\/types\/post"}],"author":[{"embeddable":true,"href":"https:\/\/turkiyemhaber.com\/index.php?rest_route=\/wp\/v2\/users\/1"}],"replies":[{"embeddable":true,"href":"https:\/\/turkiyemhaber.com\/index.php?rest_route=%2Fwp%2Fv2%2Fcomments&post=3558"}],"version-history":[{"count":1,"href":"https:\/\/turkiyemhaber.com\/index.php?rest_route=\/wp\/v2\/posts\/3558\/revisions"}],"predecessor-version":[{"id":3560,"href":"https:\/\/turkiyemhaber.com\/index.php?rest_route=\/wp\/v2\/posts\/3558\/revisions\/3560"}],"wp:featuredmedia":[{"embeddable":true,"href":"https:\/\/turkiyemhaber.com\/index.php?rest_route=\/wp\/v2\/media\/3559"}],"wp:attachment":[{"href":"https:\/\/turkiyemhaber.com\/index.php?rest_route=%2Fwp%2Fv2%2Fmedia&parent=3558"}],"wp:term":[{"taxonomy":"category","embeddable":true,"href":"https:\/\/turkiyemhaber.com\/index.php?rest_route=%2Fwp%2Fv2%2Fcategories&post=3558"},{"taxonomy":"post_tag","embeddable":true,"href":"https:\/\/turkiyemhaber.com\/index.php?rest_route=%2Fwp%2Fv2%2Ftags&post=3558"}],"curies":[{"name":"wp","href":"https:\/\/api.w.org\/{rel}","templated":true}]}}