{"id":3555,"date":"2026-06-26T21:01:10","date_gmt":"2026-06-26T21:01:10","guid":{"rendered":"https:\/\/turkiyemhaber.com\/?p=3555"},"modified":"2026-06-26T21:01:14","modified_gmt":"2026-06-26T21:01:14","slug":"nigdede-havai-fisek-fabrikasinda-patlama-olu-ve-yarali-var","status":"publish","type":"post","link":"https:\/\/turkiyemhaber.com\/?p=3555","title":{"rendered":"Ni\u011fde&#8217;de havai fi\u015fek fabrikas\u0131nda patlama! \u00d6l\u00fc ve yaral\u0131 var"},"content":{"rendered":"\n<p class=\"wp-block-paragraph\">Ni\u011fde\u2019nin Bor il\u00e7esindeki bir havai fi\u015fek fabrikas\u0131nda patlama meydana geldi. \u0130lk belirlemelere g\u00f6re olayda 1 i\u015f\u00e7i hayat\u0131n\u0131 kaybederken, 1 i\u015f\u00e7i de a\u011f\u0131r yaraland\u0131. \u0130tfaiye ekipleri patlaman\u0131n ard\u0131ndan fabrikada \u00e7\u0131kan yang\u0131n\u0131 kontrol alt\u0131na ald\u0131. Ayn\u0131 fabrikada daha \u00f6nce Ocak 2018\u2019de ya\u015fanan patlamada 2 ki\u015fi hayat\u0131n\u0131 kaybetmi\u015fti.<\/p>\n\n\n\n<p class=\"wp-block-paragraph\"><a href=\"https:\/\/www.sondakika.com\/nigde\/\">Ni\u011fde<\/a>&#8216;nin&nbsp;<a href=\"https:\/\/www.sondakika.com\/bor\/\">Bor<\/a>&nbsp;il\u00e7esine ba\u011fl\u0131 Kemerhisar beldesinde \u00f6zel bir firmaya ait havai fi\u015fek fabrikas\u0131nda hen\u00fcz bilinmeyen nedenle patlama meydana geldi.<\/p>\n\n\n\n<h3 class=\"wp-block-heading\">1 \u00d6L\u00dc, 1 A\u011eIR YARALI&nbsp;&nbsp;<\/h3>\n\n\n\n<p class=\"wp-block-paragraph\">Saat 16.45 s\u0131ralar\u0131nda ger\u00e7ekle\u015fen patlamada, fabrikadaki i\u015f\u00e7ilerden Nuri \u00d6zkan hayat\u0131n\u0131 kaybederken Yasin Demirba\u015f ise a\u011f\u0131r yaraland\u0131. Yaral\u0131 i\u015f\u00e7i ambulansla Bor Devlet ve Ni\u011fde E\u011fitim ve Ara\u015ft\u0131rma Hastanesine g\u00f6t\u00fcr\u00fclerek tedavi alt\u0131na al\u0131nd\u0131.<\/p>\n\n\n\n<figure class=\"wp-block-image\"><img decoding=\"async\" src=\"https:\/\/foto.sondakika.com\/haber\/2026\/06\/26\/nigdede-havai-fisek-fabrikasin-19993242-6545_1_m.jpg\" alt=\"Ni\u011fde'de havai fi\u015fek fabrikas\u0131nda patlama! \u00d6l\u00fc ve yaral\u0131 var\"\/><\/figure>\n\n\n\n<h3 class=\"wp-block-heading\">VAL\u0130 AKME\u015eE: YANGIN S\u00d6ND\u00dcR\u00dcLD\u00dc<\/h3>\n\n\n\n<p class=\"wp-block-paragraph\">Ni\u011fde Valisi Nedim Akme\u015fe, patlaman\u0131n ard\u0131ndan yapt\u0131\u011f\u0131 a\u00e7\u0131klamada fabrikada \u00e7\u0131kan yang\u0131n\u0131n s\u00f6nd\u00fcr\u00fcld\u00fc\u011f\u00fcn\u00fc belirterek, &#8220;Bu yerler g\u00fcvenlik \u00f6nlemleri al\u0131nm\u0131\u015f \u015fekilde konumland\u0131r\u0131l\u0131yor. \u0130malat b\u00fct\u00fcn halde de\u011fil, par\u00e7a par\u00e7a yerlerde yap\u0131l\u0131yor. \u015eu anda devam eden bir durum yok. Hayat\u0131n\u0131 kaybeden vatanda\u015f\u0131m\u0131za ba\u015fsa\u011fl\u0131\u011f\u0131, yaral\u0131 i\u015f\u00e7imize de ge\u00e7mi\u015f olsun dileklerimizi iletiyoruz. Vali yard\u0131mc\u0131s\u0131 ba\u015fkanl\u0131\u011f\u0131ndaki komisyon da \u00e7al\u0131\u015fmalar\u0131na ba\u015flad\u0131. Nedenine ili\u015fkin \u00e7al\u0131\u015fmalar ile adli ve idari i\u015flemler y\u00fcr\u00fct\u00fclecek&#8221; ifadelerini kulland\u0131.<\/p>\n\n\n\n<figure class=\"wp-block-image\"><img decoding=\"async\" src=\"https:\/\/foto.sondakika.com\/haber\/2026\/06\/26\/nigdede-havai-fisek-fabrikasin-19993242-1973_1_m.jpg\" alt=\"Ni\u011fde'de havai fi\u015fek fabrikas\u0131nda patlama! \u00d6l\u00fc ve yaral\u0131 var\"\/><\/figure>\n\n\n\n<h3 class=\"wp-block-heading\">\u0130NCELEME BA\u015eLATILDI<\/h3>\n\n\n\n<p class=\"wp-block-paragraph\">Ni\u011fde Valili\u011finden yap\u0131lan a\u00e7\u0131klamada ise ihbar\u0131n al\u0131nmas\u0131n\u0131n ard\u0131ndan olay yerine jandarmadan 2 ara\u00e7 8 personel, 112 Acil Sa\u011fl\u0131k ekiplerinden 3 ara\u00e7 9 personel, itfaiyeden 3 ara\u00e7 8 personel, AFAD&#8217;dan 1 ara\u00e7 3 personel ve MEDA?&#8217;tan 1 ara\u00e7 2 personel sevk edilerek gerekli m\u00fcdahalelere ivedilikle ba\u015flan\u0131ld\u0131\u011f\u0131 belirtildi.<\/p>\n\n\n\n<figure class=\"wp-block-image\"><img decoding=\"async\" src=\"https:\/\/foto.sondakika.com\/haber\/2026\/06\/26\/nigdede-havai-fisek-fabrikasin-19993242-1738_1_m.jpg\" alt=\"Ni\u011fde'de havai fi\u015fek fabrikas\u0131nda patlama! \u00d6l\u00fc ve yaral\u0131 var\"\/><\/figure>\n\n\n\n<p class=\"wp-block-paragraph\">Patlama sonucu \u00e7\u0131kan yang\u0131n\u0131n ekiplerin m\u00fcdahalesiyle kontrol alt\u0131na al\u0131nd\u0131\u011f\u0131 aktar\u0131lan a\u00e7\u0131klamada, \u015funlar kaydedildi:&nbsp;&#8220;Olayda 1 vatanda\u015f\u0131m\u0131z hayat\u0131n\u0131 kaybetmi\u015f, 1 vatanda\u015f\u0131m\u0131z yaralanm\u0131\u015ft\u0131r. Yaral\u0131 vatanda\u015f\u0131m\u0131z, Bor Devlet Hastanesi&#8217;nde yap\u0131lan ilk m\u00fcdahalenin ard\u0131ndan ileri tetkik ve tedavi amac\u0131yla il d\u0131\u015f\u0131ndaki bir sa\u011fl\u0131k kurulu\u015funa sevk edilmi\u015ftir. Olayla ilgili adli soru\u015fturma ve idari inceleme ba\u015flat\u0131lm\u0131\u015ft\u0131r. Hayat\u0131n\u0131 kaybeden vatanda\u015f\u0131m\u0131za Allah&#8217;tan rahmet, ailesine ve yak\u0131nlar\u0131na ba\u015fsa\u011fl\u0131\u011f\u0131; yaral\u0131 vatanda\u015f\u0131m\u0131za acil \u015fifalar diliyoruz.&#8221;<\/p>\n\n\n\n<figure class=\"wp-block-image\"><img decoding=\"async\" src=\"https:\/\/foto.sondakika.com\/haber\/2026\/06\/26\/nigdede-havai-fisek-fabrikasin-19993242-1713_1_m.jpg\" alt=\"Ni\u011fde'de havai fi\u015fek fabrikas\u0131nda patlama! \u00d6l\u00fc ve yaral\u0131 var\"\/><\/figure>\n\n\n\n<h3 class=\"wp-block-heading\">2 K\u0130\u015e\u0130 HAYATINI KAYBETM\u0130\u015eT\u0130<\/h3>\n\n\n\n<p class=\"wp-block-paragraph\">Ayn\u0131 fabrikada 27 Ocak 2018&#8217;de meydana gelen patlamada 2 ki\u015fi hayat\u0131n\u0131 kaybetmi\u015fti.<\/p>\n","protected":false},"excerpt":{"rendered":"<p>Ni\u011fde\u2019nin Bor il\u00e7esindeki bir havai fi\u015fek fabrikas\u0131nda patlama meydana geldi. \u0130lk belirlemelere g\u00f6re olayda 1<\/p>\n","protected":false},"author":1,"featured_media":3556,"comment_status":"open","ping_status":"open","sticky":false,"template":"","format":"standard","meta":{"_rtcl_gb_attr":"","footnotes":""},"categories":[1],"tags":[],"class_list":["post-3555","post","type-post","status-publish","format-standard","has-post-thumbnail","hentry","category-http-turkiyemhaber-com-wp-content-uploads-2026-03-saray-59-haber-13-mart-pdf"],"_links":{"self":[{"href":"https:\/\/turkiyemhaber.com\/index.php?rest_route=\/wp\/v2\/posts\/3555","targetHints":{"allow":["GET"]}}],"collection":[{"href":"https:\/\/turkiyemhaber.com\/index.php?rest_route=\/wp\/v2\/posts"}],"about":[{"href":"https:\/\/turkiyemhaber.com\/index.php?rest_route=\/wp\/v2\/types\/post"}],"author":[{"embeddable":true,"href":"https:\/\/turkiyemhaber.com\/index.php?rest_route=\/wp\/v2\/users\/1"}],"replies":[{"embeddable":true,"href":"https:\/\/turkiyemhaber.com\/index.php?rest_route=%2Fwp%2Fv2%2Fcomments&post=3555"}],"version-history":[{"count":1,"href":"https:\/\/turkiyemhaber.com\/index.php?rest_route=\/wp\/v2\/posts\/3555\/revisions"}],"predecessor-version":[{"id":3557,"href":"https:\/\/turkiyemhaber.com\/index.php?rest_route=\/wp\/v2\/posts\/3555\/revisions\/3557"}],"wp:featuredmedia":[{"embeddable":true,"href":"https:\/\/turkiyemhaber.com\/index.php?rest_route=\/wp\/v2\/media\/3556"}],"wp:attachment":[{"href":"https:\/\/turkiyemhaber.com\/index.php?rest_route=%2Fwp%2Fv2%2Fmedia&parent=3555"}],"wp:term":[{"taxonomy":"category","embeddable":true,"href":"https:\/\/turkiyemhaber.com\/index.php?rest_route=%2Fwp%2Fv2%2Fcategories&post=3555"},{"taxonomy":"post_tag","embeddable":true,"href":"https:\/\/turkiyemhaber.com\/index.php?rest_route=%2Fwp%2Fv2%2Ftags&post=3555"}],"curies":[{"name":"wp","href":"https:\/\/api.w.org\/{rel}","templated":true}]}}