{"id":3552,"date":"2026-06-26T20:57:14","date_gmt":"2026-06-26T20:57:14","guid":{"rendered":"https:\/\/turkiyemhaber.com\/?p=3552"},"modified":"2026-06-26T20:57:18","modified_gmt":"2026-06-26T20:57:18","slug":"cumhurbaskani-erdogandan-ihracatciya-mujde-reeskont-kredilerinin-yillik-limitini-5-milyar-liraya-cikariyoruz","status":"publish","type":"post","link":"https:\/\/turkiyemhaber.com\/?p=3552","title":{"rendered":"Cumhurba\u015fkan\u0131 Erdo\u011fan&#8217;dan ihracat\u00e7\u0131ya m\u00fcjde: Reeskont kredilerinin y\u0131ll\u0131k limitini 5 milyar liraya \u00e7\u0131kar\u0131yoruz"},"content":{"rendered":"\n<p class=\"wp-block-paragraph\">T\u0130M 33&#8217;\u00fcnc\u00fc Genel Kurulu ve \u0130hracat \u015eampiyonlar\u0131 \u00d6d\u00fcl T\u00f6reni&#8217;nde konu\u015fan Cumhurba\u015fkan\u0131 Erdo\u011fan, &#8220;Biliyorsunuz daha \u00f6nce 300 milyon lira olan reeskont kredilerinin g\u00fcnl\u00fck limitini 4,5 milyar liraya y\u00fckseltmi\u015ftik. Bu defa ilave 500 milyon lira ile bu rakam\u0131 5 milyar liraya \u00e7\u0131kar\u0131yoruz. Bir di\u011fer ifadeyle, 3 y\u0131l \u00f6nce 300 milyon lira olan reeskont kredileri g\u00fcnl\u00fck limitini yakla\u015f\u0131k 17 kat art\u0131rarak 5 milyar liraya y\u00fckseltmi\u015f oluyoruz. T\u00fcm ihracat ailemize hay\u0131rl\u0131 olmas\u0131n\u0131 diliyorum&#8221; dedi.<\/p>\n\n\n\n<p class=\"wp-block-paragraph\">Cumhurba\u015fkan\u0131&nbsp;<a href=\"https:\/\/www.sondakika.com\/recep-tayyip-erdogan\/\">Recep Tayyip Erdo\u011fan<\/a>&nbsp;Hali\u00e7 Kongre Merkezi&#8217;nde d\u00fczenlenen&nbsp;<a href=\"https:\/\/www.sondakika.com\/turkiye-ihracatcilar-meclisi\/\">T\u00fcrkiye \u0130hracat\u00e7\u0131lar Meclisi<\/a>&nbsp;(T\u0130M) 33&#8217;\u00fcnc\u00fc Genel Kurulu ve \u0130hracat \u015eampiyonlar\u0131 \u00d6d\u00fcl T\u00f6reni&#8217;ne kat\u0131ld\u0131.<\/p>\n\n\n\n<p class=\"wp-block-paragraph\">Cumhurba\u015fkan\u0131 Erdo\u011fan&#8217;\u0131n a\u00e7\u0131klamalar\u0131ndan \u00f6ne \u00e7\u0131kan ba\u015fl\u0131klar:<\/p>\n\n\n\n<p class=\"wp-block-paragraph\">&#8220;T\u00fcrkiye \u0130hracat\u00e7\u0131lar Meclisimizin k\u0131ymetli \u00fcyeleri, de\u011ferli misafirler, han\u0131mefendiler, beyefendiler, sizleri en kalbi duygular\u0131mla, h\u00fcrmetle, muhabbetle selaml\u0131yorum. T\u00fcrkiye \u0130hracat\u00e7\u0131lar Meclisimizin 33. Genel Kurulu&#8217;nun \u00fclkemiz, ekonomimiz ve ihracat\u00e7\u0131lar\u0131m\u0131z i\u00e7in hay\u0131rl\u0131 olmas\u0131n\u0131 diliyorum. \u0130hracat\u0131n \u015fampiyonlar\u0131 olarak \u00f6d\u00fcl alacak firmalar\u0131m\u0131z\u0131 ve sekt\u00f6r birincisi i\u015f insanlar\u0131m\u0131z\u0131 ayr\u0131 ayr\u0131 tebrik ediyorum.<\/p>\n\n\n\n<p class=\"wp-block-paragraph\">Birazdan aktaraca\u011f\u0131m\u0131z rakamlar\u0131n her kuru\u015funun nas\u0131l kazan\u0131ld\u0131\u011f\u0131n\u0131, hangi zorlu m\u00fccadelelerin verildi\u011fini ancak bunun derdiyle dertlenen bilir. Ticaretten gelen bir karde\u015finiz olarak bu ba\u015far\u0131lar\u0131n \u00f6yle kolay elde edilmedi\u011fini; azim, sab\u0131r, gayret, kabiliyet ve kararl\u0131l\u0131k gerektirdi\u011fini \u00e7ok iyi biliyorum.<\/p>\n\n\n\n<figure class=\"wp-block-image\"><img decoding=\"async\" src=\"https:\/\/foto.sondakika.com\/haber\/2026\/06\/26\/cumhurbaskani-erdogan-1-yilda-yaptigimiz-ihra-2-19992835_o.jpg\" alt=\"Cumhurba\u015fkan\u0131 Erdo\u011fan'dan ihracat\u00e7\u0131ya m\u00fcjde: Reeskont kredilerinin y\u0131ll\u0131k limitini 5 milyar liraya \u00e7\u0131kar\u0131yoruz\"\/><\/figure>\n\n\n\n<h3 class=\"wp-block-heading\">&#8220;T\u00dcRK\u0130YE&#8217;N\u0130N YILDAN YILA ARTAN BA\u015eARI GRAF\u0130\u011e\u0130 ORTADA&#8221;<\/h3>\n\n\n\n<p class=\"wp-block-paragraph\">\u00d6zellikle ihracat, g\u00fcn\u00fcm\u00fczde art\u0131k sadece mal al\u0131p ba\u015fka bir yere satmaktan ibaret bir faaliyet olman\u0131n \u00f6tesindedir. Sizler kimi zaman bir ihracat\u00e7\u0131, kimi zaman bir g\u00f6n\u00fcl el\u00e7isi, kimi zaman da T\u00fcrkiye&#8217;nin \u00f6n\u00fcne \u00e7\u0131kar\u0131lan engelleri a\u015fmak i\u00e7in m\u00fccadele eden birer serdenge\u00e7ti olarak \u00fclkemizin y\u00fck\u00fcn\u00fc omuzluyorsunuz. Bu vesileyle, T\u0130M Ba\u015fkan\u0131na, y\u00f6netim kurulu \u00fcyelerine ve bug\u00fcne kadar T\u0130M \u00e7at\u0131s\u0131 alt\u0131nda hizmet etmi\u015f t\u00fcm karde\u015flerime te\u015fekk\u00fcr ediyorum. Yol, dava ve kader arkada\u015f\u0131m olarak g\u00f6rd\u00fc\u011f\u00fcm ihracat\u00e7\u0131lar\u0131m\u0131z\u0131n daima yan\u0131nda oldum, bundan sonra da yan\u0131n\u0131zda olmay\u0131 s\u00fcrd\u00fcrece\u011fim.<\/p>\n\n\n\n<p class=\"wp-block-paragraph\">\u00dclkemizdeki 27 sekt\u00f6r\u00fc, 61 ihracat\u00e7\u0131 birli\u011fini ve 140 bini a\u015fk\u0131n ihracat\u00e7\u0131y\u0131 \u00e7at\u0131s\u0131 alt\u0131nda toplayan T\u00fcrkiye \u0130hracat\u00e7\u0131lar Meclisi&#8217;nin amac\u0131 d\u0131\u015f ticaret fazlas\u0131 veren T\u00fcrkiye hedefine ula\u015fmakt\u0131r. D\u00fcnyan\u0131n en \u00fccra k\u00f6\u015felerinden en rekabet\u00e7i pazarlar\u0131na kadar \u00fczerinde T\u00fcrkiye m\u00fchr\u00fc ta\u015f\u0131yan her \u00fcr\u00fcnde bu devasa ailenin al\u0131n teri, dinamizmi ve k\u00fcresel vizyonu vard\u0131r.<\/p>\n\n\n\n<p class=\"wp-block-paragraph\">T\u00fcrkiye&#8217;nin y\u0131ldan y\u0131la artan ba\u015far\u0131 grafi\u011fi ortada. T\u00fcrkiye&#8217;nin kar\u015f\u0131la\u015ft\u0131\u011f\u0131 \u00e7e\u015fitli g\u00fc\u00e7l\u00fcklere ra\u011fmen nereden nereye geldi\u011fini, d\u00fcnyay\u0131 takip eden, ufku ve g\u00f6zleri a\u00e7\u0131k herkes g\u00f6rebiliyor. Konjonkt\u00fcrel gerilimlerin g\u00f6lgesinde, 2025 y\u0131l\u0131nda y\u00fczde 3,6&#8217;l\u0131k b\u00fcy\u00fcme ve 2026 y\u0131l\u0131n\u0131n ilk \u00e7eyre\u011finde ise y\u00fczde 2,5 oran\u0131nda b\u00fcy\u00fcme kaydettik ve kesintisiz b\u00fcy\u00fcme performans\u0131m\u0131z\u0131 son 23 \u00e7eyre\u011fe ta\u015f\u0131d\u0131k.<\/p>\n\n\n\n<h3 class=\"wp-block-heading\">&#8220;MAL VE H\u0130ZMET \u0130HRACATIMIZ CUMHUR\u0130YET TAR\u0130H\u0130M\u0130Z\u0130N REKORUNU KIRDI&#8221;<\/h3>\n\n\n\n<p class=\"wp-block-paragraph\">K\u00fcresel pazarlarda bayra\u011f\u0131m\u0131z\u0131n dalgalanmad\u0131\u011f\u0131 tek bir g\u00fcmr\u00fck kap\u0131s\u0131 b\u0131rakmama \u015fiar\u0131yla ger\u00e7ekle\u015ftirdi\u011fimiz ihracattaki ba\u015far\u0131lar\u0131m\u0131z art\u0131k milli motivasyon kayna\u011f\u0131m\u0131z haline gelmi\u015f durumda. 2025 y\u0131l\u0131nda mal ve hizmet ihracat\u0131m\u0131z 395,9 milyar dolarla cumhuriyet tarihimizin rekorunu k\u0131rd\u0131. 2002 y\u0131l\u0131nda yaln\u0131zca 36 milyar dolar olan mal ihracat\u0131m\u0131z 2025 itibar\u0131yla 273,3 milyar dolara y\u00fckseldi.<\/p>\n\n\n\n<p class=\"wp-block-paragraph\">Hizmet ihracat\u0131m\u0131z ise 2002 y\u0131l\u0131ndaki 14 milyar dolardan ge\u00e7en y\u0131l 122,6 milyar dolara \u00e7\u0131kt\u0131. K\u00fcresel mal ihracat\u0131ndaki pay\u0131m\u0131z binde 55&#8217;ten y\u00fczde 1,04&#8217;e, hizmet ihracat\u0131m\u0131zdaki pay\u0131m\u0131z da binde 89&#8217;dan y\u00fczde 1,28&#8217;e ula\u015ft\u0131.<\/p>\n\n\n\n<figure class=\"wp-block-image\"><img decoding=\"async\" src=\"https:\/\/foto.sondakika.com\/haber\/2026\/06\/26\/cumhurbaskani-erdogan-1-yilda-yaptigimiz-ihra-19992835_o.jpg\" alt=\"Cumhurba\u015fkan\u0131 Erdo\u011fan'dan ihracat\u00e7\u0131ya m\u00fcjde: Reeskont kredilerinin y\u0131ll\u0131k limitini 5 milyar liraya \u00e7\u0131kar\u0131yoruz\"\/><\/figure>\n\n\n\n<h3 class=\"wp-block-heading\">&#8220;YAKALADI\u011eIMIZ \u0130VME 2026 YILINDA DA DEVAM ED\u0130YOR&#8221;<\/h3>\n\n\n\n<p class=\"wp-block-paragraph\">\u0130hracatta yakalad\u0131\u011f\u0131m\u0131z ivme, hamdolsun 2026 y\u0131l\u0131nda da kald\u0131\u011f\u0131 yerden devam ediyor. May\u0131s ay\u0131nda tatil etkisiyle d\u0131\u015f ticaret verilerimizde ge\u00e7ici bir yava\u015flama oldu. Ama 22 May\u0131s tarihinde g\u00fcnl\u00fck ihracatta 2,4 milyar dolar ile t\u00fcm zamanlar\u0131n en y\u00fcksek de\u011ferine ula\u015ft\u0131k. Tabii T\u00fcrkiye&#8217;nin ihracat\u0131ndaki art\u0131\u015f sadece nicelik olarak de\u011fil, nitelik olarak da b\u00fcy\u00fck bir geli\u015fim g\u00f6steriyor. 2002 y\u0131l\u0131nda 10 milyar dolar olan orta-y\u00fcksek ve y\u00fcksek teknolojili \u00fcr\u00fcn ihracat\u0131m\u0131z 2025 y\u0131l\u0131nda 112 milyar dolara y\u00fckseldi. Y\u0131ll\u0131kland\u0131r\u0131lm\u0131\u015f orta-y\u00fcksek ve y\u00fcksek teknolojili imalat sanayi \u00fcr\u00fcnleri ihracat\u0131m\u0131z ise 114,4 milyar dolar\u0131 buldu.<\/p>\n\n\n\n<h3 class=\"wp-block-heading\">&#8220;SAVUNMA VE HAVACILIK \u0130HRACATI 3 M\u0130LYAR 863 M\u0130LYON DOLAR OLARAK GER\u00c7EKLE\u015eT\u0130&#8221;<\/h3>\n\n\n\n<p class=\"wp-block-paragraph\">\u015eu rakamlara \u00f6zellikle dikkatinizi \u00e7ekmek isterim. Son verilere g\u00f6re savunma ve havac\u0131l\u0131k ihracat\u0131 Ocak-May\u0131s d\u00f6neminde y\u00fczde 29 art\u0131\u015fla 3 milyar 863 milyon dolar olarak ger\u00e7ekle\u015fti. B\u00f6ylece savunma ihracat\u0131m\u0131zda y\u0131l\u0131n ilk 5 ay\u0131nda y\u00fczde 29,5 art\u0131\u015f oldu. Y\u0131ll\u0131k 248 milyon dolar savunma sanayii ihracat\u0131ndan bug\u00fcn ayn\u0131 sekt\u00f6rde ayl\u0131k 992 milyon dolar ihracat yapan seviyeye geldik. Yani, 1 y\u0131lda yapt\u0131\u011f\u0131m\u0131z ihracat\u0131, hamdolsun art\u0131k 1 haftada yap\u0131yoruz. Bu rakamlar T\u00fcrkiye&#8217;nin teknoloji yo\u011fun \u00fcr\u00fcnlere olan y\u00f6neliminin bir sonucu olarak ger\u00e7ekle\u015fti ve bu pay\u0131n daha da art\u0131r\u0131lmas\u0131n\u0131 hedefliyoruz.<\/p>\n\n\n\n<figure class=\"wp-block-image\"><img decoding=\"async\" src=\"https:\/\/foto.sondakika.com\/haber\/2026\/06\/26\/cumhurbaskani-erdogan-1-yilda-yaptigimiz-ihra-4-19992835_o.jpg\" alt=\"Cumhurba\u015fkan\u0131 Erdo\u011fan'dan ihracat\u00e7\u0131ya m\u00fcjde: Reeskont kredilerinin y\u0131ll\u0131k limitini 5 milyar liraya \u00e7\u0131kar\u0131yoruz\"\/><\/figure>\n\n\n\n<h3 class=\"wp-block-heading\">&#8220;OCAK-MAYIS D\u00d6NEM\u0130NDE 21 \u0130L\u0130M\u0130Z 1 M\u0130LYAR DOLARIN \u00dcZER\u0130NDE \u0130HRACAT YAPTI&#8221;<\/h3>\n\n\n\n<p class=\"wp-block-paragraph\">Bir di\u011fer g\u00fcndemimiz ihracat\u0131m\u0131z\u0131 \u00fclke sath\u0131na yaymakt\u0131r. Bunda da hamdolsun \u00f6nemli ilerlemeler kaydettik. Ocak-May\u0131s d\u00f6neminde 21 ilimiz 1 milyar dolar\u0131n \u00fczerinde ihracat yapt\u0131. Daha fazla ilimizi ihracatta pay sahibi k\u0131lmak i\u00e7in \u00e7al\u0131\u015fmalar\u0131m\u0131z s\u00fcr\u00fcyor. \u015eunu bir defa herkesin bilmesini temenni ederim. Etraf\u0131ndaki onca s\u0131k\u0131nt\u0131ya, \u00e7at\u0131\u015fmaya, krize ra\u011fmen d\u00fcnyada \u00fclkemizin ihracattaki bu h\u0131zl\u0131 y\u00fckseli\u015fiyle mukayese edilebilecek pek az \u00f6rnek vard\u0131r. Elbette buralarda durmayaca\u011f\u0131z, mevcutla yetinmeyece\u011fiz.<\/p>\n\n\n\n<h3 class=\"wp-block-heading\">&#8220;UZAK \u00dcLKELERE \u0130HRACATIMIZI 50 M\u0130LYAR DOLARA ULA\u015eTIRMAYI HEDEFL\u0130YORUZ&#8221;<\/h3>\n\n\n\n<p class=\"wp-block-paragraph\">Yak\u0131n co\u011frafyalarda yo\u011funla\u015fan ihracat a\u011f\u0131m\u0131z\u0131 daha uzak co\u011frafyalara do\u011fru geni\u015fleterek, ihracat\u00e7\u0131m\u0131z\u0131n yeni ihtiya\u00e7lar\u0131n\u0131 kar\u015f\u0131layacak yeni imkanlar geli\u015ftirerek, artan ihracat\u0131m\u0131z\u0131n h\u0131z\u0131na ve ihtiya\u00e7lar\u0131na uygun finansman\u0131 sa\u011flayacak yeni mekanizmalarla bu ba\u015far\u0131 hikayesini daha da ileriye ta\u015f\u0131yaca\u011f\u0131z.<\/p>\n\n\n\n<p class=\"wp-block-paragraph\">\u0130n\u015fallah bunu da 23 y\u0131ld\u0131r oldu\u011fu gibi yine sizlerle birlikte ba\u015faraca\u011f\u0131z. Limanlar\u0131m\u0131zdan kalkan gemiler, s\u0131n\u0131rlar\u0131m\u0131zdan \u00e7\u0131kan t\u0131rlar, T\u00fcrkiye&#8217;de \u00fcretilen \u00fcr\u00fcnleri ta\u015f\u0131s\u0131n kargo u\u00e7aklar\u0131 i\u015f insanlar\u0131m\u0131z i\u00e7in \u00e7al\u0131\u015fs\u0131n diye \u00fczerimize d\u00fc\u015feni yap\u0131yoruz. \u0130hracat\u00e7\u0131m\u0131z i\u00e7in yeri geldi kendi b\u00fcrokrasimizi h\u0131zland\u0131rd\u0131k, yeri geldi di\u011fer \u00fclkelerle m\u00fczakere ederek engelleri kald\u0131rd\u0131k. Ne zaman bir devlet ve h\u00fck\u00fcmet ba\u015fkan\u0131yla bir araya gelsem notlar\u0131mda ihracat\u00e7\u0131lar\u0131m\u0131z\u0131n, yat\u0131r\u0131mc\u0131lar\u0131m\u0131z\u0131n talepleri hep \u00fcst s\u0131ralardad\u0131r.<\/p>\n\n\n\n<p class=\"wp-block-paragraph\">Mutlaka konuyu muhatab\u0131mla masaya yat\u0131r\u0131r ve \u00e7\u00f6z\u00fcm iradesinin ticaret yollar\u0131na yans\u0131mas\u0131 i\u00e7in de arkada\u015flar\u0131m\u0131 g\u00f6revlendiririm. Daha sonra da bu g\u00f6revlerin takibini \u00e7ok s\u0131k\u0131 bir \u015fekilde yapar\u0131m. Di\u011fer \u00fclke liderleri de bizim bu tutumumuzu bildikleri i\u00e7in i\u015f insanlar\u0131m\u0131za kap\u0131lar\u0131n\u0131 a\u00e7m\u0131\u015f, T\u00fcrk i\u015f camias\u0131n\u0131 ba\u011f\u0131rlar\u0131na basm\u0131\u015flard\u0131r. Serbest ticaret anla\u015fmalar\u0131ndan tercihli ticaret anla\u015fmalar\u0131na, yat\u0131r\u0131mlar\u0131n kar\u015f\u0131l\u0131kl\u0131 te\u015fvikinden \u00e7ifte vergilendirmenin \u00f6nlenmesine kadar sizleri te\u015fvik edecek her t\u00fcrl\u00fc hukuki altyap\u0131y\u0131 kurduk, kuruyoruz. \u00d6zellikle uzak \u00fclkelere ihracat\u0131m\u0131z\u0131 2028 y\u0131l\u0131na kadar 50 milyar dolara ula\u015ft\u0131rmay\u0131 hedefliyoruz. Ciddi potansiyel bar\u0131nd\u0131ran \u0130slam \u0130\u015fbirli\u011fi Te\u015fkilat\u0131 \u00fcyesi \u00fclkelerin toplam ihracat\u0131m\u0131zdaki pay\u0131n\u0131 ise y\u00fczde 30 seviyesine \u00e7\u0131karmak i\u00e7in \u00e7al\u0131\u015f\u0131yoruz.<\/p>\n\n\n\n<figure class=\"wp-block-image\"><img decoding=\"async\" src=\"https:\/\/foto.sondakika.com\/haber\/2026\/06\/26\/cumhurbaskani-erdogan-1-yilda-yaptigimiz-ihra-9-19992835_o.jpg\" alt=\"Cumhurba\u015fkan\u0131 Erdo\u011fan'dan ihracat\u00e7\u0131ya m\u00fcjde: Reeskont kredilerinin y\u0131ll\u0131k limitini 5 milyar liraya \u00e7\u0131kar\u0131yoruz\"\/><\/figure>\n\n\n\n<h3 class=\"wp-block-heading\">&#8220;EXIMBANK&#8217;IN SERMAYES\u0130N\u0130 13,8 M\u0130LYAR L\u0130RADAN 100 M\u0130LYAR L\u0130RAYA \u00c7IKARDIK&#8221;<\/h3>\n\n\n\n<p class=\"wp-block-paragraph\">Di\u011fer taraftan ta\u015f\u0131may\u0131 kolayla\u015ft\u0131rmak i\u00e7in dijitalle\u015fmenin t\u00fcm imkanlar\u0131n\u0131 kullanarak g\u00fcmr\u00fck s\u00fcre\u00e7lerimizi s\u00fcrekli h\u0131zland\u0131r\u0131yoruz. Ayr\u0131ca finansman ara\u00e7lar\u0131n\u0131n \u00e7e\u015fitlendirilmesi ve eri\u015filebilirli\u011finin art\u0131r\u0131lmas\u0131 i\u00e7in \u00f6nemli ad\u0131mlar at\u0131yoruz. T\u00fcrk Eximbank ve T\u00fcrkiye Ticaret Bankas\u0131 ve \u0130hracat\u0131 Geli\u015ftirme Anonim \u015eirketi eliyle ihracat menzilimizi geni\u015fletecek destekleri kesintisiz sa\u011fl\u0131yoruz.<\/p>\n\n\n\n<p class=\"wp-block-paragraph\">Eximbank&#8217;\u0131n sermayesini 13,8 milyar liradan 100 milyar liraya \u00e7\u0131kard\u0131k. Bankam\u0131z\u0131n kredi ve sigorta deste\u011fi bu y\u0131l\u0131n ilk 5 ay\u0131nda y\u00fczde 31 art\u0131\u015fla 26 milyar dolara ula\u015ft\u0131. \u0130n\u015fallah y\u0131l sonunda bankam\u0131z 60 milyar dolarl\u0131k destekle rekor k\u0131racak. \u00d6te yandan faaliyetlerine yak\u0131n zamanda ba\u015flayan T\u00fcrkiye Ticaret Bankas\u0131 2025 y\u0131l\u0131nda ihracat\u00e7\u0131lar\u0131m\u0131za 76,3 milyar lira finansman deste\u011fi verdi. \u0130hracat\u0131 Geli\u015ftirme Anonim \u015eirketi ise 2025 y\u0131l\u0131 sonu itibar\u0131yla ihracat\u00e7\u0131lar\u0131m\u0131z\u0131n 228 milyar liral\u0131k kredisine 200 milyar lira de\u011ferinde kefalet sa\u011flad\u0131.<\/p>\n\n\n\n<p class=\"wp-block-paragraph\">Merkez Bankam\u0131z\u0131n kulland\u0131rd\u0131\u011f\u0131 reeskont kredileri son 1 y\u0131lda 1 trilyon 300 milyar lira oldu. \u00d6te yandan ba\u015fta Avrupa pazar\u0131 olmak \u00fczere k\u00fcresel pazarlar\u0131n i\u00e7inde bulundu\u011fu olumsuz atmosfer sebebiyle ya\u015fanan zorluklar\u0131n fark\u0131nday\u0131z. \u00d6zellikle bu g\u00fc\u00e7l\u00fckleri a\u015fman\u0131za yard\u0131mc\u0131 olmak gayesiyle ihracat\u00e7\u0131lar\u0131m\u0131za d\u00f6viz d\u00f6n\u00fc\u015f\u00fcm deste\u011fi sunuyor, \u00fcretim ve rekabet g\u00fc\u00e7lerini destekliyoruz.<\/p>\n\n\n\n<h3 class=\"wp-block-heading\">&#8220;REESKONT KRED\u0130LER\u0130N\u0130N G\u00dcNL\u00dcK L\u0130M\u0130T\u0130N\u0130 5 M\u0130LYAR L\u0130RAYA \u00c7IKARIYORUZ&#8221;<\/h3>\n\n\n\n<p class=\"wp-block-paragraph\">Bu vesileyle sevindirici bir haberi sizlerle payla\u015fmak istiyorum. Biliyorsunuz daha \u00f6nce 300 milyon lira olan reeskont kredilerinin g\u00fcnl\u00fck limitini 4,5 milyar liraya y\u00fckseltmi\u015ftik. Bu defa ilave 500 milyon lira ile bu rakam\u0131 5 milyar liraya \u00e7\u0131kar\u0131yoruz. Bir di\u011fer ifadeyle, 3 y\u0131l \u00f6nce 300 milyon lira olan reeskont kredileri g\u00fcnl\u00fck limitini yakla\u015f\u0131k 17 kat art\u0131rarak 5 milyar liraya y\u00fckseltmi\u015f oluyoruz. T\u00fcm ihracat ailemize hay\u0131rl\u0131 olmas\u0131n\u0131 diliyorum.<\/p>\n\n\n\n<h3 class=\"wp-block-heading\">&#8220;T\u00dcRK\u0130YE D\u00dcN\u00dcN KEND\u0130 \u0130\u00c7\u0130NE KAPANIK T\u00dcRK\u0130YE&#8217;S\u0130 DE DE\u011e\u0130LD\u0130R&#8221;<\/h3>\n\n\n\n<p class=\"wp-block-paragraph\">De\u011ferli arkada\u015flar, b\u00f6lgemizdeki her t\u00fcrl\u00fc siyasi, ekonomik, sosyal gerilim elbette bizi de etkiliyor, etkileyecektir. Ancak T\u00fcrkiye d\u00fcn\u00fcn kendi i\u00e7ine kapan\u0131k T\u00fcrkiye&#8217;si de de\u011fildir. Art\u0131k her alanda d\u00fcnya ile b\u00fct\u00fcnle\u015fmi\u015f, g\u00f6z hizas\u0131nda ili\u015fkiler kurma kabiliyeti kazanm\u0131\u015f, b\u00fcy\u00fck devletlerin sayg\u0131 duydu\u011fu bir T\u00fcrkiye vard\u0131r. K\u00fcresel krizlerle her y\u00fczle\u015fmemizi siyasi ve ekonomik kazan\u0131mlara d\u00f6n\u00fc\u015ft\u00fcrecek bir yakla\u015f\u0131mla hareket ederek ihracat\u00e7\u0131lar\u0131m\u0131zla birlikte yeni f\u0131rsatlara ve yeni k\u0131talara do\u011fru ilerleyece\u011fimiz bir d\u00f6neme giriyoruz.<\/p>\n\n\n\n<p class=\"wp-block-paragraph\">Devlet-\u00f6zel sekt\u00f6r el ele vererek in\u015fallah bu yeni d\u00f6nemde \u00fclkemizin ihracat \u00e7at\u0131s\u0131n\u0131 \u00e7ok daha y\u00fckseklere \u00e7\u0131karaca\u011f\u0131z. Rabbim yolumuzu, baht\u0131m\u0131z\u0131 a\u00e7\u0131k etsin diyorum.&nbsp;Bu duygularla bir kez daha T\u00fcrkiye \u0130hracat\u00e7\u0131lar Meclisimizin genel kurulunun hay\u0131rlara vesile olmas\u0131n\u0131 diliyor, \u0130hracat\u0131n \u015eampiyonlar\u0131 \u00d6d\u00fcl\u00fc&#8217;ne lay\u0131k g\u00f6r\u00fclen firmalar\u0131m\u0131z\u0131 ve i\u015f insanlar\u0131m\u0131z\u0131 tekrar tebrik ediyorum. Hepinize sevgilerimi, sayg\u0131lar\u0131m\u0131 sunuyorum, kal\u0131n sa\u011fl\u0131cakla.&#8221;<\/p>\n","protected":false},"excerpt":{"rendered":"<p>T\u0130M 33&#8217;\u00fcnc\u00fc Genel Kurulu ve \u0130hracat \u015eampiyonlar\u0131 \u00d6d\u00fcl T\u00f6reni&#8217;nde konu\u015fan Cumhurba\u015fkan\u0131 Erdo\u011fan, &#8220;Biliyorsunuz daha \u00f6nce<\/p>\n","protected":false},"author":1,"featured_media":3553,"comment_status":"open","ping_status":"open","sticky":false,"template":"","format":"standard","meta":{"_rtcl_gb_attr":"","footnotes":""},"categories":[14],"tags":[],"class_list":["post-3552","post","type-post","status-publish","format-standard","has-post-thumbnail","hentry","category-ekonomi"],"_links":{"self":[{"href":"https:\/\/turkiyemhaber.com\/index.php?rest_route=\/wp\/v2\/posts\/3552","targetHints":{"allow":["GET"]}}],"collection":[{"href":"https:\/\/turkiyemhaber.com\/index.php?rest_route=\/wp\/v2\/posts"}],"about":[{"href":"https:\/\/turkiyemhaber.com\/index.php?rest_route=\/wp\/v2\/types\/post"}],"author":[{"embeddable":true,"href":"https:\/\/turkiyemhaber.com\/index.php?rest_route=\/wp\/v2\/users\/1"}],"replies":[{"embeddable":true,"href":"https:\/\/turkiyemhaber.com\/index.php?rest_route=%2Fwp%2Fv2%2Fcomments&post=3552"}],"version-history":[{"count":1,"href":"https:\/\/turkiyemhaber.com\/index.php?rest_route=\/wp\/v2\/posts\/3552\/revisions"}],"predecessor-version":[{"id":3554,"href":"https:\/\/turkiyemhaber.com\/index.php?rest_route=\/wp\/v2\/posts\/3552\/revisions\/3554"}],"wp:featuredmedia":[{"embeddable":true,"href":"https:\/\/turkiyemhaber.com\/index.php?rest_route=\/wp\/v2\/media\/3553"}],"wp:attachment":[{"href":"https:\/\/turkiyemhaber.com\/index.php?rest_route=%2Fwp%2Fv2%2Fmedia&parent=3552"}],"wp:term":[{"taxonomy":"category","embeddable":true,"href":"https:\/\/turkiyemhaber.com\/index.php?rest_route=%2Fwp%2Fv2%2Fcategories&post=3552"},{"taxonomy":"post_tag","embeddable":true,"href":"https:\/\/turkiyemhaber.com\/index.php?rest_route=%2Fwp%2Fv2%2Ftags&post=3552"}],"curies":[{"name":"wp","href":"https:\/\/api.w.org\/{rel}","templated":true}]}}