{"id":3549,"date":"2026-06-26T20:53:31","date_gmt":"2026-06-26T20:53:31","guid":{"rendered":"https:\/\/turkiyemhaber.com\/?p=3549"},"modified":"2026-06-26T20:53:35","modified_gmt":"2026-06-26T20:53:35","slug":"cumhurbaskani-yardimcisi-yilmazdan-memur-ve-emekli-maaslariyla-ilgili-mesaj","status":"publish","type":"post","link":"https:\/\/turkiyemhaber.com\/?p=3549","title":{"rendered":"Cumhurba\u015fkan\u0131 Yard\u0131mc\u0131s\u0131 Y\u0131lmaz&#8217;dan memur ve emekli maa\u015flar\u0131yla ilgili mesaj"},"content":{"rendered":"\n<p class=\"wp-block-paragraph\">Cumhurba\u015fkan\u0131 Yard\u0131mc\u0131s\u0131 Cevdet Y\u0131lmaz, &#8220;Temmuz enflasyonu \u00e7\u0131kt\u0131\u011f\u0131 zaman memur, emekli maa\u015flar\u0131 ona g\u00f6re \u015fekilleniyor. Enflasyona hi\u00e7bir zaman ezdirmedik, b\u00f6yle bir prensibimiz var&#8221; a\u00e7\u0131klamas\u0131nda bulundu. Y\u0131lmaz en d\u00fc\u015f\u00fck emekli maa\u015f\u0131na ili\u015fkin ise; &#8220;Bunun kanunla yap\u0131lmas\u0131 gerekiyor. O konuda Meclis&#8217;imiz gerekli \u00e7al\u0131\u015fmalar\u0131 yapacakt\u0131r&#8221; dedi.<\/p>\n\n\n\n<p class=\"wp-block-paragraph\">T\u00fcrkiye Bas\u0131n Federasyonu&#8217;nun gazetecilerle d\u00fczenledi\u011fi toplant\u0131da konu\u015fan Cevdet Y\u0131lmaz g\u00fcndemdeki konularla ilgili \u00f6nemli mesajlar verdi.<\/p>\n\n\n\n<p class=\"wp-block-paragraph\">Y\u0131lmaz, temmuz ay\u0131nda memur ve emeklilere y\u00f6nelik refah pay\u0131 verilip verilmeyece\u011fine y\u00f6nelik, &#8220;Emekli, memura zamda otomatik sistem var, art\u0131\u015flar ona g\u00f6re \u015fekilleniyor. Enflasyon neyse o yans\u0131t\u0131l\u0131yor. En d\u00fc\u015f\u00fck emekli ayl\u0131\u011f\u0131na ili\u015fkin de yasal d\u00fczenleme yap\u0131l\u0131yor. Bu da sosyal devlet politikas\u0131. Temmuz enflasyonu \u00e7\u0131kt\u0131\u011f\u0131 zaman memur, emekli maa\u015flar\u0131 \u015fekilleniyor. Enflasyona hi\u00e7bir zaman ezdirmedik. Enflasyon neyse bunu mutlaka yans\u0131t\u0131yoruz. Burada otomatik yans\u0131mad\u0131\u011f\u0131 bir alan var (en d\u00fc\u015f\u00fck emekli ayl\u0131\u011f\u0131) Prime dayal\u0131 de\u011fil k\u00f6k maa\u015fa bakarsan\u0131z o \u00e7ok daha d\u00fc\u015f\u00fck. O konuda meclis gerekeni yapacakt\u0131r.&#8221; dedi.<\/p>\n\n\n\n<h3 class=\"wp-block-heading\">&#8220;ENFLASYONLA M\u00dcCADELE G\u00dc\u00c7 KAZANACAK&#8221;<\/h3>\n\n\n\n<p class=\"wp-block-paragraph\">Y\u0131lmaz, bu yaz\u0131 i\u015faret ederek, \u0130ran-ABD sava\u015f\u0131n\u0131n etkilerinin ortadan kalkmas\u0131yla enflasyonla m\u00fccadelenin g\u00fc\u00e7 kazanaca\u011f\u0131n\u0131 ifade etti.&nbsp; Y\u0131lmaz s\u00f6zlerinin devam\u0131nda; &#8220;ABD \u0130srail \u0130ran sava\u015f\u0131 program\u0131m\u0131za d\u0131\u015fsal etki yapt\u0131, enflasyon art\u0131r\u0131c\u0131 b\u00fcy\u00fcmeyi azalt\u0131c\u0131 etki yapt\u0131. D\u00fcnyada enerji, finansman maliyetleri artt\u0131. Merkez bankalar\u0131 faiz oranlar\u0131n\u0131 y\u00fcksek tuttu. Esas plan programd\u0131r, d\u0131\u015fsal etkiler ge\u00e7ici olarak farkl\u0131l\u0131klara yol a\u00e7abilir ama \u00f6nemli olan istikamettir. B\u00f6yle bak\u0131yoruz, enflasyonla m\u00fccadeleyi kararl\u0131l\u0131kla s\u00fcrd\u00fcrece\u011fiz. Etkiyi s\u0131n\u0131rlamak i\u00e7in e\u015fel mobil uyguland\u0131. ABD-\u0130ran aras\u0131nda mutabakat var. \u0130srail sabote etmezse kal\u0131c\u0131 bar\u0131\u015fa d\u00f6n\u00fc\u015f faydal\u0131 olacakt\u0131r. Petrol fiyatlar\u0131nda nisbi d\u00fczelme var. Sava\u015f Merkez Bankam\u0131z\u0131n da politikalar\u0131n\u0131 etkiledi. Enflasyon sepetinde konut ve g\u0131da \u00e7ok \u00f6nemli. Bu iki alanda yap\u0131lacaklar refah demek. Yaz aylar\u0131nda bu tabloyu beklemiyorduk, y\u00fczde 30\u2019un alt\u0131na inmi\u015f enflasyon \u00f6ng\u00f6r\u00fcl\u00fcyordu. Turizm sezonu ba\u015flamadan sava\u015f bitmi\u015f oldu. Enflasyon ilk 6 ayda programda beklenenden y\u00fcksek. Enflasyonla m\u00fccadele g\u00fc\u00e7 kazanacak. Enflasyon sepetinde konut ve g\u0131da birinci s\u0131rada yer al\u0131yor. Bu alanlarda ilerleme toplumsal refah demek. \u00dclkemizde 1 milyon 800 bin insan tek ba\u015f\u0131na ya\u015f\u0131yor. Bunu dikkate alarak sosyal konut hamlemizi s\u00fcrd\u00fcrece\u011fiz.&#8221; ifadelerini kulland\u0131.<\/p>\n\n\n\n<figure class=\"wp-block-image\"><img decoding=\"async\" src=\"https:\/\/foto.sondakika.com\/haber\/2026\/06\/26\/cumhurbaskani-yardimcisi-cevde-19992411-8235_1_m.jpg\" alt=\"&lt;a class='keyword-sd' href='\/cumhurbaskani-yardimcisi\/' title='Cumhurba\u015fkan\u0131 Yard\u0131mc\u0131s\u0131'&gt;Cumhurba\u015fkan\u0131 Yard\u0131mc\u0131s\u0131&lt;\/a&gt; Y\u0131lmaz'dan memur ve emekli maa\u015flar\u0131yla ilgili mesaj\"\/><\/figure>\n\n\n\n<h3 class=\"wp-block-heading\">TER\u00d6RS\u00dcZ T\u00dcRK\u0130YE MESAJI<\/h3>\n\n\n\n<p class=\"wp-block-paragraph\">Y\u0131lmaz, &#8216;Ter\u00f6rs\u00fcz T\u00fcrkiye&#8217; konusunda yasal d\u00fczenlemeler hakk\u0131nda &#8220;Ter\u00f6rs\u00fcz T\u00fcrkiye s\u00fcrecinde kritik, yeni bir a\u015famaya gelmi\u015f durumday\u0131z. Nihai karar mercii TBMM. Temennimiz komisyonda yer alan t\u00fcm partilerin kat\u0131l\u0131m\u0131 ile yasal d\u00fczenlemenin olmas\u0131. Ter\u00f6rs\u00fcz T\u00fcrkiye ile beraber ter\u00f6rs\u00fcz b\u00f6lge amac\u0131n\u0131 hayata ge\u00e7irmi\u015f olaca\u011f\u0131z. Yasal \u00e7er\u00e7evenin bu d\u00f6neme yeti\u015fmesi gayreti var. Yasa Meclis\u2019e gelecek, son halini komisyonda alacak ve genel kurula gelecek. \u00d6nce silah b\u0131rakma m\u0131 yoksa yasa m\u0131 denkleminde, yasa m\u00fchendisli\u011fi olacak. (\u00d6calan\u2019\u0131n pozisyonu) \u015eu andaki yasal \u00e7al\u0131\u015fman\u0131n odakland\u0131\u011f\u0131 alan fesih, ana \u00e7er\u00e7eve i\u00e7erisinde hareket edilecek. Bu d\u00f6neme yeti\u015fsin diye bir gayret var. Bu meclisin iradesine kalm\u0131\u015f hususlar. Yasal olarak neyle muhatap olunaca\u011f\u0131 belirlenmi\u015f olacak bunun harekete ge\u00e7i\u015fi belli ko\u015fullara ba\u011flanm\u0131\u015f olacak.&#8221; dedi.<\/p>\n\n\n\n<h3 class=\"wp-block-heading\">YEN\u0130 ANAYASA \u00c7ALI\u015eMALARI<\/h3>\n\n\n\n<p class=\"wp-block-paragraph\">Yeni anayasa \u00e7al\u0131\u015fmalar\u0131na da de\u011finen Y\u0131lmaz, &#8220;T\u00fcrkiye\u2019nin art\u0131k vesayet\u00e7i sistemden demokrasiye d\u00f6nd\u00fc buna uygun anayasaya kavu\u015fmas\u0131 laz\u0131m. Sivil yeni demokratik anayasa hepimizin arzusu. Ancak bu tek parti ile olmaz, \u2018gelin beraber yapal\u0131m\u2019 diyoruz. Haz\u0131rl\u0131klar\u0131m\u0131z\u0131 kat\u0131 maddeler \u015feklinde de\u011fil, politika yakla\u015f\u0131m\u0131 \u015feklinde yap\u0131yoruz. 20\u2019den fazla toplant\u0131 yapt\u0131k, haz\u0131rl\u0131\u011f\u0131m\u0131z\u0131 yap\u0131yoruz. \u00c7al\u0131\u015fmalar\u0131n tamamlanmas\u0131na az kald\u0131. Yeni anayasaya gelecek odakl\u0131 bakmak zorunday\u0131z. Yeni d\u00fcnya d\u00fczenine atmosfere cevap olarak da anayasa \u00f6nemli. Gidi\u015fat\u0131 iyi g\u00f6r\u00fcp \u00fclkemizin menfaatlerini korumal\u0131y\u0131z. Tamamlay\u0131nca cumhurba\u015fkan\u0131na sunulacak, di\u011fer partilerle isti\u015fare edilecek.&#8221; ifadelerini kulland\u0131.<\/p>\n\n\n\n<figure class=\"wp-block-image\"><img decoding=\"async\" src=\"https:\/\/foto.sondakika.com\/haber\/2026\/06\/26\/cumhurbaskani-yardimcisi-cevde-19992411-1363_1_m.jpg\" alt=\"Cumhurba\u015fkan\u0131 Yard\u0131mc\u0131s\u0131 Y\u0131lmaz'dan memur ve emekli maa\u015flar\u0131yla ilgili mesaj\"\/><\/figure>\n\n\n\n<h3 class=\"wp-block-heading\">&#8220;TRUMP Y\u00d6NET\u0130M\u0130M YAKLA\u015eIMI OLUMLU&#8221;<\/h3>\n\n\n\n<p class=\"wp-block-paragraph\">ABD Ba\u015fkan\u0131 Trump&#8217;\u0131n T\u00fcrkiye&#8217;ye kar\u015f\u0131 tutumuna ili\u015fkin soruyu da yan\u0131tlayan Y\u0131lmaz, &#8220;Trump y\u00f6netiminin son derece olumlu bir yakla\u015f\u0131m i\u00e7inde oldu\u011funu g\u00f6r\u00fcyoruz T\u00fcrkiye&#8217;ye kar\u015f\u0131. Liderler d\u00fczeyindeki olumlu ili\u015fkinin \u00fclkeler aras\u0131ndaki ili\u015fkilere de yans\u0131d\u0131\u011f\u0131n\u0131 g\u00f6r\u00fcyoruz.&#8221; ifadelerini kulland\u0131.<\/p>\n\n\n\n<figure class=\"wp-block-image\"><img decoding=\"async\" src=\"https:\/\/foto.sondakika.com\/haber\/2026\/06\/26\/cumhurbaskani-yardimcisi-cevde-19992411-1258_1_m.jpg\" alt=\"Cumhurba\u015fkan\u0131 Yard\u0131mc\u0131s\u0131 Y\u0131lmaz'dan memur ve emekli maa\u015flar\u0131yla ilgili mesaj\"\/><\/figure>\n","protected":false},"excerpt":{"rendered":"<p>Cumhurba\u015fkan\u0131 Yard\u0131mc\u0131s\u0131 Cevdet Y\u0131lmaz, &#8220;Temmuz enflasyonu \u00e7\u0131kt\u0131\u011f\u0131 zaman memur, emekli maa\u015flar\u0131 ona g\u00f6re \u015fekilleniyor. Enflasyona<\/p>\n","protected":false},"author":1,"featured_media":3550,"comment_status":"open","ping_status":"open","sticky":false,"template":"","format":"standard","meta":{"_rtcl_gb_attr":"","footnotes":""},"categories":[1],"tags":[],"class_list":["post-3549","post","type-post","status-publish","format-standard","has-post-thumbnail","hentry","category-http-turkiyemhaber-com-wp-content-uploads-2026-03-saray-59-haber-13-mart-pdf"],"_links":{"self":[{"href":"https:\/\/turkiyemhaber.com\/index.php?rest_route=\/wp\/v2\/posts\/3549","targetHints":{"allow":["GET"]}}],"collection":[{"href":"https:\/\/turkiyemhaber.com\/index.php?rest_route=\/wp\/v2\/posts"}],"about":[{"href":"https:\/\/turkiyemhaber.com\/index.php?rest_route=\/wp\/v2\/types\/post"}],"author":[{"embeddable":true,"href":"https:\/\/turkiyemhaber.com\/index.php?rest_route=\/wp\/v2\/users\/1"}],"replies":[{"embeddable":true,"href":"https:\/\/turkiyemhaber.com\/index.php?rest_route=%2Fwp%2Fv2%2Fcomments&post=3549"}],"version-history":[{"count":1,"href":"https:\/\/turkiyemhaber.com\/index.php?rest_route=\/wp\/v2\/posts\/3549\/revisions"}],"predecessor-version":[{"id":3551,"href":"https:\/\/turkiyemhaber.com\/index.php?rest_route=\/wp\/v2\/posts\/3549\/revisions\/3551"}],"wp:featuredmedia":[{"embeddable":true,"href":"https:\/\/turkiyemhaber.com\/index.php?rest_route=\/wp\/v2\/media\/3550"}],"wp:attachment":[{"href":"https:\/\/turkiyemhaber.com\/index.php?rest_route=%2Fwp%2Fv2%2Fmedia&parent=3549"}],"wp:term":[{"taxonomy":"category","embeddable":true,"href":"https:\/\/turkiyemhaber.com\/index.php?rest_route=%2Fwp%2Fv2%2Fcategories&post=3549"},{"taxonomy":"post_tag","embeddable":true,"href":"https:\/\/turkiyemhaber.com\/index.php?rest_route=%2Fwp%2Fv2%2Ftags&post=3549"}],"curies":[{"name":"wp","href":"https:\/\/api.w.org\/{rel}","templated":true}]}}