{"id":3546,"date":"2026-06-26T20:42:28","date_gmt":"2026-06-26T20:42:28","guid":{"rendered":"https:\/\/turkiyemhaber.com\/?p=3546"},"modified":"2026-06-26T20:42:32","modified_gmt":"2026-06-26T20:42:32","slug":"3-gunde-ikinci-buyuk-aci-kadir-inanir-ablasinin-vefatindan-3-gun-sonra-hayatini-kaybetti","status":"publish","type":"post","link":"https:\/\/turkiyemhaber.com\/?p=3546","title":{"rendered":"3 g\u00fcnde ikinci b\u00fcy\u00fck ac\u0131: Kadir \u0130nan\u0131r ablas\u0131n\u0131n vefat\u0131ndan 3 g\u00fcn sonra hayat\u0131n\u0131 kaybetti"},"content":{"rendered":"\n<p class=\"wp-block-paragraph\">77 ya\u015f\u0131nda hayata veda eden T\u00fcrk sinemas\u0131n\u0131 dev \u00e7\u0131nar\u0131 Kadir \u0130nan\u0131r&#8217;\u0131n ailesi, \u00fc\u00e7 g\u00fcn i\u00e7inde ikinci b\u00fcy\u00fck ac\u0131yla sars\u0131ld\u0131. Usta oyuncunun vefat\u0131, k\u0131sa s\u00fcre \u00f6nce ya\u015fam\u0131n\u0131 yitiren ablas\u0131 Altun Ar\u0131ca&#8217;n\u0131n ard\u0131ndan aileyi bir kez daha yasa bo\u011fdu.<\/p>\n\n\n\n<p class=\"wp-block-paragraph\">Ye\u015fil\u00e7am&#8217;\u0131n unutulmaz isimlerinden, T\u00fcrk sinemas\u0131n\u0131n usta oyuncusu&nbsp;<a href=\"https:\/\/www.sondakika.com\/kadir-inanir\/\">Kadir \u0130nan\u0131r<\/a>, bir s\u00fcredir tedavi g\u00f6rd\u00fc\u011f\u00fc hastanede 77 ya\u015f\u0131nda ya\u015fam\u0131n\u0131 yitirdi. Akci\u011ferindeki rahats\u0131zl\u0131k nedeniyle zat\u00fcrre tedavisi g\u00f6ren ve son g\u00fcnlerde sa\u011fl\u0131k durumu a\u011f\u0131rla\u015farak ent\u00fcbe edilen usta sanat\u00e7\u0131n\u0131n vefat\u0131, sanat camias\u0131n\u0131 ve milyonlarca hayran\u0131n\u0131 derin yasa bo\u011fdu.<\/p>\n\n\n\n<p class=\"wp-block-paragraph\">Hayat arkada\u015f\u0131 J\u00fclide Kural&#8217;\u0131n ge\u00e7ti\u011fimiz g\u00fcnlerde yapt\u0131\u011f\u0131 &#8220;riskli bir s\u00fcre\u00e7ten ge\u00e7iyoruz&#8221; a\u00e7\u0131klamas\u0131n\u0131n ard\u0131ndan yo\u011fun bak\u0131mda tedavisi s\u00fcrd\u00fcr\u00fclen \u0130nan\u0131r, doktorlar\u0131n t\u00fcm m\u00fcdahalelerine ra\u011fmen kurtar\u0131lamad\u0131.<\/p>\n\n\n\n<h3 class=\"wp-block-heading\">T\u00dcRK S\u0130NEMASI B\u00dcY\u00dcK B\u0130R DE\u011eER\u0130N\u0130 KAYBETT\u0130<\/h3>\n\n\n\n<p class=\"wp-block-paragraph\">Yar\u0131m asr\u0131 a\u015fan sanat ya\u015fam\u0131 boyunca onlarca unutulmaz filme imza atan Kadir \u0130nan\u0131r, canland\u0131rd\u0131\u011f\u0131 karakterlerle T\u00fcrk sinemas\u0131n\u0131n en g\u00fc\u00e7l\u00fc fig\u00fcrlerinden biri haline geldi. Karizmatik duru\u015fu, kendine has oyunculuk tarz\u0131 ve toplumun haf\u0131zas\u0131nda yer eden performanslar\u0131yla Ye\u015fil\u00e7am&#8217;\u0131n efsaneleri aras\u0131nda g\u00f6sterilen usta oyuncu, sadece sinema d\u00fcnyas\u0131nda de\u011fil, toplumsal konulardaki duru\u015fuyla da geni\u015f kesimlerin takdirini kazand\u0131.<\/p>\n\n\n\n<p class=\"wp-block-paragraph\">1970&#8217;li y\u0131llardan itibaren ba\u015frol\u00fcnde yer ald\u0131\u011f\u0131 say\u0131s\u0131z yap\u0131mla milyonlar\u0131n sevgisini kazanan \u0130nan\u0131r, kariyeri boyunca bir\u00e7ok \u00f6d\u00fcle lay\u0131k g\u00f6r\u00fcld\u00fc ve T\u00fcrk sinemas\u0131n\u0131n ya\u015fayan sembollerinden biri olarak kabul edildi.<\/p>\n\n\n\n<figure class=\"wp-block-image\"><img decoding=\"async\" src=\"https:\/\/foto.sondakika.com\/haber\/2026\/06\/26\/3-gunde-ikinci-buyuk-aci-kadir-19993494-8605_1_m.jpg\" alt=\"3 g\u00fcnde ikinci b\u00fcy\u00fck ac\u0131: Kadir \u0130nan\u0131r ablas\u0131n\u0131n vefat\u0131ndan 3 g\u00fcn sonra hayat\u0131n\u0131 kaybetti\"\/><\/figure>\n\n\n\n<h3 class=\"wp-block-heading\">SON G\u00dcNLER\u0130NDE YO\u011eUN BAKIMDAYDI<\/h3>\n\n\n\n<p class=\"wp-block-paragraph\">Edinilen bilgilere g\u00f6re Kadir \u0130nan\u0131r, akci\u011ferindeki rahats\u0131zl\u0131\u011f\u0131n ilerlemesi \u00fczerine hastaneye kald\u0131r\u0131ld\u0131. Zat\u00fcrre te\u015fhisiyle tedavi alt\u0131na al\u0131nan sanat\u00e7\u0131n\u0131n sa\u011fl\u0131k durumu zamanla a\u011f\u0131rla\u015ft\u0131. Yo\u011fun bak\u0131m \u00fcnitesinde tedavisi devam eden \u0130nan\u0131r, ent\u00fcbe edilerek ya\u015fam destek \u00fcnitesine ba\u011fland\u0131. Ancak doktorlar\u0131n g\u00fcnlerdir s\u00fcrd\u00fcrd\u00fc\u011f\u00fc yo\u011fun \u00e7abalara ra\u011fmen usta sanat\u00e7\u0131 ya\u015fam sava\u015f\u0131n\u0131 kaybetti.<\/p>\n\n\n\n<figure class=\"wp-block-image\"><img decoding=\"async\" src=\"https:\/\/foto.sondakika.com\/haber\/2026\/06\/26\/3-gunde-ikinci-buyuk-aci-kadir-19993494-8551_1_m.jpg\" alt=\"3 g\u00fcnde ikinci b\u00fcy\u00fck ac\u0131: Kadir \u0130nan\u0131r ablas\u0131n\u0131n vefat\u0131ndan 3 g\u00fcn sonra hayat\u0131n\u0131 kaybetti\"\/><\/figure>\n\n\n\n<h3 class=\"wp-block-heading\">A\u0130LE PE\u015e PE\u015eE \u0130K\u0130NC\u0130 KEZ YIKILDI<\/h3>\n\n\n\n<p class=\"wp-block-paragraph\">Kadir \u0130nan\u0131r&#8217;\u0131n vefat\u0131, ailesinin ya\u015fad\u0131\u011f\u0131 ac\u0131y\u0131 daha da derinle\u015ftirdi. Usta sanat\u00e7\u0131n\u0131n ablas\u0131 Altun Ar\u0131ca&#8217;n\u0131n da yaln\u0131zca \u00fc\u00e7 g\u00fcn \u00f6nce ya\u015fam\u0131n\u0131 yitirdi\u011fi \u00f6\u011frenildi. Aile, Fatsa&#8217;da d\u00fczenlenen cenaze t\u00f6reninin ard\u0131ndan bu kez Kadir \u0130nan\u0131r&#8217;\u0131n ac\u0131s\u0131yla sars\u0131ld\u0131.<\/p>\n\n\n\n<p class=\"wp-block-paragraph\">&nbsp;Altun Ar\u0131ca; oyuncu Kadir \u0130nan\u0131r\u2019\u0131n ablas\u0131 olmas\u0131n\u0131n yan\u0131s\u0131ra,&nbsp;<a href=\"https:\/\/www.sondakika.com\/levent-inanir-2\/\">Levent \u0130nan\u0131r<\/a>, B\u00fclent Ar\u0131ca ve merhum milli futbolcu Erdo\u011fan Ar\u0131ca\u2019n\u0131n da annesiydi.<\/p>\n\n\n\n<p class=\"wp-block-paragraph\">Pe\u015f pe\u015fe ya\u015fanan iki kay\u0131p, \u0130nan\u0131r ailesini ve yak\u0131n \u00e7evresini derin \u00fcz\u00fcnt\u00fcye bo\u011farken, sanat d\u00fcnyas\u0131ndan da \u00e7ok say\u0131da taziye mesaj\u0131 payla\u015f\u0131lmaya ba\u015fland\u0131.<\/p>\n\n\n\n<h3 class=\"wp-block-heading\">SANAT CAM\u0130ASI YASTA<\/h3>\n\n\n\n<p class=\"wp-block-paragraph\">Kadir \u0130nan\u0131r&#8217;\u0131n vefat haberinin duyulmas\u0131n\u0131n ard\u0131ndan sanat\u00e7\u0131lar, siyaset\u00e7iler ve sevenleri sosyal medya hesaplar\u0131ndan taziye mesajlar\u0131 yay\u0131mlad\u0131. Usta oyuncunun T\u00fcrk sinemas\u0131na kazand\u0131rd\u0131\u011f\u0131 eserlerin ve b\u0131rakt\u0131\u011f\u0131 miras\u0131n gelecek nesillere ilham vermeye devam edece\u011fi vurgulan\u0131rken, sevenleri &#8220;Ye\u015fil\u00e7am bir \u00e7\u0131nar\u0131n\u0131 daha kaybetti&#8221; ifadeleriyle \u00fcz\u00fcnt\u00fclerini dile getirdi.<\/p>\n\n\n\n<p class=\"wp-block-paragraph\">T\u00fcrk sinemas\u0131n\u0131n unutulmaz isimlerinden Kadir \u0130nan\u0131r, ard\u0131nda onlarca unutulmaz film, say\u0131s\u0131z \u00f6d\u00fcl ve milyonlar\u0131n haf\u0131zas\u0131nda silinmeyecek bir iz b\u0131rakarak hayata veda etti.<\/p>\n","protected":false},"excerpt":{"rendered":"<p>77 ya\u015f\u0131nda hayata veda eden T\u00fcrk sinemas\u0131n\u0131 dev \u00e7\u0131nar\u0131 Kadir \u0130nan\u0131r&#8217;\u0131n ailesi, \u00fc\u00e7 g\u00fcn i\u00e7inde<\/p>\n","protected":false},"author":1,"featured_media":3547,"comment_status":"open","ping_status":"open","sticky":false,"template":"","format":"standard","meta":{"_rtcl_gb_attr":"","footnotes":""},"categories":[1],"tags":[],"class_list":["post-3546","post","type-post","status-publish","format-standard","has-post-thumbnail","hentry","category-http-turkiyemhaber-com-wp-content-uploads-2026-03-saray-59-haber-13-mart-pdf"],"_links":{"self":[{"href":"https:\/\/turkiyemhaber.com\/index.php?rest_route=\/wp\/v2\/posts\/3546","targetHints":{"allow":["GET"]}}],"collection":[{"href":"https:\/\/turkiyemhaber.com\/index.php?rest_route=\/wp\/v2\/posts"}],"about":[{"href":"https:\/\/turkiyemhaber.com\/index.php?rest_route=\/wp\/v2\/types\/post"}],"author":[{"embeddable":true,"href":"https:\/\/turkiyemhaber.com\/index.php?rest_route=\/wp\/v2\/users\/1"}],"replies":[{"embeddable":true,"href":"https:\/\/turkiyemhaber.com\/index.php?rest_route=%2Fwp%2Fv2%2Fcomments&post=3546"}],"version-history":[{"count":1,"href":"https:\/\/turkiyemhaber.com\/index.php?rest_route=\/wp\/v2\/posts\/3546\/revisions"}],"predecessor-version":[{"id":3548,"href":"https:\/\/turkiyemhaber.com\/index.php?rest_route=\/wp\/v2\/posts\/3546\/revisions\/3548"}],"wp:featuredmedia":[{"embeddable":true,"href":"https:\/\/turkiyemhaber.com\/index.php?rest_route=\/wp\/v2\/media\/3547"}],"wp:attachment":[{"href":"https:\/\/turkiyemhaber.com\/index.php?rest_route=%2Fwp%2Fv2%2Fmedia&parent=3546"}],"wp:term":[{"taxonomy":"category","embeddable":true,"href":"https:\/\/turkiyemhaber.com\/index.php?rest_route=%2Fwp%2Fv2%2Fcategories&post=3546"},{"taxonomy":"post_tag","embeddable":true,"href":"https:\/\/turkiyemhaber.com\/index.php?rest_route=%2Fwp%2Fv2%2Ftags&post=3546"}],"curies":[{"name":"wp","href":"https:\/\/api.w.org\/{rel}","templated":true}]}}