{"id":3540,"date":"2026-06-24T21:37:25","date_gmt":"2026-06-24T21:37:25","guid":{"rendered":"https:\/\/turkiyemhaber.com\/?p=3540"},"modified":"2026-06-24T21:37:29","modified_gmt":"2026-06-24T21:37:29","slug":"altinda-korkulan-oldu","status":"publish","type":"post","link":"https:\/\/turkiyemhaber.com\/?p=3540","title":{"rendered":"Alt\u0131nda korkulan oldu"},"content":{"rendered":"\n<p class=\"wp-block-paragraph\">Alt\u0131n fiyatlar\u0131nda d\u00fc\u015f\u00fc\u015f derinle\u015firken dolar\u0131n k\u00fcresel de\u011ferinin g\u00fc\u00e7lenmesi, faizlerin y\u00fcksek kalaca\u011f\u0131 ihtimali sar\u0131 metali olumsuz etkiledi. Son olarak gram alt\u0131n 5 bin 934 liraya kadar geriledi.<\/p>\n\n\n\n<p class=\"wp-block-paragraph\">K\u00fcresel piyasalarda esen \u015fahin r\u00fczgarlar sar\u0131 metali vurmaya devam ediyor. ABD Merkez Bankas\u0131\u2019n\u0131n (Fed) faizleri uzun s\u00fcre y\u00fcksek seviyelerde tutaca\u011f\u0131 beklentisi ve k\u00fcresel ekonomide dolar\u0131n g\u00fc\u00e7lenmesi, alt\u0131n fiyatlar\u0131nda sert geri \u00e7ekilmeleri beraberinde getirdi. Bask\u0131 alt\u0131ndaki gram alt\u0131n, yat\u0131r\u0131mc\u0131lar\u0131n yak\u0131n takibinde olan kritik e\u015fikleri k\u0131rarak 5 bin 994 lira seviyesine kadar geriledi.<\/p>\n\n\n\n<h3 class=\"wp-block-heading\">&#8220;\u015eAH\u0130N FED&#8221; BEKLENT\u0130S\u0130 DOLARI U\u00c7URDU, ALTINI VURDU<\/h3>\n\n\n\n<p class=\"wp-block-paragraph\">D\u00fcnya genelinde g\u00f6zler ABD&#8217;den gelecek faiz ad\u0131mlar\u0131na kilitlenmi\u015fken, ABD\u2019de faizlerin \u00f6ng\u00f6r\u00fclenden daha uzun s\u00fcre y\u00fcksek kalaca\u011f\u0131na y\u00f6nelik beklentiler k\u00fcresel finans koridorlar\u0131nda ta\u015flar\u0131 yerinden oynatt\u0131.<\/p>\n\n\n\n<ul class=\"wp-block-list\">\n<li><strong>Dolar Endeksi G\u00fc\u00e7lendi:\u00a0<\/strong>Y\u00fcksek faiz ortam\u0131n\u0131n devam edece\u011fi ihtimali, dolar\u0131n di\u011fer para birimleri kar\u015f\u0131s\u0131ndaki k\u00fcresel de\u011ferini (Dolar Endeksi) h\u0131zla yukar\u0131 ta\u015f\u0131d\u0131.<\/li>\n\n\n\n<li><strong>Ters Korelasyon Etkisi:<\/strong>\u00a0G\u00fcvenli liman aray\u0131\u015f\u0131ndaki sermayenin dolara kaymas\u0131yla birlikte, dolar ile ters korelasyon (z\u0131t y\u00f6nl\u00fc ili\u015fki) i\u00e7erisinde olan ons alt\u0131n k\u00fcresel piyasalarda ciddi bir irtifa kayb\u0131 ya\u015fad\u0131.<\/li>\n<\/ul>\n\n\n\n<h3 class=\"wp-block-heading\">GRAM ALTINDA KAN KAYBI: 5.934 TL SEV\u0130YES\u0130 G\u00d6R\u00dcLD\u00dc<\/h3>\n\n\n\n<p class=\"wp-block-paragraph\">K\u00fcresel tarafta ons alt\u0131n\u0131n bask\u0131lanmas\u0131, yurt i\u00e7inde de alt\u0131n fiyatlar\u0131nda d\u00fc\u015f\u00fc\u015f\u00fcn derinle\u015fmesine neden oldu. Haftalard\u0131r dalgal\u0131 bir seyir izleyen i\u00e7 piyasada, g\u00fc\u00e7lenen dolar\u0131n bask\u0131s\u0131yla birlikte gram alt\u0131n fiyat\u0131 5 bin 934 liraya kadar geri \u00e7ekildi.&nbsp;Ekonomi uzmanlar\u0131, k\u00fcresel emtia piyasalar\u0131nda dolar endeksi ve ABD tahvil faizlerinin seyri a\u015fa\u011f\u0131 y\u00f6nl\u00fc k\u0131r\u0131lmad\u0131\u011f\u0131 s\u00fcrece, alt\u0131n fiyatlar\u0131ndaki bu a\u015fa\u011f\u0131 y\u00f6nl\u00fc bask\u0131n\u0131n bir s\u00fcre daha masada kalabilece\u011fini belirtiyor. Yat\u0131r\u0131mc\u0131lar ise 3 Temmuz&#8217;da a\u00e7\u0131klanacak yerel enflasyon verileri ile k\u00fcresel merkez bankalar\u0131n\u0131n verece\u011fi mesajlara g\u00f6re pozisyon almaya \u00e7al\u0131\u015f\u0131yor.<\/p>\n\n\n\n<h3 class=\"wp-block-heading\">ALTIN F\u0130YATLARI<\/h3>\n\n\n\n<p class=\"wp-block-paragraph\">\u0130\u015fte saat 16.09 itibar\u0131yla g\u00fcncel alt\u0131n sat\u0131\u015f fiyatlar\u0131:<\/p>\n\n\n\n<ul class=\"wp-block-list\">\n<li>Gram alt\u0131n: 5 bin 934 lira<\/li>\n\n\n\n<li>\u00c7eyrek alt\u0131n: 10 bin 87 lira<\/li>\n\n\n\n<li>Cumhuriyet alt\u0131n\u0131: 41 bin 86 lira<\/li>\n\n\n\n<li>Tam alt\u0131n: 41 bin 86 lira<\/li>\n\n\n\n<li>Yar\u0131m alt\u0131n: 20 bin 174 lira<\/li>\n<\/ul>\n","protected":false},"excerpt":{"rendered":"<p>Alt\u0131n fiyatlar\u0131nda d\u00fc\u015f\u00fc\u015f derinle\u015firken dolar\u0131n k\u00fcresel de\u011ferinin g\u00fc\u00e7lenmesi, faizlerin y\u00fcksek kalaca\u011f\u0131 ihtimali sar\u0131 metali olumsuz<\/p>\n","protected":false},"author":1,"featured_media":3541,"comment_status":"open","ping_status":"open","sticky":false,"template":"","format":"standard","meta":{"_rtcl_gb_attr":"","footnotes":""},"categories":[14],"tags":[],"class_list":["post-3540","post","type-post","status-publish","format-standard","has-post-thumbnail","hentry","category-ekonomi"],"_links":{"self":[{"href":"https:\/\/turkiyemhaber.com\/index.php?rest_route=\/wp\/v2\/posts\/3540","targetHints":{"allow":["GET"]}}],"collection":[{"href":"https:\/\/turkiyemhaber.com\/index.php?rest_route=\/wp\/v2\/posts"}],"about":[{"href":"https:\/\/turkiyemhaber.com\/index.php?rest_route=\/wp\/v2\/types\/post"}],"author":[{"embeddable":true,"href":"https:\/\/turkiyemhaber.com\/index.php?rest_route=\/wp\/v2\/users\/1"}],"replies":[{"embeddable":true,"href":"https:\/\/turkiyemhaber.com\/index.php?rest_route=%2Fwp%2Fv2%2Fcomments&post=3540"}],"version-history":[{"count":1,"href":"https:\/\/turkiyemhaber.com\/index.php?rest_route=\/wp\/v2\/posts\/3540\/revisions"}],"predecessor-version":[{"id":3542,"href":"https:\/\/turkiyemhaber.com\/index.php?rest_route=\/wp\/v2\/posts\/3540\/revisions\/3542"}],"wp:featuredmedia":[{"embeddable":true,"href":"https:\/\/turkiyemhaber.com\/index.php?rest_route=\/wp\/v2\/media\/3541"}],"wp:attachment":[{"href":"https:\/\/turkiyemhaber.com\/index.php?rest_route=%2Fwp%2Fv2%2Fmedia&parent=3540"}],"wp:term":[{"taxonomy":"category","embeddable":true,"href":"https:\/\/turkiyemhaber.com\/index.php?rest_route=%2Fwp%2Fv2%2Fcategories&post=3540"},{"taxonomy":"post_tag","embeddable":true,"href":"https:\/\/turkiyemhaber.com\/index.php?rest_route=%2Fwp%2Fv2%2Ftags&post=3540"}],"curies":[{"name":"wp","href":"https:\/\/api.w.org\/{rel}","templated":true}]}}