{"id":3537,"date":"2026-06-24T21:32:55","date_gmt":"2026-06-24T21:32:55","guid":{"rendered":"https:\/\/turkiyemhaber.com\/?p=3537"},"modified":"2026-06-24T21:32:58","modified_gmt":"2026-06-24T21:32:58","slug":"kazada-can-veren-3-genc-kizin-son-goruntuleri-biri-dizi-oyuncusuymus","status":"publish","type":"post","link":"https:\/\/turkiyemhaber.com\/?p=3537","title":{"rendered":"Kazada can veren 3 gen\u00e7 k\u0131z\u0131n son g\u00f6r\u00fcnt\u00fcleri! Biri dizi oyuncusuymu\u015f"},"content":{"rendered":"\n<p class=\"wp-block-paragraph\">Rize&#8217;nin \u00c7ayeli il\u00e7esinde iki otomobil ve bir minib\u00fcs\u00fcn kar\u0131\u015ft\u0131\u011f\u0131 zincirleme kazada, alev alan arac\u0131n i\u00e7inde s\u0131k\u0131\u015fan ve yola savrulan 3 gen\u00e7 k\u0131z hayat\u0131n\u0131 kaybetti. Kazada 3&#8217;\u00fc a\u011f\u0131r 5 ki\u015fi de yaralan\u0131rken, yak\u0131n arkada\u015f olan gen\u00e7 k\u0131zlar\u0131n kazadan k\u0131sa s\u00fcre \u00f6nce ara\u00e7 i\u00e7inde \u00e7ektikleri son g\u00f6r\u00fcnt\u00fcler y\u00fcrekleri da\u011flad\u0131. Hayat\u0131n\u0131 kaybeden Gamze Sakl\u0131&#8217;n\u0131n ise son olarak &#8220;G\u00f6zleri Karadeniz&#8221; adl\u0131 TV dizisinde rol ald\u0131\u011f\u0131 \u00f6\u011frenildi.<\/p>\n\n\n\n<p class=\"wp-block-paragraph\"><a href=\"https:\/\/www.sondakika.com\/rize\/\">Rize<\/a>&#8216;nin&nbsp;<a href=\"https:\/\/www.sondakika.com\/cayeli\/\">\u00c7ayeli<\/a>&nbsp;il\u00e7esi, d\u00fcn gece saatlerinde meydana gelen feci bir trafik kazas\u0131yla sars\u0131ld\u0131.&nbsp;<a href=\"https:\/\/www.sondakika.com\/karadeniz\/\">Karadeniz<\/a>&nbsp;Sahil Yolu Limank\u00f6y mevkisinde saat 23.00 s\u0131ralar\u0131nda ya\u015fanan zincirleme kazada, gencecik \u00fc\u00e7 fidan ya\u015famdan koparken geriye g\u00f6z\u00fc ya\u015fl\u0131 aileler ve kahreden detaylar kald\u0131.<\/p>\n\n\n\n<figure class=\"wp-block-image\"><img decoding=\"async\" src=\"https:\/\/foto.sondakika.com\/haber\/2026\/06\/24\/kazada-can-veren-3-genc-kizin-19984522-2649_1_m.jpg\" alt=\"Kazada can veren 3 gen\u00e7 k\u0131z\u0131n son g\u00f6r\u00fcnt\u00fcleri! Biri dizi oyuncusuymu\u015f\"\/><\/figure>\n\n\n\n<h3 class=\"wp-block-heading\">KONTROLDEN \u00c7IKTI, KAR\u015eI \u015eER\u0130DE GE\u00c7T\u0130<\/h3>\n\n\n\n<p class=\"wp-block-paragraph\">Edinilen bilgilere g\u00f6re olay, Artvin\u2019den Rize y\u00f6n\u00fcne seyir halinde olan Selinay Saral (22) idaresindeki 53 ACV 078 plakal\u0131 otomobilin s\u00fcr\u00fcc\u00fcs\u00fcn\u00fcn direksiyon hakimiyetini kaybetmesiyle ba\u015flad\u0131. Kontrolden \u00e7\u0131kan ara\u00e7, \u00f6nce ref\u00fcjdeki ayd\u0131nlatma dire\u011fine \u00e7arpt\u0131, ard\u0131ndan savrularak kar\u015f\u0131 \u015feride ge\u00e7ti.<\/p>\n\n\n\n<figure class=\"wp-block-image\"><img decoding=\"async\" src=\"https:\/\/foto.sondakika.com\/haber\/2026\/06\/24\/kazada-can-veren-3-genc-kizin-19984522-7022_1_m.jpg\" alt=\"Kazada can veren 3 gen\u00e7 k\u0131z\u0131n son g\u00f6r\u00fcnt\u00fcleri! Biri dizi oyuncusuymu\u015f\"\/><\/figure>\n\n\n\n<p class=\"wp-block-paragraph\">Kar\u015f\u0131 \u015feride ge\u00e7en otomobil, \u0130shak Beyaz (67) idaresindeki 53 EL 007 plakal\u0131 otomobille \u015fiddetli bir \u015fekilde \u00e7arp\u0131\u015ft\u0131. Kazan\u0131n hemen ard\u0131ndan Saral&#8217;\u0131n kulland\u0131\u011f\u0131 ara\u00e7 alev al\u0131rken, o esnada yoldan ge\u00e7en Sezgin \u00c7elik&#8217;in (37) kulland\u0131\u011f\u0131 08 ACA 759 plakal\u0131 minib\u00fcs de kaza yapan ara\u00e7lara \u00e7arpt\u0131.<\/p>\n\n\n\n<h3 class=\"wp-block-heading\">ALEV KAPANINDA CAN VERD\u0130LER<\/h3>\n\n\n\n<p class=\"wp-block-paragraph\">\u00c7evredeki vatanda\u015flar\u0131n ihbar\u0131 \u00fczerine kaza mahalline \u00e7ok say\u0131da itfaiye, AFAD, polis ve sa\u011fl\u0131k ekibi sevk edildi. \u0130tfaiye ekiplerinin yo\u011fun \u00e7abas\u0131yla alev topuna d\u00f6nen ara\u00e7taki yang\u0131n s\u00f6nd\u00fcr\u00fcld\u00fc. Ancak sa\u011fl\u0131k ekiplerinin yapt\u0131\u011f\u0131 kontrollerde ac\u0131 tablo ortaya \u00e7\u0131kt\u0131.<\/p>\n\n\n\n<p class=\"wp-block-paragraph\"><img decoding=\"async\" alt=\"&nbsp;Gamze Sakl\u0131\" src=\"https:\/\/foto.sondakika.com\/haber\/2026\/06\/24\/kazada-can-veren-3-genc-kizin-19984522-1375_1_m.jpg\">&nbsp;Gamze Sakl\u0131<\/p>\n\n\n\n<p class=\"wp-block-paragraph\">\u00c7arp\u0131\u015fman\u0131n ard\u0131ndan alev alan ara\u00e7ta s\u0131k\u0131\u015fan s\u00fcr\u00fcc\u00fc Selinay Saral ile yolcu konumundaki Nilay Bilgin (23) olay yerinde yanarak can verdi. Ayn\u0131 ara\u00e7ta bulunan ve \u00e7arpman\u0131n \u015fiddetiyle yola savrulan Gamze Sakl\u0131 (19) da hayat\u0131n\u0131 kaybetti. Meydana gelen zincirleme kazada di\u011fer ara\u00e7larda bulunan 5 ki\u015fi de yaraland\u0131. Yaral\u0131lar Rize E\u011fitim ve Ara\u015ft\u0131rma Hastanesi&#8217;nde tedavi alt\u0131na al\u0131nd\u0131.<\/p>\n\n\n\n<figure class=\"wp-block-image\"><img decoding=\"async\" src=\"https:\/\/foto.sondakika.com\/haber\/2026\/06\/24\/kazada-can-veren-3-genc-kizin-19984522-5901_1_m.jpg\" alt=\"Kazada can veren 3 gen\u00e7 k\u0131z\u0131n son g\u00f6r\u00fcnt\u00fcleri! Biri dizi oyuncusuymu\u015f\"\/><\/figure>\n\n\n\n<h3 class=\"wp-block-heading\">Y\u00dcREK BURKAN SON G\u00d6R\u00dcNT\u00dcLER<\/h3>\n\n\n\n<p class=\"wp-block-paragraph\">Kazan\u0131n ard\u0131ndan hayat\u0131n\u0131 kaybeden 3 gen\u00e7 k\u0131z\u0131n yak\u0131n arkada\u015f olduklar\u0131 ve gezmek amac\u0131yla yola \u00e7\u0131kt\u0131klar\u0131 \u00f6\u011frenildi. Gen\u00e7 k\u0131zlardan geriye, kazadan k\u0131sa bir s\u00fcre \u00f6nce ara\u00e7 i\u00e7inde e\u011flenirken \u00e7ektikleri ve sosyal medyada payla\u015ft\u0131klar\u0131 son g\u00f6r\u00fcnt\u00fcler kald\u0131. \u00d6te yandan, kazada hayat\u0131n\u0131 kaybeden 19 ya\u015f\u0131ndaki Gamze Sakl\u0131&#8217;n\u0131n kuaf\u00f6rl\u00fck yapt\u0131\u011f\u0131 ve son olarak yerel bir TV dizisi olan &#8216;G\u00f6zleri Karadeniz&#8217;de yard\u0131mc\u0131 oyuncu olarak rol ald\u0131\u011f\u0131 ortaya \u00e7\u0131kt\u0131. Kazayla ilgili ba\u015flat\u0131lan geni\u015f \u00e7apl\u0131 soru\u015fturma devam ediyor.<\/p>\n\n\n\n<p class=\"wp-block-paragraph\"><img decoding=\"async\" alt=\"Gamze Sakl\u0131\" src=\"https:\/\/foto.sondakika.com\/haber\/2026\/06\/24\/kazada-can-veren-3-genc-kizin-19984522-9299_1_m.jpg\">Gamze Sakl\u0131<\/p>\n\n\n\n<h3 class=\"wp-block-heading\">SON G\u00d6R\u00dcNT\u00dcLER\u0130 KAMERADA<\/h3>\n\n\n\n<p class=\"wp-block-paragraph\">Rize&#8217;nin \u00c7ayeli il\u00e7esinde 2 otomobil ile 1 minib\u00fcs\u00fcn kar\u0131\u015ft\u0131\u011f\u0131 kazada alev alan ayn\u0131 ara\u00e7ta hayat\u0131n\u0131 kaybeden s\u00fcr\u00fcc\u00fc Selinay Saral (22), Nilay Bilgin (23) ve Gamze Sakl\u0131&#8217;n\u0131n (19), son g\u00f6r\u00fcnt\u00fcleri ortaya \u00e7\u0131kt\u0131. Otomobilin i\u00e7indeki son g\u00f6r\u00fcnt\u00fclerde yer alan ve kazada ya\u015fam\u0131n\u0131 yitiren 3 ki\u015finin, yak\u0131n arkada\u015f olduklar\u0131, gezmeye gitmek i\u00e7in yola \u00e7\u0131kt\u0131klar\u0131 belirtildi. Yak\u0131n arkada\u015flardan geriye sanal medyada payla\u015ft\u0131klar\u0131 foto\u011fraflar kal\u0131rken, Gamze Sakl\u0131&#8217;n\u0131n, kuaf\u00f6rl\u00fck ve yard\u0131mc\u0131 oyunculuk yapt\u0131\u011f\u0131, son olarak &#8216;G\u00f6zleri Karadeniz&#8217; adl\u0131 TV dizisinde rol ald\u0131\u011f\u0131 \u00f6\u011frenildi.<\/p>\n\n\n\n<p class=\"wp-block-paragraph\"><img decoding=\"async\" alt=\"Nilay Bilgin\" src=\"https:\/\/foto.sondakika.com\/haber\/2026\/06\/24\/rize-de-3-aracin-karistigi-kaza-sonrasi-yangi-5-19984522_o.jpg\" width=\"640\">Nilay Bilgin<\/p>\n\n\n\n<p class=\"wp-block-paragraph\"><img decoding=\"async\" alt=\"Selinay Saral\" src=\"https:\/\/foto.sondakika.com\/haber\/2026\/06\/24\/kazada-can-veren-3-genc-kizin-19984522-9827_1_m.jpg\">Selinay Saral<\/p>\n","protected":false},"excerpt":{"rendered":"<p>Rize&#8217;nin \u00c7ayeli il\u00e7esinde iki otomobil ve bir minib\u00fcs\u00fcn kar\u0131\u015ft\u0131\u011f\u0131 zincirleme kazada, alev alan arac\u0131n i\u00e7inde<\/p>\n","protected":false},"author":1,"featured_media":3538,"comment_status":"open","ping_status":"open","sticky":false,"template":"","format":"standard","meta":{"_rtcl_gb_attr":"","footnotes":""},"categories":[1],"tags":[],"class_list":["post-3537","post","type-post","status-publish","format-standard","has-post-thumbnail","hentry","category-http-turkiyemhaber-com-wp-content-uploads-2026-03-saray-59-haber-13-mart-pdf"],"_links":{"self":[{"href":"https:\/\/turkiyemhaber.com\/index.php?rest_route=\/wp\/v2\/posts\/3537","targetHints":{"allow":["GET"]}}],"collection":[{"href":"https:\/\/turkiyemhaber.com\/index.php?rest_route=\/wp\/v2\/posts"}],"about":[{"href":"https:\/\/turkiyemhaber.com\/index.php?rest_route=\/wp\/v2\/types\/post"}],"author":[{"embeddable":true,"href":"https:\/\/turkiyemhaber.com\/index.php?rest_route=\/wp\/v2\/users\/1"}],"replies":[{"embeddable":true,"href":"https:\/\/turkiyemhaber.com\/index.php?rest_route=%2Fwp%2Fv2%2Fcomments&post=3537"}],"version-history":[{"count":1,"href":"https:\/\/turkiyemhaber.com\/index.php?rest_route=\/wp\/v2\/posts\/3537\/revisions"}],"predecessor-version":[{"id":3539,"href":"https:\/\/turkiyemhaber.com\/index.php?rest_route=\/wp\/v2\/posts\/3537\/revisions\/3539"}],"wp:featuredmedia":[{"embeddable":true,"href":"https:\/\/turkiyemhaber.com\/index.php?rest_route=\/wp\/v2\/media\/3538"}],"wp:attachment":[{"href":"https:\/\/turkiyemhaber.com\/index.php?rest_route=%2Fwp%2Fv2%2Fmedia&parent=3537"}],"wp:term":[{"taxonomy":"category","embeddable":true,"href":"https:\/\/turkiyemhaber.com\/index.php?rest_route=%2Fwp%2Fv2%2Fcategories&post=3537"},{"taxonomy":"post_tag","embeddable":true,"href":"https:\/\/turkiyemhaber.com\/index.php?rest_route=%2Fwp%2Fv2%2Ftags&post=3537"}],"curies":[{"name":"wp","href":"https:\/\/api.w.org\/{rel}","templated":true}]}}