{"id":3534,"date":"2026-06-24T21:24:59","date_gmt":"2026-06-24T21:24:59","guid":{"rendered":"https:\/\/turkiyemhaber.com\/?p=3534"},"modified":"2026-06-24T21:25:04","modified_gmt":"2026-06-24T21:25:04","slug":"tbmm-tarihinde-bir-ilk-aktif-gorevdeki-iki-vekil-sessiz-sedasiz-evlendi","status":"publish","type":"post","link":"https:\/\/turkiyemhaber.com\/?p=3534","title":{"rendered":"TBMM tarihinde bir ilk! Aktif g\u00f6revdeki iki vekil sessiz sedas\u0131z evlendi"},"content":{"rendered":"\n<p class=\"wp-block-paragraph\">Siyaset d\u00fcnyas\u0131 tarihi bir d\u00fc\u011f\u00fcne sahne oldu; CHP Grup Ba\u015fkanvekili ve Ankara Milletvekili Murat Emir ile CHP Genel Ba\u015fkan Yard\u0131mc\u0131s\u0131 ve \u0130stanbul Milletvekili Evrim R\u0131zvano\u011flu d\u00fcnyaevine girdi. Bu evlilikle birlikte parlamento tarihinde ilk kez aktif olarak ayn\u0131 d\u00f6nemde g\u00f6rev yapan iki milletvekili hayat\u0131n\u0131 birle\u015ftirmi\u015f oldu ve Meclis s\u0131ralar\u0131nda ilk kez &#8220;milletvekili bir \u00e7ift&#8221; d\u00f6nemi ba\u015flad\u0131.<\/p>\n\n\n\n<p class=\"wp-block-paragraph\"><a href=\"https:\/\/www.sondakika.com\/cumhuriyet-halk-partisi\/\">Cumhuriyet Halk Partisi<\/a>&nbsp;(CHP) Grup Ba\u015fkanvekili&nbsp;<a href=\"https:\/\/www.sondakika.com\/murat-emir\/\">Murat Emir<\/a>&nbsp;ile CHP Genel Ba\u015fkan Yard\u0131mc\u0131s\u0131 Evrim R\u0131zvano\u011flu hayatlar\u0131n\u0131 birle\u015ftirdi.&nbsp;<a href=\"https:\/\/www.sondakika.com\/ankara\/\">Ankara<\/a>&nbsp;ve&nbsp;<a href=\"https:\/\/www.sondakika.com\/istanbul\/\">\u0130stanbul<\/a>&nbsp;milletvekillerinin bu mutlu g\u00fcn\u00fc, T\u00fcrkiye B\u00fcy\u00fck Millet Meclisi tarihine ge\u00e7ti.&nbsp;<\/p>\n\n\n\n<h3 class=\"wp-block-heading\">B\u0130R \u0130LK\u0130 GER\u00c7EKLE\u015eT\u0130RD\u0130LER&nbsp;<\/h3>\n\n\n\n<p class=\"wp-block-paragraph\">TBMM tarihinde daha \u00f6nce milletvekilli\u011fi yapm\u0131\u015f, emekli olmu\u015f ya da farkl\u0131 d\u00f6nemlerde mecliste bulunmu\u015f isimlerin evlilikleri ya\u015fanm\u0131\u015f olsa da, aktif olarak ayn\u0131 d\u00f6nemde g\u00f6rev yapan iki milletvekilinin evlenmesi ilk kez ger\u00e7ekle\u015fti. Bu tarihi nikahla birlikte Emir ve R\u0131zvano\u011flu \u00e7ifti, parlamentonun &#8220;ilk vekil \u00e7ifti&#8221; unvan\u0131n\u0131 kazand\u0131.<\/p>\n\n\n\n<p class=\"wp-block-paragraph\"><img decoding=\"async\" alt=\"Murat Emir\" src=\"https:\/\/foto.sondakika.com\/haber\/2026\/06\/24\/tbmm-tarihinde-bir-ilk-aktif-g-38697386-7425_1_m.jpg\">Murat Emir<\/p>\n\n\n\n<h3 class=\"wp-block-heading\">DAMAT HEM DOKTOR HEM HUKUK\u00c7U<\/h3>\n\n\n\n<p class=\"wp-block-paragraph\">Meclisin en renkli ve donan\u0131ml\u0131 kariyerlerinden birine sahip olan Murat Emir, t\u0131p ve hukuk d\u00fcnyas\u0131ndaki ba\u015far\u0131lar\u0131n\u0131n ard\u0131ndan siyasette de zirveye t\u0131rmanan bir isim:<\/p>\n\n\n\n<ul class=\"wp-block-list\">\n<li><strong>E\u011fitim Hayat\u0131:\u00a0<\/strong>1969 Malatya do\u011fumlu olan Emir, Hacettepe \u00dcniversitesi T\u0131p Fak\u00fcltesi&#8217;ni bitirdikten sonra G\u00f6z Hastal\u0131klar\u0131 uzman\u0131 oldu. Almanya&#8217;da Heidelberg \u00dcniversitesi&#8217;nde Lazer Fizi\u011fi y\u00fcksek lisans\u0131 yapt\u0131. E\u011fitim tutkusu bitmeyen Emir, ard\u0131ndan Ankara \u00dcniversitesi Hukuk Fak\u00fcltesi&#8217;ni bitirdi ve Sa\u011fl\u0131k Hukuku \u00fczerine doktora yaparak &#8220;Bilim Doktoru&#8221; unvan\u0131n\u0131 ald\u0131.<\/li>\n\n\n\n<li><strong>Siyasi Kariyeri:\u00a0<\/strong>Haziran 2015&#8217;ten bu yana \u00fcst \u00fcste 4 d\u00f6nemdir CHP Ankara\u00a0<a href=\"https:\/\/www.sondakika.com\/milletvekili\/\">Milletvekili<\/a>\u00a0olarak mecliste yer al\u0131yor. Parti Meclisi \u00fcyeli\u011fi ve Anayasa Komisyonu \u00fcyeliklerinin ard\u0131ndan, Nisan 2024&#8217;te CHP TBMM Grup Ba\u015fkanvekilli\u011fi g\u00f6revine getirildi.<\/li>\n<\/ul>\n\n\n\n<p class=\"wp-block-paragraph\"><img decoding=\"async\" alt=\"Evrim R\u0131zvano\u011flu\" src=\"https:\/\/foto.sondakika.com\/haber\/2026\/06\/24\/tbmm-tarihinde-bir-ilk-aktif-g-52522093-9463_1_m.jpg\">Evrim R\u0131zvano\u011flu<\/p>\n\n\n\n<h3 class=\"wp-block-heading\">GEL\u0130N DO\u011eA VE \u00c7EVRE POL\u0130T\u0130KALARININ KAPTANI<\/h3>\n\n\n\n<p class=\"wp-block-paragraph\">\u0130\u015f d\u00fcnyas\u0131ndan siyasete uzanan ba\u015far\u0131 \u00f6yk\u00fcs\u00fcyle dikkat \u00e7eken Evrim R\u0131zvano\u011flu, CHP y\u00f6netiminin en aktif isimlerinden biri:<\/p>\n\n\n\n<ul class=\"wp-block-list\">\n<li>E\u011fitim ve \u0130\u015f Hayat\u0131: 1980 Van do\u011fumlu olan R\u0131zvano\u011flu, y\u00fcksek\u00f6\u011frenimini ABD&#8217;de Kaliforniya Eyalet \u00dcniversitesi&#8217;nde tamamlad\u0131. Florida Uluslararas\u0131 \u00dcniversitesi&#8217;nde \u0130\u015fletme (MBA) y\u00fcksek lisans\u0131 yapt\u0131ktan sonra aile \u015firketinde y\u00f6netici olarak \u00e7al\u0131\u015ft\u0131.<\/li>\n\n\n\n<li>Siyasi Kariyeri: Siyasete DEVA Partisi kurucu \u00fcyesi olarak girdi ve \u00e7evre politikalar\u0131ndan sorumlu genel ba\u015fkan yard\u0131mc\u0131l\u0131\u011f\u0131 yapt\u0131. 2023 se\u00e7imlerinde CHP listelerinden \u0130stanbul Milletvekili se\u00e7ildi. 27 Haziran 2025&#8217;te DEVA Partisi&#8217;nden istifa ederek CHP&#8217;ye kat\u0131lan R\u0131zvano\u011flu, \u015fu anda CHP Merkez Y\u00f6netim Kurulu (MYK) \u00fcyesi ve Do\u011fa Haklar\u0131 ve \u00c7evre Politikalar\u0131ndan Sorumlu Genel Ba\u015fkan Yard\u0131mc\u0131s\u0131 olarak g\u00f6rev yap\u0131yor.<\/li>\n<\/ul>\n\n\n\n<figure class=\"wp-block-image\"><img decoding=\"async\" src=\"https:\/\/foto.sondakika.com\/haber\/2026\/06\/24\/tbmm-tarihinde-bir-ilk-aktif-g-19984551-2318_1_m.jpg\" alt=\"TBMM tarihinde bir ilk! Aktif g\u00f6revdeki iki vekil sessiz sedas\u0131z evlendi\"\/><\/figure>\n\n\n\n<p class=\"wp-block-paragraph\"><a href=\"https:\/\/www.sondakika.com\/cumhuriyet-halk-partisi\/\"><strong>Cumhuriyet Halk Partisi<\/strong><\/a>,&nbsp;<a href=\"https:\/\/www.sondakika.com\/milletvekili\/\"><strong>Milletvekili<\/strong><\/a>,&nbsp;<a href=\"https:\/\/www.sondakika.com\/parlamento\/\"><strong>Parlamento<\/strong><\/a>,&nbsp;<a href=\"https:\/\/www.sondakika.com\/murat-emir\/\"><strong>Murat Emir<\/strong><\/a>,&nbsp;<a href=\"https:\/\/www.sondakika.com\/politika\/\"><strong>Politika<\/strong><\/a>,&nbsp;<a href=\"https:\/\/www.sondakika.com\/istanbul\/\"><strong>\u0130stanbul<\/strong><\/a>,&nbsp;<a href=\"https:\/\/www.sondakika.com\/siyaset\/\"><strong>Siyaset<\/strong><\/a>,&nbsp;<a href=\"https:\/\/www.sondakika.com\/ankara\/\"><strong>Ankara<\/strong><\/a><\/p>\n","protected":false},"excerpt":{"rendered":"<p>Siyaset d\u00fcnyas\u0131 tarihi bir d\u00fc\u011f\u00fcne sahne oldu; CHP Grup Ba\u015fkanvekili ve Ankara Milletvekili Murat Emir<\/p>\n","protected":false},"author":1,"featured_media":3535,"comment_status":"open","ping_status":"open","sticky":false,"template":"","format":"standard","meta":{"_rtcl_gb_attr":"","footnotes":""},"categories":[1],"tags":[],"class_list":["post-3534","post","type-post","status-publish","format-standard","has-post-thumbnail","hentry","category-http-turkiyemhaber-com-wp-content-uploads-2026-03-saray-59-haber-13-mart-pdf"],"_links":{"self":[{"href":"https:\/\/turkiyemhaber.com\/index.php?rest_route=\/wp\/v2\/posts\/3534","targetHints":{"allow":["GET"]}}],"collection":[{"href":"https:\/\/turkiyemhaber.com\/index.php?rest_route=\/wp\/v2\/posts"}],"about":[{"href":"https:\/\/turkiyemhaber.com\/index.php?rest_route=\/wp\/v2\/types\/post"}],"author":[{"embeddable":true,"href":"https:\/\/turkiyemhaber.com\/index.php?rest_route=\/wp\/v2\/users\/1"}],"replies":[{"embeddable":true,"href":"https:\/\/turkiyemhaber.com\/index.php?rest_route=%2Fwp%2Fv2%2Fcomments&post=3534"}],"version-history":[{"count":1,"href":"https:\/\/turkiyemhaber.com\/index.php?rest_route=\/wp\/v2\/posts\/3534\/revisions"}],"predecessor-version":[{"id":3536,"href":"https:\/\/turkiyemhaber.com\/index.php?rest_route=\/wp\/v2\/posts\/3534\/revisions\/3536"}],"wp:featuredmedia":[{"embeddable":true,"href":"https:\/\/turkiyemhaber.com\/index.php?rest_route=\/wp\/v2\/media\/3535"}],"wp:attachment":[{"href":"https:\/\/turkiyemhaber.com\/index.php?rest_route=%2Fwp%2Fv2%2Fmedia&parent=3534"}],"wp:term":[{"taxonomy":"category","embeddable":true,"href":"https:\/\/turkiyemhaber.com\/index.php?rest_route=%2Fwp%2Fv2%2Fcategories&post=3534"},{"taxonomy":"post_tag","embeddable":true,"href":"https:\/\/turkiyemhaber.com\/index.php?rest_route=%2Fwp%2Fv2%2Ftags&post=3534"}],"curies":[{"name":"wp","href":"https:\/\/api.w.org\/{rel}","templated":true}]}}