{"id":3528,"date":"2026-06-24T21:15:22","date_gmt":"2026-06-24T21:15:22","guid":{"rendered":"https:\/\/turkiyemhaber.com\/?p=3528"},"modified":"2026-06-24T21:15:25","modified_gmt":"2026-06-24T21:15:25","slug":"kilicdaroglundan-silivrideki-ekrem-imamoglunu-kuplere-bindirecek-sozler","status":"publish","type":"post","link":"https:\/\/turkiyemhaber.com\/?p=3528","title":{"rendered":"K\u0131l\u0131\u00e7daro\u011flu&#8217;ndan Silivri&#8217;deki Ekrem \u0130mamo\u011flu&#8217;nu k\u00fcplere bindirecek s\u00f6zler"},"content":{"rendered":"\n<p class=\"wp-block-paragraph\">Mahkeme karar\u0131yla yeniden CHP Genel Ba\u015fkanl\u0131\u011f\u0131 koltu\u011funa oturan Kemal K\u0131l\u0131\u00e7daro\u011flu, \u0130BB Ba\u015fkan\u0131 Ekrem \u0130mamo\u011flu ve belediyelere y\u00f6nelik yarg\u0131 s\u00fcre\u00e7leri hakk\u0131nda \u00e7ok konu\u015fulacak bir \u00e7\u0131k\u0131\u015fa imza att\u0131. Davalar\u0131n siyasi m\u00fcdahale de\u011fil &#8220;yolsuzluk davas\u0131&#8221; oldu\u011funu savunan K\u0131l\u0131\u00e7daro\u011flu, as\u0131l \u00f6nceli\u011fin tutuksuz yarg\u0131lama de\u011fil parti i\u00e7i &#8220;ahlaki \u00fcst\u00fcnl\u00fc\u011f\u00fc&#8221; yeniden kazanmak ve kirlilikten ar\u0131nmak oldu\u011funu belirterek \u00d6zg\u00fcr \u00d6zel ve Ekrem \u0130mamo\u011flu kanad\u0131yla k\u00f6pr\u00fcleri tamamen att\u0131.<\/p>\n\n\n\n<p class=\"wp-block-paragraph\"><a href=\"https:\/\/www.sondakika.com\/mahkeme\/\">Mahkeme<\/a>&nbsp;karar\u0131yla yeniden CHP Genel Ba\u015fkanl\u0131\u011f\u0131 koltu\u011funa oturan&nbsp;<a href=\"https:\/\/www.sondakika.com\/kemal-kilicdaroglu\/\">Kemal K\u0131l\u0131\u00e7daro\u011flu<\/a>, Cumhuriyet gazetesi yazar\u0131 Mustafa Balbay\u2019a \u00e7ok konu\u015fulacak a\u00e7\u0131klamalarda bulundu.&nbsp;<\/p>\n\n\n\n<p class=\"wp-block-paragraph\"><a href=\"https:\/\/www.sondakika.com\/ekrem-imamoglu\/\">Ekrem \u0130mamo\u011flu<\/a>&nbsp;ve di\u011fer CHP\u2019li belediyeler hakk\u0131ndaki davalar\u0131n &#8220;siyasi de\u011fil, yolsuzluk davas\u0131&#8221; oldu\u011funu savunan K\u0131l\u0131\u00e7daro\u011flu, &#8220;\u00d6ncelik tutuksuz yarg\u0131lama de\u011fil, ahlaki \u00fcst\u00fcnl\u00fck&#8221; diyerek yeni bir tart\u0131\u015fman\u0131n fitilini ate\u015fledi.<\/p>\n\n\n\n<h3 class=\"wp-block-heading\">&#8220;DAVALAR S\u0130YAS\u0130 DE\u011e\u0130L, YOLSUZLUK DAVASI&#8221;<\/h3>\n\n\n\n<p class=\"wp-block-paragraph\">Mustafa Balbay\u2019\u0131n, Ekrem \u0130mamo\u011flu hakk\u0131nda istenen a\u011f\u0131r hapis cezalar\u0131, diploman\u0131n iptal edilmesi ve tutuklama s\u00fcre\u00e7lerini hat\u0131rlatarak &#8220;Bu davalara siyasi de\u011fil derseniz biz nas\u0131l itiraz etmeyiz?&#8221; sorusuna Kemal K\u0131l\u0131\u00e7daro\u011flu\u2019ndan \u015foke eden bir yan\u0131t geldi. Davalar\u0131n hukuki nitelikte oldu\u011funu \u00f6ne s\u00fcren K\u0131l\u0131\u00e7daro\u011flu \u015funlar\u0131 s\u00f6yledi:<\/p>\n\n\n\n<ul class=\"wp-block-list\">\n<li>KK: B\u00fct\u00fcn ele\u015ftirilere a\u00e7\u0131\u011f\u0131m ama yanl\u0131\u015f bilgi verilmesine itiraz ediyorum. O davalar siyasi de\u011fil, yolsuzluk davas\u0131 onlar.<\/li>\n\n\n\n<li>MB: Kemal Bey, Allah a\u015fk\u0131na Ekrem Bey i\u00e7in 2500 y\u0131l hapis isteniyor. Ayn\u0131 s\u00fcre\u00e7te diplomas\u0131 iptal edilip tutuklan\u0131yor. (&#8230;) T\u00fcrkiye\u2019de infaz pe\u015fin, adalet veresiye. \u00dcstelik d\u00fcnyada da yolsuzluk iddialar\u0131 \u00fczerinden siyasete m\u00fcdahale ediliyor. Brezilya\u2019da Lula, \u0130spanya\u2019da Sanchez&#8230;<\/li>\n\n\n\n<li>KK: Tutuklu yarg\u0131lamaya ben de kar\u015f\u0131y\u0131m. Ailesini ziyaret etti\u011fimde s\u00f6yledi\u011fim noktaday\u0131m. Bizim \u00f6ncelikle ahlaki \u00fcst\u00fcnl\u00fc\u011f\u00fc yeniden kazanmam\u0131z gerekli.<\/li>\n<\/ul>\n\n\n\n<p class=\"wp-block-paragraph\">K\u0131l\u0131\u00e7daro\u011flu, yarg\u0131 kararlar\u0131na sert ele\u015ftiriler getirilebilece\u011fini ancak mahkeme kararlar\u0131na uyulmas\u0131 gerekti\u011fini vurgulayarak, &#8220;Mahkeme bir karar verir, en a\u011f\u0131r bi\u00e7imde ele\u015ftirirsiniz ama ona uyman\u0131z gerekir&#8221; dedi.<\/p>\n\n\n\n<h3 class=\"wp-block-heading\">&#8220;KEMAL BEY PART\u0130Y\u0130 DARMADA\u011eIN ETT\u0130&#8221;<\/h3>\n\n\n\n<p class=\"wp-block-paragraph\">Mustafa Balbay&#8217;\u0131n, mahkeme karar\u0131na (mutlak butlan) s\u0131\u011f\u0131nmak yerine parti i\u00e7i b\u00fct\u00fcnl\u00fc\u011f\u00fc koruyarak kurultayda hesapla\u015fma yolunun neden se\u00e7ilmedi\u011fi sorusu \u00fczerine K\u0131l\u0131\u00e7daro\u011flu, &#8220;Bu karar verilmi\u015f, benden ni\u00e7in korkuyorlar? Normalle\u015fmeye kar\u015f\u0131 \u00e7\u0131kar\u0131m k\u0131zarlar, ar\u0131nal\u0131m derim k\u0131zarlar&#8221; yan\u0131t\u0131n\u0131 verdi.<\/p>\n\n\n\n<p class=\"wp-block-paragraph\">G\u00f6r\u00fc\u015fmede sokaktaki ve partideki tepkiler de masaya yat\u0131r\u0131ld\u0131. Balbay&#8217;\u0131n sokaktaki vatanda\u015f\u0131n nabz\u0131n\u0131 tutarak verdi\u011fi \u015fu \u00f6rne\u011fe K\u0131l\u0131\u00e7daro\u011flu olduk\u00e7a k\u0131sa bir yan\u0131t verdi:<\/p>\n\n\n\n<ul class=\"wp-block-list\">\n<li>MB: Sizinle ayn\u0131 pazaryerine gidiyoruz. Y\u00fcz\u00fcnc\u00fcy\u0131l pazar\u0131ndaki herkes, ba\u015fta g\u00f6zlemeci teyze, &#8216;Kemal Bey ne yap\u0131yor? Darmada\u011f\u0131n etti partiyi&#8217; diyor&#8230;<\/li>\n\n\n\n<li>KK: D\u00fczeltiriz.<\/li>\n<\/ul>\n\n\n\n<h3 class=\"wp-block-heading\">DI\u015e POL\u0130T\u0130KA ELE\u015eT\u0130R\u0130LER\u0130NE &#8220;\u0130SMA\u0130L CEM&#8221; SAVUNMASI<\/h3>\n\n\n\n<p class=\"wp-block-paragraph\"><a href=\"https:\/\/www.sondakika.com\/ozgur-ozel\/\">\u00d6zg\u00fcr \u00d6zel<\/a>&nbsp;ekibini &#8220;T\u00fcrkiye&#8217;yi d\u0131\u015far\u0131ya \u015fikayet etmekle&#8221; su\u00e7lamas\u0131 ve &#8220;Osmanl\u0131 co\u011frafyas\u0131&#8221; \u00e7\u0131k\u0131\u015flar\u0131 nedeniyle iktidar \u00e7izgisine yak\u0131nla\u015ft\u0131\u011f\u0131 y\u00f6n\u00fcndeki ele\u015ftirileri reddeden K\u0131l\u0131\u00e7daro\u011flu, fikirlerinin k\u00f6kenini a\u00e7\u0131klad\u0131:&nbsp;&#8220;Osmanl\u0131 co\u011frafyas\u0131 i\u00e7in s\u00f6yledi\u011fim her \u015fey \u0130smail Cem\u2019in kitab\u0131ndand\u0131r. Orada Balkanlar da yazar, T\u00fcrk d\u00fcnyas\u0131 da yazar. Kurulmakta olan yeni d\u00fcnyada yerimizi almal\u0131y\u0131z.&#8221;<\/p>\n\n\n\n<h3 class=\"wp-block-heading\">DEM\u0130RTA\u015e \u00c7IKI\u015eINA A\u00c7IKLIK GET\u0130RD\u0130&nbsp;<\/h3>\n\n\n\n<p class=\"wp-block-paragraph\">Ge\u00e7mi\u015fte eski HDP E\u015f Genel Ba\u015fkan\u0131 Selahattin Demirta\u015f\u2019\u0131 cezaevinde ziyaret eden ancak son d\u00f6nemde bu konuda mesafeli a\u00e7\u0131klamalar yapan K\u0131l\u0131\u00e7daro\u011flu, bu taktiksel de\u011fi\u015fikli\u011fi &#8220;d\u00f6nemsel zorunluluk&#8221; olarak nitelendirdi:&nbsp;&#8220;Ben ge\u00e7mi\u015fte Demirta\u015f\u2019\u0131 ziyaret ettim. S\u00f6yledim de tutuklamay\u0131 do\u011fru bulmuyorum. Her \u015feyi zaman\u0131ndaki duruma g\u00f6re yorumlamak gerekir. O d\u00f6nem CHP\u2019yi \u0131srarla PKK ile ili\u015fkilendirme \u00e7abas\u0131 vard\u0131. Buna kar\u015f\u0131 bu ad\u0131m gerekti.&#8221;<\/p>\n\n\n\n<p class=\"wp-block-paragraph\">K\u0131l\u0131\u00e7daro\u011flu&#8217;nun \u00f6zellikle Ekrem \u0130mamo\u011flu&#8217;na y\u00f6nelik &#8220;yolsuzluk yarg\u0131lamas\u0131&#8221; ve &#8220;ahlaki \u00fcst\u00fcnl\u00fck&#8221; \u00e7\u0131k\u0131\u015flar\u0131n\u0131n, partiyi kurultaya g\u00f6t\u00fcrmek isteyen \u00d6zg\u00fcr \u00d6zel ve Ekrem \u0130mamo\u011flu kanad\u0131nda nas\u0131l bir yank\u0131 uyand\u0131raca\u011f\u0131 merak konusu.<\/p>\n","protected":false},"excerpt":{"rendered":"<p>Mahkeme karar\u0131yla yeniden CHP Genel Ba\u015fkanl\u0131\u011f\u0131 koltu\u011funa oturan Kemal K\u0131l\u0131\u00e7daro\u011flu, \u0130BB Ba\u015fkan\u0131 Ekrem \u0130mamo\u011flu ve<\/p>\n","protected":false},"author":1,"featured_media":3529,"comment_status":"open","ping_status":"open","sticky":false,"template":"","format":"standard","meta":{"_rtcl_gb_attr":"","footnotes":""},"categories":[44],"tags":[],"class_list":["post-3528","post","type-post","status-publish","format-standard","has-post-thumbnail","hentry","category-politika"],"_links":{"self":[{"href":"https:\/\/turkiyemhaber.com\/index.php?rest_route=\/wp\/v2\/posts\/3528","targetHints":{"allow":["GET"]}}],"collection":[{"href":"https:\/\/turkiyemhaber.com\/index.php?rest_route=\/wp\/v2\/posts"}],"about":[{"href":"https:\/\/turkiyemhaber.com\/index.php?rest_route=\/wp\/v2\/types\/post"}],"author":[{"embeddable":true,"href":"https:\/\/turkiyemhaber.com\/index.php?rest_route=\/wp\/v2\/users\/1"}],"replies":[{"embeddable":true,"href":"https:\/\/turkiyemhaber.com\/index.php?rest_route=%2Fwp%2Fv2%2Fcomments&post=3528"}],"version-history":[{"count":1,"href":"https:\/\/turkiyemhaber.com\/index.php?rest_route=\/wp\/v2\/posts\/3528\/revisions"}],"predecessor-version":[{"id":3530,"href":"https:\/\/turkiyemhaber.com\/index.php?rest_route=\/wp\/v2\/posts\/3528\/revisions\/3530"}],"wp:featuredmedia":[{"embeddable":true,"href":"https:\/\/turkiyemhaber.com\/index.php?rest_route=\/wp\/v2\/media\/3529"}],"wp:attachment":[{"href":"https:\/\/turkiyemhaber.com\/index.php?rest_route=%2Fwp%2Fv2%2Fmedia&parent=3528"}],"wp:term":[{"taxonomy":"category","embeddable":true,"href":"https:\/\/turkiyemhaber.com\/index.php?rest_route=%2Fwp%2Fv2%2Fcategories&post=3528"},{"taxonomy":"post_tag","embeddable":true,"href":"https:\/\/turkiyemhaber.com\/index.php?rest_route=%2Fwp%2Fv2%2Ftags&post=3528"}],"curies":[{"name":"wp","href":"https:\/\/api.w.org\/{rel}","templated":true}]}}