{"id":3525,"date":"2026-06-24T21:11:00","date_gmt":"2026-06-24T21:11:00","guid":{"rendered":"https:\/\/turkiyemhaber.com\/?p=3525"},"modified":"2026-06-24T21:11:04","modified_gmt":"2026-06-24T21:11:04","slug":"bir-belediye-baskani-daha-chpden-istifa-etti","status":"publish","type":"post","link":"https:\/\/turkiyemhaber.com\/?p=3525","title":{"rendered":"Bir belediye ba\u015fkan\u0131 daha CHP&#8217;den istifa etti"},"content":{"rendered":"\n<p class=\"wp-block-paragraph\">Pe\u015f pe\u015fe istifalar ve g\u00f6revden almalarla sars\u0131lan CHP&#8217;ye bir k\u00f6t\u00fc haber daha geldi. Edirne Ke\u015fan Belediye Ba\u015fkan\u0131 Mehmet \u00d6zcan, Cumhuriyet Halk Partisi&#8217;nden istifa etti.<\/p>\n\n\n\n<p class=\"wp-block-paragraph\">\u0130zmir ve Haymana&#8217;dan sonra&nbsp;<a href=\"https:\/\/www.sondakika.com\/edirne\/\">Edirne<\/a>&nbsp;<a href=\"https:\/\/www.sondakika.com\/kesan-2\/\">Ke\u015fan<\/a>&nbsp;Belediye Ba\u015fkan\u0131&nbsp;<a href=\"https:\/\/www.sondakika.com\/mehmet-ozcan\/\">Mehmet \u00d6zcan<\/a>&nbsp;da CHP&#8217;den istifa etti.&nbsp;4 d\u00f6nemdir Ke\u015fen Belediye Ba\u015fkanl\u0131\u011f\u0131 yapan \u00d6zcan, 2024 yerel se\u00e7imlerinde y\u00fczde 53.11&#8217;lik oy oran\u0131yla belediye ba\u015fkan\u0131 se\u00e7ilmi\u015fti.&nbsp;<\/p>\n\n\n\n<h3 class=\"wp-block-heading\">&#8220;TELEFONLARIMI A\u00c7MADI&#8221;<\/h3>\n\n\n\n<p class=\"wp-block-paragraph\">CHP Ke\u015fan \u0130l\u00e7e Ba\u015fkan\u0131&nbsp;<a href=\"https:\/\/www.sondakika.com\/ali-cakir\/\">Ali \u00c7ak\u0131r<\/a>, istifaya ili\u015fkin yapt\u0131\u011f\u0131 a\u00e7\u0131klamada, \u00d6zcan&#8217;\u0131n AK Parti&#8217;ye ge\u00e7ece\u011fine ili\u015fkin haberleri yerel bas\u0131nda g\u00f6rd\u00fc\u011f\u00fcn\u00fc, kendisinin telefonlar\u0131n\u0131 a\u00e7mad\u0131\u011f\u0131n\u0131 belirterek \u015funlar\u0131 s\u00f6yledi:<\/p>\n\n\n\n<h3 class=\"wp-block-heading\">&#8220;HEM CHP&#8217;Y\u0130 HEM KE\u015eAN HALKINI SATIYOR&#8221;<\/h3>\n\n\n\n<p class=\"wp-block-paragraph\">&#8220;As\u0131rl\u0131k \u00e7\u0131nar CHP&#8217;ye hainlik yaparak siyasi ya\u015fam\u0131n\u0131 sonland\u0131raca\u011f\u0131n\u0131, final yapaca\u011f\u0131n\u0131 d\u00fc\u015f\u00fcnmek istemiyorum. E\u011fer b\u00f6yle bir d\u00fc\u015f\u00fcncesi varsa \u00f6nce belediye ba\u015fkanl\u0131\u011f\u0131ndan istifa etmesi gerekir. \u00c7\u00fcnk\u00fc Ke\u015fan halk\u0131n\u0131n helal oylar\u0131yla o g\u00f6reve geldi. Hem CHP&#8217;yi sat\u0131yor b\u00f6yle hem de Ke\u015fan halk\u0131n\u0131, ona oy veren Ke\u015fanl\u0131lar\u0131 sat\u0131yor. O y\u00fczden inanmak istemiyorum.&#8221;<\/p>\n\n\n\n<h3 class=\"wp-block-heading\">MEHMET \u00d6ZCAN K\u0130MD\u0130R?<\/h3>\n\n\n\n<p class=\"wp-block-paragraph\">1956 y\u0131l\u0131nda Ke\u015fan\u2019a ba\u011fl\u0131 Seydik\u00f6y\u2019de do\u011fdu. \u0130lkokulu Seydik\u00f6y\u2019de, ortaokulu, Ke\u015fan Cumhuriyet Ortaokulu\u2019nda, liseyi Edirne Lisesi\u2019nde tamamlad\u0131.<\/p>\n\n\n\n<p class=\"wp-block-paragraph\">Ortado\u011fu Teknik \u00dcniversitesi (ODT\u00dc) Kamu Y\u00f6netimi B\u00f6l\u00fcm\u00fc\u2019nde bir d\u00f6nem okuduktan sonra Cerrahpa\u015fa T\u0131p Fak\u00fcltesi b\u00fcnyesinde bulunan Edirne T\u0131p Fak\u00fcltesi\u2019ne devam etti. Mezuniyetinin ard\u0131ndan, Taksim Hastanesi\u2019nde Genel Cerrahi \u0130htisas\u0131 yapt\u0131. 1991 y\u0131l\u0131ndan 2003 Aral\u0131k ay\u0131 sonuna kadar Ke\u015fan Devlet Hastanesi\u2019nde Genel Cerrah olarak Ke\u015fan halk\u0131na hizmet verdi. Belediye ba\u015fkan aday aday\u0131 olabilmek i\u00e7in bu g\u00f6revinden istifa etti. 28 Mart 2004 tarihinde yap\u0131lan yerel se\u00e7imlerde&nbsp;<a href=\"https:\/\/www.sondakika.com\/cumhuriyet-halk-partisi\/\">Cumhuriyet Halk Partisi<\/a>&nbsp;(CHP) aday\u0131 olarak Ke\u015fan Belediye Ba\u015fkanl\u0131\u011f\u0131\u2019na se\u00e7ildi. Belediye Ba\u015fkanl\u0131\u011f\u0131\u2019nda ilk d\u00f6nemini tamamlayan \u00d6zcan, 2009, 2014 ve son olarak da 31 Mart 2024\u2019te yap\u0131lan yerel se\u00e7imlerde 4. kez belediye ba\u015fkan\u0131 oldu. Mehmet \u00d6zcan, evli ve 1 \u00e7ocuk babas\u0131d\u0131r.<\/p>\n","protected":false},"excerpt":{"rendered":"<p>Pe\u015f pe\u015fe istifalar ve g\u00f6revden almalarla sars\u0131lan CHP&#8217;ye bir k\u00f6t\u00fc haber daha geldi. Edirne Ke\u015fan<\/p>\n","protected":false},"author":1,"featured_media":3526,"comment_status":"open","ping_status":"open","sticky":false,"template":"","format":"standard","meta":{"_rtcl_gb_attr":"","footnotes":""},"categories":[44],"tags":[],"class_list":["post-3525","post","type-post","status-publish","format-standard","has-post-thumbnail","hentry","category-politika"],"_links":{"self":[{"href":"https:\/\/turkiyemhaber.com\/index.php?rest_route=\/wp\/v2\/posts\/3525","targetHints":{"allow":["GET"]}}],"collection":[{"href":"https:\/\/turkiyemhaber.com\/index.php?rest_route=\/wp\/v2\/posts"}],"about":[{"href":"https:\/\/turkiyemhaber.com\/index.php?rest_route=\/wp\/v2\/types\/post"}],"author":[{"embeddable":true,"href":"https:\/\/turkiyemhaber.com\/index.php?rest_route=\/wp\/v2\/users\/1"}],"replies":[{"embeddable":true,"href":"https:\/\/turkiyemhaber.com\/index.php?rest_route=%2Fwp%2Fv2%2Fcomments&post=3525"}],"version-history":[{"count":1,"href":"https:\/\/turkiyemhaber.com\/index.php?rest_route=\/wp\/v2\/posts\/3525\/revisions"}],"predecessor-version":[{"id":3527,"href":"https:\/\/turkiyemhaber.com\/index.php?rest_route=\/wp\/v2\/posts\/3525\/revisions\/3527"}],"wp:featuredmedia":[{"embeddable":true,"href":"https:\/\/turkiyemhaber.com\/index.php?rest_route=\/wp\/v2\/media\/3526"}],"wp:attachment":[{"href":"https:\/\/turkiyemhaber.com\/index.php?rest_route=%2Fwp%2Fv2%2Fmedia&parent=3525"}],"wp:term":[{"taxonomy":"category","embeddable":true,"href":"https:\/\/turkiyemhaber.com\/index.php?rest_route=%2Fwp%2Fv2%2Fcategories&post=3525"},{"taxonomy":"post_tag","embeddable":true,"href":"https:\/\/turkiyemhaber.com\/index.php?rest_route=%2Fwp%2Fv2%2Ftags&post=3525"}],"curies":[{"name":"wp","href":"https:\/\/api.w.org\/{rel}","templated":true}]}}