{"id":3522,"date":"2026-06-24T21:09:05","date_gmt":"2026-06-24T21:09:05","guid":{"rendered":"https:\/\/turkiyemhaber.com\/?p=3522"},"modified":"2026-06-24T21:09:10","modified_gmt":"2026-06-24T21:09:10","slug":"8-yildir-ekranlardan-uzak-olan-gamze-ozcelik-setlere-geri-dondu","status":"publish","type":"post","link":"https:\/\/turkiyemhaber.com\/?p=3522","title":{"rendered":"8 y\u0131ld\u0131r ekranlardan uzak olan Gamze \u00d6z\u00e7elik setlere geri d\u00f6nd\u00fc"},"content":{"rendered":"\n<p class=\"wp-block-paragraph\">Uzun s\u00fcredir ekranlardan uzak olan ve kendisini tamamen insani yard\u0131mlara adayan Gamze \u00d6z\u00e7elik, 8 y\u0131ll\u0131k aran\u0131n ard\u0131ndan yeniden setlere geri d\u00f6nd\u00fc. TRT&#8217;nin dijital platformu tabii&#8217;de yay\u0131nlanacak yeni dizisinin afi\u015f \u00e7ekimlerine kat\u0131lan \u00fcnl\u00fc oyuncunun setten gelen son hali, hayranlar\u0131 taraf\u0131ndan b\u00fcy\u00fck ilgi g\u00f6rd\u00fc.<\/p>\n\n\n\n<p class=\"wp-block-paragraph\">Uzun y\u0131llard\u0131r oyunculu\u011fa ara veren ve kendisini insani yard\u0131m projelerine adayan&nbsp;<a href=\"https:\/\/www.sondakika.com\/gamze-ozcelik\/\">Gamze \u00d6z\u00e7elik<\/a>, 8 y\u0131l aradan sonra yeniden kamera kar\u015f\u0131s\u0131na ge\u00e7ti. TRT\u2019nin dijital platformu tabii i\u00e7in \u00e7ekilen &#8220;Operasyon Alesta&#8221; dizisiyle setlere d\u00f6nen \u00fcnl\u00fc oyuncunun merakla beklenen ilk karesi payla\u015f\u0131ld\u0131.<\/p>\n\n\n\n<p class=\"wp-block-paragraph\">Bir d\u00f6nemin en \u00e7ok izlenen televizyon dizilerinin ba\u015frol oyuncular\u0131ndan olan, ancak radikal bir kararla kariyerini noktalay\u0131p kurucusu oldu\u011fu dernekle mazlumlara umut olan Gamze \u00d6z\u00e7elik, oyunculu\u011fa geri d\u00f6nd\u00fc. Sanat d\u00fcnyas\u0131ndan uzak kald\u0131\u011f\u0131 d\u00f6nemde sadece iyilik hareketleriyle g\u00fcndeme gelen \u00d6z\u00e7elik, TRT&#8217;nin uluslararas\u0131 dijital platformu tabii&#8217;nin yeni iddial\u0131 projesiyle izleyici kar\u015f\u0131s\u0131na \u00e7\u0131kmaya haz\u0131rlan\u0131yor.<\/p>\n\n\n\n<h3 class=\"wp-block-heading\">DEV PROJEYE DEVLET DESTE\u011e\u0130<\/h3>\n\n\n\n<p class=\"wp-block-paragraph\">\u00dcS Yap\u0131m imzas\u0131 ta\u015f\u0131yan &#8220;Operasyon Alesta&#8221; dizisi,&nbsp;<a href=\"https:\/\/www.sondakika.com\/milli-savunma-bakanligi\/\">Milli Savunma Bakanl\u0131\u011f\u0131<\/a>&nbsp;ile&nbsp;<a href=\"https:\/\/www.sondakika.com\/deniz-kuvvetleri-komutanligi\/\">Deniz Kuvvetleri Komutanl\u0131\u011f\u0131<\/a>&#8216;n\u0131n resmi deste\u011fiyle \u00e7ekiliyor. Dizinin \u00e7ekimlerinin tamamlanmas\u0131n\u0131n ard\u0131ndan afi\u015f \u00e7ekimleri i\u00e7in st\u00fcdyoya girildi. Yap\u0131lan foto\u011fraf \u00e7ekiminde, oyuncu kadrosunda yer alan Gamze \u00d6z\u00e7elik\u2019in y\u0131llar sonra sette \u00e7ekilen ilk resmi karesi de kamuoyuna yans\u0131m\u0131\u015f oldu.<\/p>\n\n\n\n<figure class=\"wp-block-image\"><img decoding=\"async\" src=\"https:\/\/foto.sondakika.com\/haber\/2026\/06\/24\/8-yildir-ekranlardan-uzak-olan-10833745-1721_1_m.jpg\" alt=\"8 y\u0131ld\u0131r ekranlardan uzak olan Gamze \u00d6z\u00e7elik setlere geri d\u00f6nd\u00fc\"\/><\/figure>\n\n\n\n<h3 class=\"wp-block-heading\">AFR\u0130KA\u2019DA G\u00d6REV YAPAN T\u00dcRK M\u00dcHEND\u0130S\u0130 CANLANDIRACAK<\/h3>\n\n\n\n<p class=\"wp-block-paragraph\">Gamze \u00d6z\u00e7elik\u2019in ger\u00e7ek hayatta y\u0131llard\u0131r Afrika k\u0131tas\u0131nda y\u00fcr\u00fctt\u00fc\u011f\u00fc su kuyusu ve yard\u0131m faaliyetleri, yeni rol\u00fcne de ilham oldu. Ba\u015far\u0131l\u0131 oyuncu, dizide Afrika\u2019da zorlu \u015fartlar alt\u0131nda g\u00f6rev yapan &#8220;Zeynep&#8221; isimli bir T\u00fcrk m\u00fchendise hayat verecek. \u00d6z\u00e7elik\u2019in ger\u00e7ek kimli\u011fiyle b\u00fcy\u00fck \u00f6l\u00e7\u00fcde \u00f6rt\u00fc\u015fen bu karakter, \u015fimdiden hayranlar\u0131 aras\u0131nda b\u00fcy\u00fck merak ve heyecan uyand\u0131rd\u0131.<\/p>\n\n\n\n<figure class=\"wp-block-image\"><img decoding=\"async\" src=\"https:\/\/foto.sondakika.com\/haber\/2026\/06\/24\/8-yildir-ekranlardan-uzak-olan-27853362-2216_1_m.jpg\" alt=\"8 y\u0131ld\u0131r ekranlardan uzak olan Gamze \u00d6z\u00e7elik setlere geri d\u00f6nd\u00fc\"\/><\/figure>\n\n\n\n<h3 class=\"wp-block-heading\">YILDIZ KADRO B\u0130R ARADA<\/h3>\n\n\n\n<p class=\"wp-block-paragraph\">Afi\u015f \u00e7ekimleri i\u00e7in bir araya gelen dizinin g\u00fc\u00e7l\u00fc oyuncu kadrosunda Gamze \u00d6z\u00e7elik&#8217;in yan\u0131 s\u0131ra; Onur Seyit Yaran, Cem Bender, Ersin Ar\u0131c\u0131, Meltem Ak\u00e7\u00f6l, F\u0131rat \u00c7elik, Asl\u0131han G\u00fcner ve Aras \u015eenol gibi televizyon d\u00fcnyas\u0131n\u0131n \u00f6nemli isimleri yer al\u0131yor. T\u00fcrk televizyon tarihindeki en dikkat \u00e7ekici geri d\u00f6n\u00fc\u015flerden birine imza atan \u00d6z\u00e7elik&#8217;in performans\u0131, \u015fimdiden sezonun en \u00e7ok konu\u015fulacak ba\u015fl\u0131klar\u0131 aras\u0131nda yer al\u0131yor.<\/p>\n\n\n\n<p class=\"wp-block-paragraph\">Gamze \u00d6z\u00e7elik en son 2018 y\u0131l\u0131nda TRT 1 dizisi&nbsp;Mehmet\u00e7ik Kut&#8217;\u00fcl Amare&#8217;de rol alm\u0131\u015ft\u0131.&nbsp;<\/p>\n","protected":false},"excerpt":{"rendered":"<p>Uzun s\u00fcredir ekranlardan uzak olan ve kendisini tamamen insani yard\u0131mlara adayan Gamze \u00d6z\u00e7elik, 8 y\u0131ll\u0131k<\/p>\n","protected":false},"author":1,"featured_media":3523,"comment_status":"open","ping_status":"open","sticky":false,"template":"","format":"standard","meta":{"_rtcl_gb_attr":"","footnotes":""},"categories":[41],"tags":[],"class_list":["post-3522","post","type-post","status-publish","format-standard","has-post-thumbnail","hentry","category-magazin"],"_links":{"self":[{"href":"https:\/\/turkiyemhaber.com\/index.php?rest_route=\/wp\/v2\/posts\/3522","targetHints":{"allow":["GET"]}}],"collection":[{"href":"https:\/\/turkiyemhaber.com\/index.php?rest_route=\/wp\/v2\/posts"}],"about":[{"href":"https:\/\/turkiyemhaber.com\/index.php?rest_route=\/wp\/v2\/types\/post"}],"author":[{"embeddable":true,"href":"https:\/\/turkiyemhaber.com\/index.php?rest_route=\/wp\/v2\/users\/1"}],"replies":[{"embeddable":true,"href":"https:\/\/turkiyemhaber.com\/index.php?rest_route=%2Fwp%2Fv2%2Fcomments&post=3522"}],"version-history":[{"count":1,"href":"https:\/\/turkiyemhaber.com\/index.php?rest_route=\/wp\/v2\/posts\/3522\/revisions"}],"predecessor-version":[{"id":3524,"href":"https:\/\/turkiyemhaber.com\/index.php?rest_route=\/wp\/v2\/posts\/3522\/revisions\/3524"}],"wp:featuredmedia":[{"embeddable":true,"href":"https:\/\/turkiyemhaber.com\/index.php?rest_route=\/wp\/v2\/media\/3523"}],"wp:attachment":[{"href":"https:\/\/turkiyemhaber.com\/index.php?rest_route=%2Fwp%2Fv2%2Fmedia&parent=3522"}],"wp:term":[{"taxonomy":"category","embeddable":true,"href":"https:\/\/turkiyemhaber.com\/index.php?rest_route=%2Fwp%2Fv2%2Fcategories&post=3522"},{"taxonomy":"post_tag","embeddable":true,"href":"https:\/\/turkiyemhaber.com\/index.php?rest_route=%2Fwp%2Fv2%2Ftags&post=3522"}],"curies":[{"name":"wp","href":"https:\/\/api.w.org\/{rel}","templated":true}]}}