{"id":3519,"date":"2026-06-24T20:54:22","date_gmt":"2026-06-24T20:54:22","guid":{"rendered":"https:\/\/turkiyemhaber.com\/?p=3519"},"modified":"2026-06-24T20:54:25","modified_gmt":"2026-06-24T20:54:25","slug":"belediyelere-tasinmaz-satisinda-yeni-duzenleme","status":"publish","type":"post","link":"https:\/\/turkiyemhaber.com\/?p=3519","title":{"rendered":"Belediyelere Ta\u015f\u0131nmaz Sat\u0131\u015f\u0131nda Yeni D\u00fczenleme"},"content":{"rendered":"\n<p class=\"wp-block-paragraph\">\u0130l \u00f6zel idareleri ve belediyeler, ta\u015f\u0131nmaz sat\u0131\u015f bedelini pe\u015fin veya taksitle alabilecek.<\/p>\n\n\n\n<p class=\"wp-block-paragraph\">TBMM Genel Kurulunda kabul edilerek yasala\u015fan Emniyet Te\u015fkilat\u0131na ve bas\u0131na y\u00f6nelik d\u00fczenlemeleri de i\u00e7eren Baz\u0131 Kanunlarda De\u011fi\u015fiklik Yap\u0131lmas\u0131na Dair Kanun Teklifi ile Vergi Usul Kanunu&#8217;nda de\u011fi\u015fikli\u011fe gidiliyor.<\/p>\n\n\n\n<p class=\"wp-block-paragraph\">Kanunla, Emniyet Te\u015fkilat Kanunu&#8217;nda de\u011fi\u015fikli\u011fe gidiliyor. Buna g\u00f6re, Emniyet Te\u015fkilat\u0131nda y\u00f6netim kapasitesinin art\u0131r\u0131lmas\u0131, denetim ve g\u00f6zetim mekanizmas\u0131n\u0131n g\u00fc\u00e7lendirilmesi, karar alma s\u00fcrelerinin h\u0131zland\u0131r\u0131lmas\u0131, personel motivasyonu ve kariyer planlamas\u0131n\u0131n desteklenmesi, stratejik planlama ve uzmanla\u015fman\u0131n geli\u015ftirilmesi amac\u0131yla her amir r\u00fctbesinde bulunmas\u0131 gereken azami oranlar yeniden d\u00fczenlenecek.<\/p>\n\n\n\n<h3 class=\"wp-block-heading\">KADRO SAYILARINDA D\u00dcZENLEME<\/h3>\n\n\n\n<p class=\"wp-block-paragraph\">Her amir r\u00fctbesinde bulunmas\u0131 gereken toplam kadro say\u0131s\u0131 oran\u0131, birinci s\u0131n\u0131f emniyet m\u00fcd\u00fcr\u00fc i\u00e7in 10 binde 65, ikinci s\u0131n\u0131f emniyet m\u00fcd\u00fcr\u00fc i\u00e7in 10 binde 75, \u00fc\u00e7\u00fcnc\u00fc s\u0131n\u0131f emniyet m\u00fcd\u00fcr\u00fc i\u00e7in 10 binde 90, d\u00f6rd\u00fcnc\u00fc s\u0131n\u0131f emniyet m\u00fcd\u00fcr\u00fc i\u00e7in 10 binde 100, emniyet amiri i\u00e7in 10 binde 300, ba\u015fkomiser i\u00e7in 10 binde 310, komiser i\u00e7in 10 binde 320, komiser yard\u0131mc\u0131s\u0131 i\u00e7in 10 binde 330 olacak.<\/p>\n\n\n\n<p class=\"wp-block-paragraph\">Bu d\u00fczenleme dolay\u0131s\u0131yla \u00f6nceki oranlar y\u00f6n\u00fcnden ge\u00e7erli olan ge\u00e7ici madde y\u00fcr\u00fcrl\u00fckten kald\u0131r\u0131lacak.<\/p>\n\n\n\n<p class=\"wp-block-paragraph\">Kanun&#8217;daki de\u011fi\u015fiklikle, Emniyet Genel M\u00fcd\u00fcrl\u00fc\u011f\u00fc e\u011fitim ve \u00f6\u011fretim kurumlar\u0131na giri\u015fte aranan sa\u011fl\u0131k \u015fartlar\u0131n\u0131 ta\u015f\u0131mad\u0131klar\u0131 gerek\u00e7esiyle e\u011fitim ve \u00f6\u011fretim kurumlar\u0131ndan ili\u015fi\u011fi kesilenlerden yarg\u0131 karar\u0131na istinaden e\u011fitim ve \u00f6\u011fretime devam ederek mezun olan ve polis memuru veya polis amiri r\u00fctbesiyle Emniyet Hizmetleri S\u0131n\u0131f\u0131&#8217;na atanan, daha sonra sa\u011fl\u0131k sebeplerine dayanan yarg\u0131 karar\u0131 gere\u011fince devlet memurlu\u011fundan ili\u015fi\u011fi kesilmi\u015f olanlar, d\u00fczenlemenin y\u00fcr\u00fcrl\u00fc\u011fe girdi\u011fi tarihten itibaren 6 ay i\u00e7inde Emniyet Genel M\u00fcd\u00fcrl\u00fc\u011f\u00fcne ba\u015fvurmalar\u0131 halinde Genel \u0130dare Hizmetleri S\u0131n\u0131f\u0131&#8217;nda durumlar\u0131na uygun \u00fcnvana atanacak.<\/p>\n\n\n\n<p class=\"wp-block-paragraph\">Yap\u0131lacak atamalarda, Devlet Memurlar\u0131 Kanunu&#8217;ndaki \u015fartlar ile Emniyet Hizmetleri S\u0131n\u0131f\u0131 d\u0131\u015f\u0131nda kalan di\u011fer hizmet s\u0131n\u0131flar\u0131na a\u00e7\u0131ktan yap\u0131lacak atamalar i\u00e7in belirlenmi\u015f olan sa\u011fl\u0131k \u015fartlar\u0131na uygunluk aranacak. D\u00fczenleme kapsam\u0131nda yap\u0131lacak olan devlet memurlu\u011funa a\u00e7\u0131ktan atama i\u015flemleriyle ilgili di\u011fer usul ve esaslar, Emniyet Genel M\u00fcd\u00fcrl\u00fc\u011f\u00fcnce belirlenecek.<\/p>\n\n\n\n<h3 class=\"wp-block-heading\">\u0130NTERNET HABER S\u0130TELER\u0130YLE \u0130LG\u0130L\u0130 D\u00dcZENLEMELER DE VAR<\/h3>\n\n\n\n<p class=\"wp-block-paragraph\">Bas\u0131n \u0130lan Kurumu Te\u015fkiline Dair Kanun&#8217;daki de\u011fi\u015fiklikle internet haber sitelerinin vas\u0131f ve \u00f6devleri belirlenecek. Buna g\u00f6re, resmi ilan ve reklam verilen veya bekleme s\u00fcresi i\u00e7indeki internet haber sitelerinin vas\u0131flar\u0131, &#8220;haber say\u0131s\u0131&#8221;, &#8220;i\u00e7erik&#8221;, &#8220;kadro&#8221;, &#8220;okur say\u0131s\u0131&#8221;, &#8220;en az yay\u0131n hayat\u0131 s\u00fcresi&#8221; bak\u0131mlar\u0131ndan ve uygun g\u00f6r\u00fclecek di\u011fer y\u00f6nlerden Bas\u0131n \u0130lan Kurumu (B\u0130K) Genel Kurulunca tespit edilecek. Kanun&#8217;daki gazetelerin \u00f6devlerine ili\u015fkin h\u00fck\u00fcmler, internet haber sitelerinin \u00f6devleri bak\u0131m\u0131ndan da uygulanacak.<\/p>\n\n\n\n<p class=\"wp-block-paragraph\">Kanunla, Kanun&#8217;daki m\u00fceyyideler de\u011fi\u015ftiriliyor. Kanun ile belirlenen vas\u0131f, \u00f6dev, y\u00fck\u00fcml\u00fcl\u00fck ve kanun h\u00fck\u00fcmlerine istinaden Genel Kurul taraf\u0131ndan belirlenen sorumluluklara riayet etmeyen resmi ilan ve reklam yay\u0131mlama hakk\u0131na sahip veya bekleme s\u00fcresinde olan gazete, dergi ve internet haber siteleri ile prod\u00fckt\u00f6rler, kamu idare ve te\u015fekk\u00fclleri ve istisna tutulan sair m\u00fcesseselerin veya bunlar\u0131n i\u015ftiraklerinin sorumlular\u0131 hakk\u0131nda, di\u011fer mevzuat h\u00fck\u00fcmleri sakl\u0131 kalmak kayd\u0131yla bu d\u00fczenleme kapsam\u0131nda muamele yap\u0131lacak.<\/p>\n\n\n\n<h3 class=\"wp-block-heading\">\u0130LAN \u0130HLALLER\u0130NE A\u011eIR YAPTIRIMLAR VAR<\/h3>\n\n\n\n<p class=\"wp-block-paragraph\">B\u0130K Y\u00f6netim Kurulunca, gazete, dergi ve internet haber sitelerine, bu Kanun&#8217;da \u00f6ng\u00f6r\u00fclen vas\u0131flar\u0131 ta\u015f\u0131mamalar\u0131 veya \u00f6devleri yerine getirmemeleri halinde ihlalin niteli\u011fi, a\u011f\u0131rl\u0131\u011f\u0131 ve s\u00fcresi g\u00f6zetilerek 1 g\u00fcnden 10 g\u00fcne kadar resmi ilan ve\/veya reklam kesme m\u00fceyyidesi uygulanmas\u0131na karar verilecek. Ayr\u0131ca ilgili gazete, dergi ve internet haber sitesi, bu Kanun ile temin edilen di\u011fer menfaatlerden de ayn\u0131 s\u00fcrelerle faydaland\u0131r\u0131lamayacak.<\/p>\n\n\n\n<p class=\"wp-block-paragraph\">Bu d\u00fczenlemeye g\u00f6re gazete, dergi ve internet haber sitelerine dair verilecek m\u00fceyyide karar\u0131, resmi ilan ve reklam yay\u0131mlama hakk\u0131 bulunanlar i\u00e7in resmi ilan verilmemesi, yaln\u0131z resmi reklam yay\u0131mlama hakk\u0131 bulunanlar i\u00e7in listeden \u00e7\u0131kar\u0131lmas\u0131 suretiyle karar\u0131n kesinle\u015fmesini m\u00fcteakip B\u0130K Genel M\u00fcd\u00fcrl\u00fc\u011f\u00fcnce uygulanacak. Bekleme s\u00fcresindekiler i\u00e7in m\u00fceyyide karar\u0131 verilmesi halinde bu karar resmi ilan ve reklam yay\u0131mlama hakk\u0131n\u0131n kazan\u0131lmas\u0131ndan sonra uygulanacak.<\/p>\n\n\n\n<p class=\"wp-block-paragraph\">M\u00fceyyide karar\u0131n\u0131n ilgili gazete, dergi ve internet haber sitesine tebli\u011finden itibaren 1 y\u0131l i\u00e7inde ayn\u0131 nitelikte ihlalin ilk tekrar\u0131 halinde ihlalin niteli\u011fi, a\u011f\u0131rl\u0131\u011f\u0131 ve tekrar\u0131 g\u00f6zetilerek 5 g\u00fcnden 15 g\u00fcne kadar, ikinci tekrar\u0131 halinde 10 g\u00fcnden 20 g\u00fcne kadar, \u00fc\u00e7\u00fcnc\u00fc ve daha fazla tekrar\u0131 halinde 15 g\u00fcnden 25 g\u00fcne kadar ilan ve reklam kesme m\u00fceyyidesi uygulanmas\u0131na karar verilecek.<\/p>\n\n\n\n<p class=\"wp-block-paragraph\">\u0130hlal s\u00fcresinin bir ay\u0131 a\u015fmas\u0131 halinde bu d\u00fczenlemeye g\u00f6re tespit edilecek m\u00fceyyide g\u00fcn say\u0131s\u0131 bir kat art\u0131r\u0131lacak. Birden fazla konuda ihlal varsa her biri i\u00e7in belirlenen g\u00fcnler toplanacak. Bir defada toplam uygulanabilecek m\u00fceyyide 60 g\u00fcn\u00fc a\u015famayacak.<\/p>\n\n\n\n<p class=\"wp-block-paragraph\">Bu h\u00fck\u00fcmde say\u0131lan d\u00fczenlemelere riayet etmeyen prod\u00fckt\u00f6rler ile kamu idare ve te\u015fekk\u00fclleri hakk\u0131nda, prod\u00fckt\u00f6rl\u00fck m\u00fcessesesi Y\u00f6netim Kurulu karar\u0131yla 2 aya kadar kapat\u0131labilecek. Kesinle\u015fen karar, o yerdeki valilik\u00e7e uygulanacak. Kamu idare ve te\u015fekk\u00fclleri ile ortakl\u0131klar\u0131n\u0131n sorumlular\u0131 hakk\u0131nda, Genel M\u00fcd\u00fcrl\u00fc\u011f\u00fcn bildirimi \u00fczerine kendi mevzuatlar\u0131na g\u00f6re disiplin i\u015flemi uygulanacak. \u0130\u015flemin sonucu B\u0130K&#8217;e bildirilecek. Kurumun bu i\u015flemlere itiraz hakk\u0131 sakl\u0131 olacak.<\/p>\n\n\n\n<p class=\"wp-block-paragraph\">M\u00fceyyide kararlar\u0131na kar\u015f\u0131 \u0130dari Yarg\u0131lama Usul\u00fc Kanunu h\u00fck\u00fcmlerine g\u00f6re yarg\u0131 yoluna ba\u015fvurulacak.<\/p>\n\n\n\n<p class=\"wp-block-paragraph\">Bu h\u00fckm\u00fcn uygulanmas\u0131na dair usul ve esaslar Genel Kurulca \u00e7\u0131kar\u0131lacak y\u00f6netmelikle belirlenecek.<\/p>\n","protected":false},"excerpt":{"rendered":"<p>\u0130l \u00f6zel idareleri ve belediyeler, ta\u015f\u0131nmaz sat\u0131\u015f bedelini pe\u015fin veya taksitle alabilecek. TBMM Genel Kurulunda<\/p>\n","protected":false},"author":1,"featured_media":3520,"comment_status":"open","ping_status":"open","sticky":false,"template":"","format":"standard","meta":{"_rtcl_gb_attr":"","footnotes":""},"categories":[1],"tags":[],"class_list":["post-3519","post","type-post","status-publish","format-standard","has-post-thumbnail","hentry","category-http-turkiyemhaber-com-wp-content-uploads-2026-03-saray-59-haber-13-mart-pdf"],"_links":{"self":[{"href":"https:\/\/turkiyemhaber.com\/index.php?rest_route=\/wp\/v2\/posts\/3519","targetHints":{"allow":["GET"]}}],"collection":[{"href":"https:\/\/turkiyemhaber.com\/index.php?rest_route=\/wp\/v2\/posts"}],"about":[{"href":"https:\/\/turkiyemhaber.com\/index.php?rest_route=\/wp\/v2\/types\/post"}],"author":[{"embeddable":true,"href":"https:\/\/turkiyemhaber.com\/index.php?rest_route=\/wp\/v2\/users\/1"}],"replies":[{"embeddable":true,"href":"https:\/\/turkiyemhaber.com\/index.php?rest_route=%2Fwp%2Fv2%2Fcomments&post=3519"}],"version-history":[{"count":1,"href":"https:\/\/turkiyemhaber.com\/index.php?rest_route=\/wp\/v2\/posts\/3519\/revisions"}],"predecessor-version":[{"id":3521,"href":"https:\/\/turkiyemhaber.com\/index.php?rest_route=\/wp\/v2\/posts\/3519\/revisions\/3521"}],"wp:featuredmedia":[{"embeddable":true,"href":"https:\/\/turkiyemhaber.com\/index.php?rest_route=\/wp\/v2\/media\/3520"}],"wp:attachment":[{"href":"https:\/\/turkiyemhaber.com\/index.php?rest_route=%2Fwp%2Fv2%2Fmedia&parent=3519"}],"wp:term":[{"taxonomy":"category","embeddable":true,"href":"https:\/\/turkiyemhaber.com\/index.php?rest_route=%2Fwp%2Fv2%2Fcategories&post=3519"},{"taxonomy":"post_tag","embeddable":true,"href":"https:\/\/turkiyemhaber.com\/index.php?rest_route=%2Fwp%2Fv2%2Ftags&post=3519"}],"curies":[{"name":"wp","href":"https:\/\/api.w.org\/{rel}","templated":true}]}}