{"id":3516,"date":"2026-06-22T08:42:55","date_gmt":"2026-06-22T08:42:55","guid":{"rendered":"https:\/\/turkiyemhaber.com\/?p=3516"},"modified":"2026-06-22T08:42:59","modified_gmt":"2026-06-22T08:42:59","slug":"haciosmanoglundan-akin-gurleke-cagri-boyle-bir-rezillik","status":"publish","type":"post","link":"https:\/\/turkiyemhaber.com\/?p=3516","title":{"rendered":"Hac\u0131osmano\u011flu&#8217;ndan Ak\u0131n G\u00fcrlek&#8217;e \u00e7a\u011fr\u0131: B\u00f6yle bir rezillik&#8230;"},"content":{"rendered":"\n<p class=\"wp-block-paragraph\">ABD ma\u00e7\u0131 \u00f6ncesi konu\u015fan TFF Ba\u015fkan\u0131 \u0130brahim Hac\u0131osmano\u011flu, A Milli Tak\u0131m&#8217;a y\u00f6nelik ele\u015ftirilerin s\u0131n\u0131r\u0131 a\u015ft\u0131\u011f\u0131n\u0131 belirterek oyuncular ve teknik heyete destek verdi. Hac\u0131osmano\u011flu, hakaret i\u00e7erikli yorumlarla ilgili yasal d\u00fczenleme \u00e7a\u011fr\u0131s\u0131nda bulunarak Adalet Bakan\u0131 Ak\u0131n G\u00fcrlek&#8217;e seslendi.<\/p>\n\n\n\n<p class=\"wp-block-paragraph\">2026 FIFA&nbsp;<a href=\"https:\/\/www.sondakika.com\/dunya-kupasi\/\">D\u00fcnya Kupas\u0131<\/a>&nbsp;D Grubu&#8217;ndaki \u00fc\u00e7\u00fcnc\u00fc ma\u00e7\u0131nda ABD ile kar\u015f\u0131la\u015facak A Milli Futbol Tak\u0131m\u0131, Arizona Athletic Grounds&#8217;ta ger\u00e7ekle\u015ftirdi\u011fi antrenmanla haz\u0131rl\u0131klar\u0131na ba\u015flad\u0131. \u00c7al\u0131\u015fma \u00f6ncesinde&nbsp;<a href=\"https:\/\/www.sondakika.com\/turkiye-futbol-federasyonu\/\">T\u00fcrkiye Futbol Federasyonu<\/a>&nbsp;Ba\u015fkan\u0131 \u0130brahim Hac\u0131osmano\u011flu, bas\u0131n mensuplar\u0131n\u0131n sorular\u0131n\u0131 yan\u0131tlad\u0131.<\/p>\n\n\n\n<p class=\"wp-block-paragraph\">Destek verenlere te\u015fekk\u00fcr ederek s\u00f6zlerine ba\u015flayan Hac\u0131osmano\u011flu, &#8220;D\u00fcnyan\u0131n her taraf\u0131ndan binlerce vatanda\u015f\u0131m\u0131z milli tak\u0131mlar\u0131n\u0131 desteklemek i\u00e7in Amerika\u2019ya geldiler. Onlara ayr\u0131 ayr\u0131 te\u015fekk\u00fcr ediyorum. Yine ayn\u0131 \u015fekilde, sabah\u0131n erken saatlerinde kalk\u0131p binlerce insan\u0131n \u00fclkenin her ilinin, il\u00e7esinin meydanlar\u0131nda toplan\u0131p milli tak\u0131mlar\u0131na verdikleri co\u015fkulu destekten dolay\u0131 onlara da \u015f\u00fckranlar\u0131m\u0131 sunuyorum. G\u00f6n\u00fcl isterdi bu kadar \u00f6zveriyle tak\u0131mlar\u0131na sahip \u00e7\u0131kan 85 milyon insana burada ba\u015far\u0131y\u0131 yakalay\u0131p, onlar\u0131 da sevindirmek ama her \u015ferde hay\u0131r vard\u0131r, her hay\u0131rda da bir \u015fer vard\u0131r, Cenab-\u0131 Allah nasip etmedi. Buradan \u00f6ncelikle futbolculara te\u015fekk\u00fcr ediyorum. Buralara bizi ta\u015f\u0131yan onlar. Avrupa \u015eampiyonas\u0131\u2019nda \u00e7eyrek final oynayan onlar. Uluslararas\u0131 A Ligi\u2019ne \u00e7\u0131karan onlar. 24 senenin \u00fczerine D\u00fcnya Kupas\u0131\u2019na ta\u015f\u0131yan da onlar ve ba\u015flar\u0131ndaki Montella hocam\u0131z da teknik ekibiyle beraber. Onlara da te\u015fekk\u00fcr ediyorum&#8221; dedi.<\/p>\n\n\n\n<h3 class=\"wp-block-heading\">&#8220;KALB\u0130M\u0130Z ONUN EZ\u0130KL\u0130\u011e\u0130N\u0130 H\u0130SSED\u0130YOR&#8221;<\/h3>\n\n\n\n<p class=\"wp-block-paragraph\">Sonu\u00e7lar\u0131n kendilerini de \u00fczd\u00fc\u011f\u00fcn\u00fc ifade eden Hac\u0131osmano\u011flu, &#8220;Hakikaten kalbimiz s\u0131zl\u0131yor. Malzemecisinden tutun futbolcusuna, teknik kadrodan y\u00f6netimine, herkesin kalbi s\u0131zl\u0131yor. \u00c7\u00fcnk\u00fc D\u00fcnya Kupas\u0131\u2019na bu hedefler i\u00e7in gelmemi\u015ftik. Ama insanlar \u015funu bilsin ki, o sayg\u0131 duydu\u011fumuz 85 milyon aziz milletimiz, en az onlar kadar burada eme\u011fi ge\u00e7en i\u015fte malzemecisi, futbolcusu, teknik kadrosu, y\u00f6netimi, bizler de onlar kadar \u00fcz\u00fcld\u00fck ve hala kalbimiz onun ezikli\u011fini hissediyor. Unutmayal\u0131m ki bizleri buralara ta\u015f\u0131yan Bizim \u00c7ocuklar. Bunlar\u0131n \u00e7o\u011fu 20 ya\u015f civarlar\u0131nda ve bunlar \u00f6n\u00fcm\u00fczdeki y\u0131llarda oynanacak olan turnuvalarda belki de 3-4 turnuvay\u0131 bir arada oynayacak \u00e7ocuklar. Bunlar bizim \u00e7ocuklar\u0131m\u0131z, destek olmam\u0131z laz\u0131m&#8221; ifadelerini kulland\u0131.<\/p>\n\n\n\n<h3 class=\"wp-block-heading\">&#8220;NEYE H\u0130ZMET ETT\u0130KLER\u0130N\u0130 80 M\u0130LYONUN TAKD\u0130R\u0130NE SUNUYORUM&#8221;<\/h3>\n\n\n\n<p class=\"wp-block-paragraph\">Yap\u0131c\u0131 ele\u015ftirileri \u00f6nemsediklerini belirten TFF Ba\u015fkan\u0131, &#8220;Bizim onlara sayg\u0131m\u0131z var ve futbolcunun da, teknik kadronun da, profesyonel \u00e7al\u0131\u015fanlar\u0131n da herkesin sayg\u0131 duyma zorunlulu\u011fu var. \u00c7\u00fcnk\u00fc onun faydas\u0131 olur sana ama ahlak d\u0131\u015f\u0131na \u00e7\u0131k\u0131p da hakarete varan c\u00fcmleler kullan\u0131p, bu bizim \u00e7ocuklara \u2019ba\u015fka \u00e7ocuk ad\u0131 takmaya kadar gidecek kadar\u2019 ahlaks\u0131zla\u015fan bu insanlar\u0131n, neye hizmet ettiklerini 80 milyonun takdirine sunuyorum. Bizim milletimiz de zaten onlar\u0131 anl\u0131yordur. Biz \u00e7ocuklar\u0131m\u0131za sahip \u00e7\u0131kaca\u011f\u0131z. Nas\u0131l iki sene i\u00e7erisinde s\u0131ras\u0131yla ba\u015far\u0131lar\u0131 ya\u015fatt\u0131ysa, in\u015fallah bundan sonra da o ba\u015far\u0131lar\u0131 bu millete ya\u015fatacakt\u0131r&#8221; diye konu\u015ftu.<\/p>\n\n\n\n<h3 class=\"wp-block-heading\">&#8220;KALB\u0130M\u0130ZDEN NE GEL\u0130YORSA D\u0130L\u0130M\u0130ZDEN S\u00d6YLEMEYE DEVAM EDECE\u011e\u0130Z&#8221;<\/h3>\n\n\n\n<p class=\"wp-block-paragraph\">Ele\u015ftirilere ili\u015fkin de\u011ferlendirmelerde bulunan Hac\u0131osmano\u011flu, &#8220;\u015eimdi, anlamad\u0131\u011f\u0131m konu\u015fmalara gelince, kalbindekini diline yans\u0131tamayanlar ancak sinsice konu\u015fmalar\u0131n aras\u0131na c\u00fcmleleri sokarlar. E\u011fer s\u0131rt\u0131nda bagaj\u0131 olup, bagaj\u0131 ta\u015f\u0131yanlar, onun a\u011f\u0131rl\u0131\u011f\u0131n\u0131n alt\u0131nda ezilenler yine kalbinden s\u00f6ylemesi gerekeni cesaret edip dilinden s\u00f6ylemeyerek ancak eliyle cevap verirler. Biz, kalbimiz bu, dilimiz bu. Kalbimizden ne geliyorsa dilimizden s\u00f6ylemeye de devam edece\u011fiz&#8221; dedi.<\/p>\n\n\n\n<h3 class=\"wp-block-heading\">&#8220;B\u00d6YLE B\u0130R REZ\u0130LL\u0130K D\u00dcNYANIN HANG\u0130 \u00dcLKES\u0130NDE VAR&#8221;<\/h3>\n\n\n\n<p class=\"wp-block-paragraph\">Ele\u015ftiri s\u0131n\u0131rlar\u0131n\u0131n a\u015f\u0131ld\u0131\u011f\u0131n\u0131 belirten Hac\u0131osmano\u011flu, Adalet Bakan\u0131&nbsp;<a href=\"https:\/\/www.sondakika.com\/akin-gurlek\/\">Ak\u0131n G\u00fcrlek<\/a>&#8216;e seslenerek, &#8220;Say\u0131n Cumhurba\u015fkan\u0131m\u0131z\u0131n tensipleriyle Adalet Bakanl\u0131\u011f\u0131\u2019na g\u00f6revlendirildi ve kendisinin de bu \u00fclkeye \u00fcst\u00fcn hizmetleri olaca\u011f\u0131na inan\u0131yorum. Ama elbette ki yorum yapaca\u011f\u0131z, yazaca\u011f\u0131z, \u00e7izece\u011fiz ama ahlak s\u0131n\u0131rlar\u0131n\u0131 a\u015fmayaca\u011f\u0131z. Kendisinden \u00f6zellikle istirham\u0131m, d\u00fcnyadaki b\u00fct\u00fcn \u00f6rneklerine baks\u0131nlar, b\u00f6yle bir rezillik d\u00fcnyan\u0131n hangi \u00fclkesinde var? Bununla ilgili acilen kanuni bir d\u00fczenlemenin yap\u0131lmas\u0131 gerekti\u011fine inan\u0131yorum&#8221; ifadelerini kulland\u0131.<\/p>\n\n\n\n<h3 class=\"wp-block-heading\">&#8220;BU N\u0130FAKLARI TAKIMIN \u0130\u00c7\u0130NE SOKMAYA NE GEREK VAR&#8221;<\/h3>\n\n\n\n<p class=\"wp-block-paragraph\">Tak\u0131mla ilgili ortaya at\u0131lan iddialara tepki g\u00f6steren Hac\u0131osmano\u011flu, &#8220;\u015eimdi bakt\u0131\u011f\u0131n\u0131z zaman da istatistikleri s\u00f6yleyece\u011fiz, bu sefer de \u2019\u0130statistikleri niye s\u00f6yl\u00fcyorsunuz\u2019 diyorsunuz. Yani sonu\u00e7ta son iki ma\u00e7taki istatistiklere bakt\u0131\u011f\u0131n\u0131z zaman da 65 \u015fut atm\u0131\u015fs\u0131n\u0131z. K\u00f6t\u00fc m\u00fc oynad\u0131n\u0131z? Daha tedbirli olabilir miydi? O ayr\u0131 bir konu ama elbette ki ele\u015ftirilecek olan y\u00f6nleri var ama bu benim i\u015fim de\u011fil. Elbette ki o konuda ele\u015ftiri yapanlara bir sayg\u0131 duyuyoruz, elbette ki ele\u015ftirecekler. Onlar ne istiyorlar? Daha iyisini istiyorlar. Ben onlara hak vereceksiniz ama biz ahlak s\u0131n\u0131rlar\u0131n\u0131 zorlayanlara s\u00f6yl\u00fcyoruz&#8221; dedi.<\/p>\n\n\n\n<p class=\"wp-block-paragraph\">Tak\u0131m i\u00e7inde sorun oldu\u011fu y\u00f6n\u00fcndeki iddialara da de\u011finen Hac\u0131osmano\u011flu, &#8220;Bu tak\u0131m\u0131n i\u00e7inde sanki birbirleriyle kavga eden insanlar varm\u0131\u015f gibi s\u00f6yleyenlere konu\u015fuyoruz. Bizim \u00c7ocuklar\u0131 ba\u015fka bir \u00e7ocuk s\u0131fat\u0131 y\u00fcklemeye \u00e7al\u0131\u015fanlara s\u00f6yl\u00fcyoruz, o ahlaks\u0131zlara s\u00f6yl\u00fcyoruz. Tak\u0131m\u0131n kaptan\u0131n\u0131n, tak\u0131m\u0131 yapt\u0131\u011f\u0131n\u0131 s\u00f6yleyenlere s\u00f6yl\u00fcyoruz. Bu nifaklar\u0131 tak\u0131m\u0131n i\u00e7ine sokmaya ne gerek var, daha ilk ma\u00e7tan itibaren ba\u015flad\u0131n\u0131z. Ama bu \u00e7ocuklar onlar\u0131n hepsini utand\u0131racak Allah\u2019\u0131n izniyle&#8221; ifadelerini kulland\u0131.<\/p>\n\n\n\n<h3 class=\"wp-block-heading\">&#8220;\u00c7OCUKLARIN \u00dcZER\u0130NDE BASKI YOK&#8221;<\/h3>\n\n\n\n<p class=\"wp-block-paragraph\">Milli futbolcular \u00fczerinde bask\u0131 olmad\u0131\u011f\u0131n\u0131 s\u00f6yleyen Hac\u0131osmano\u011flu, &#8220;Sadece bu ahlaks\u0131z ele\u015ftirilerin onlara vermi\u015f oldu\u011fu bir rahats\u0131zl\u0131k vard\u0131. Onun d\u0131\u015f\u0131nda bir bask\u0131 yok \u00e7ocuklar\u0131n \u00fczerinde&#8221; diyerek a\u00e7\u0131klamalar\u0131n\u0131 tamamlad\u0131.<\/p>\n","protected":false},"excerpt":{"rendered":"<p>ABD ma\u00e7\u0131 \u00f6ncesi konu\u015fan TFF Ba\u015fkan\u0131 \u0130brahim Hac\u0131osmano\u011flu, A Milli Tak\u0131m&#8217;a y\u00f6nelik ele\u015ftirilerin s\u0131n\u0131r\u0131 a\u015ft\u0131\u011f\u0131n\u0131<\/p>\n","protected":false},"author":1,"featured_media":3517,"comment_status":"open","ping_status":"open","sticky":false,"template":"","format":"standard","meta":{"_rtcl_gb_attr":"","footnotes":""},"categories":[3],"tags":[],"class_list":["post-3516","post","type-post","status-publish","format-standard","has-post-thumbnail","hentry","category-spor"],"_links":{"self":[{"href":"https:\/\/turkiyemhaber.com\/index.php?rest_route=\/wp\/v2\/posts\/3516","targetHints":{"allow":["GET"]}}],"collection":[{"href":"https:\/\/turkiyemhaber.com\/index.php?rest_route=\/wp\/v2\/posts"}],"about":[{"href":"https:\/\/turkiyemhaber.com\/index.php?rest_route=\/wp\/v2\/types\/post"}],"author":[{"embeddable":true,"href":"https:\/\/turkiyemhaber.com\/index.php?rest_route=\/wp\/v2\/users\/1"}],"replies":[{"embeddable":true,"href":"https:\/\/turkiyemhaber.com\/index.php?rest_route=%2Fwp%2Fv2%2Fcomments&post=3516"}],"version-history":[{"count":1,"href":"https:\/\/turkiyemhaber.com\/index.php?rest_route=\/wp\/v2\/posts\/3516\/revisions"}],"predecessor-version":[{"id":3518,"href":"https:\/\/turkiyemhaber.com\/index.php?rest_route=\/wp\/v2\/posts\/3516\/revisions\/3518"}],"wp:featuredmedia":[{"embeddable":true,"href":"https:\/\/turkiyemhaber.com\/index.php?rest_route=\/wp\/v2\/media\/3517"}],"wp:attachment":[{"href":"https:\/\/turkiyemhaber.com\/index.php?rest_route=%2Fwp%2Fv2%2Fmedia&parent=3516"}],"wp:term":[{"taxonomy":"category","embeddable":true,"href":"https:\/\/turkiyemhaber.com\/index.php?rest_route=%2Fwp%2Fv2%2Fcategories&post=3516"},{"taxonomy":"post_tag","embeddable":true,"href":"https:\/\/turkiyemhaber.com\/index.php?rest_route=%2Fwp%2Fv2%2Ftags&post=3516"}],"curies":[{"name":"wp","href":"https:\/\/api.w.org\/{rel}","templated":true}]}}