{"id":3510,"date":"2026-06-22T08:01:37","date_gmt":"2026-06-22T08:01:37","guid":{"rendered":"https:\/\/turkiyemhaber.com\/?p=3510"},"modified":"2026-06-22T08:01:40","modified_gmt":"2026-06-22T08:01:40","slug":"mardinde-yasa-disi-bahis-operasyonu-49-kisi-gozaltinda","status":"publish","type":"post","link":"https:\/\/turkiyemhaber.com\/?p=3510","title":{"rendered":"Mardin&#8217;de yasa d\u0131\u015f\u0131 bahis operasyonu: 49 ki\u015fi g\u00f6zalt\u0131nda"},"content":{"rendered":"\n<p class=\"wp-block-paragraph\">Cumhurba\u015fkan\u0131 Recep Tayyip Erdo\u011fan&#8217;\u0131n &#8220;yasa d\u0131\u015f\u0131 bahsi bitirin&#8221; talimat\u0131n\u0131n ard\u0131ndan harekete ge\u00e7en g\u00fcvenlik g\u00fc\u00e7leri, Mardin merkezli 7 ilde dev bir operasyona imza att\u0131. Yasa d\u0131\u015f\u0131 bahis sitelerine arac\u0131l\u0131k eden ve sahte ilanlarla doland\u0131r\u0131c\u0131l\u0131k yapan \u015febeke \u00e7\u00f6kertilirken, toplamda 10.3 milyar TL&#8217;lik para hacmine ula\u015fan 49 \u015f\u00fcpheli g\u00f6zalt\u0131na al\u0131nd\u0131. Adalet Bakan\u0131 Ak\u0131n G\u00fcrlek, &#8220;Su\u00e7 \u015febekelerine nefes ald\u0131rm\u0131yoruz&#8221; mesaj\u0131 verdi.<\/p>\n\n\n\n<p class=\"wp-block-paragraph\">Yasa d\u0131\u015f\u0131 bahis ve nitelikli doland\u0131r\u0131c\u0131l\u0131kla m\u00fccadele kapsam\u0131nda T\u00fcrkiye genelinde ba\u015flat\u0131lan temizlik operasyonlar\u0131 h\u0131z kesmeden devam ediyor. Cumhurba\u015fkan\u0131 Erdo\u011fan&#8217;\u0131n yasa d\u0131\u015f\u0131 bahsin k\u00f6k\u00fcn\u00fcn kaz\u0131nmas\u0131na y\u00f6nelik verdi\u011fi kesin talimatlar\u0131n ard\u0131ndan,&nbsp;<a href=\"https:\/\/www.sondakika.com\/mardin\/\">Mardin<\/a>&nbsp;Cumhuriyet Ba\u015fsavc\u0131l\u0131\u011f\u0131 koordinesinde tarihi bir operasyon ger\u00e7ekle\u015ftirildi.<\/p>\n\n\n\n<h3 class=\"wp-block-heading\">7 \u0130LDE E\u015e ZAMANLI BASKIN: 49 G\u00d6ZALTI<\/h3>\n\n\n\n<p class=\"wp-block-paragraph\">Mardin \u0130l Emniyet M\u00fcd\u00fcrl\u00fc\u011f\u00fc Siber Su\u00e7larla M\u00fccadele \u015eube M\u00fcd\u00fcrl\u00fc\u011f\u00fc ekiplerinin uzun s\u00fcren teknik ve fiziki takipleri sonucunda d\u00fc\u011fmeye bas\u0131ld\u0131. Yasa d\u0131\u015f\u0131 bahis siteleri \u00fczerinden para nakline arac\u0131l\u0131k etti\u011fi ve internetteki sahte ilanlarla vatanda\u015flar\u0131 ma\u011fdur etti\u011fi tespit edilen \u015febekeye y\u00f6nelik bu sabah saatlerinde 7 ilde e\u015f zamanl\u0131 operasyon d\u00fczenlendi. Bask\u0131nlarda \u015febeke \u00fcyesi oldu\u011fu de\u011ferlendirilen 49 \u015f\u00fcpheli k\u0131sk\u0131vrak yakalanarak g\u00f6zalt\u0131na al\u0131nd\u0131.<\/p>\n\n\n\n<h3 class=\"wp-block-heading\">10 M\u0130LYAR L\u0130RALIK DEVASA PARA HACM\u0130<\/h3>\n\n\n\n<p class=\"wp-block-paragraph\">MASAK&#8217;\u0131n da destek verdi\u011fi kapsaml\u0131 soru\u015fturmada, \u015febekenin ula\u015ft\u0131\u011f\u0131 finansal b\u00fcy\u00fckl\u00fck dudak u\u00e7uklatt\u0131. Siber polislerin ve mali uzmanlar\u0131n yapt\u0131\u011f\u0131 incelemeler sonucunda ortaya \u00e7\u0131kan rakamlar \u015f\u00f6yle:<\/p>\n\n\n\n<ul class=\"wp-block-list\">\n<li>Ger\u00e7ekle\u015ftirilen toplam i\u015flem say\u0131s\u0131: 1 milyon 442 bin 176<\/li>\n\n\n\n<li>Ula\u015f\u0131lan toplam para hacmi: 10 milyar 394 milyon 834 bin 144 TL<\/li>\n<\/ul>\n\n\n\n<figure class=\"wp-block-image\"><img decoding=\"async\" src=\"https:\/\/foto.sondakika.com\/haber\/2026\/06\/22\/mardinde-yasa-disi-bahis-opera-19974791-5329_1_m.jpg\" alt=\"Mardin'de yasa d\u0131\u015f\u0131 bahis operasyonu: 49 ki\u015fi g\u00f6zalt\u0131nda\"\/><\/figure>\n\n\n\n<h3 class=\"wp-block-heading\">AKILALMAZ Y\u00d6NTEMLER: TOK\u0130 VE BUNGALOV YALANI<\/h3>\n\n\n\n<p class=\"wp-block-paragraph\">Y\u00fcr\u00fct\u00fclen \u00e7ok y\u00f6nl\u00fc soru\u015fturmada, \u015febekenin sadece yasa d\u0131\u015f\u0131 bahisle s\u0131n\u0131rl\u0131 kalmad\u0131\u011f\u0131 ortaya \u00e7\u0131kt\u0131. \u015e\u00fcphelilerin yurt d\u0131\u015f\u0131 kaynakl\u0131 yasa d\u0131\u015f\u0131 bahis siteleri \u00fczerinden bahis oynanmas\u0131na imk\u00e2n sa\u011flay\u0131p para nakline arac\u0131l\u0131k ettikleri tespit edildi.<\/p>\n\n\n\n<p class=\"wp-block-paragraph\">Bununla yetinmeyen su\u00e7 \u015febekesinin, internet \u00fczerinden verdikleri sahte TOK\u0130 ba\u015fvuru ilanlar\u0131 ve bungalov ev kiralama yalanlar\u0131yla \u00e7ok say\u0131da vatanda\u015f\u0131 tuza\u011fa d\u00fc\u015f\u00fcrerek nitelikli doland\u0131r\u0131c\u0131l\u0131k yapt\u0131\u011f\u0131 belirlendi.<\/p>\n\n\n\n<h3 class=\"wp-block-heading\">CEZAEV\u0130 VE KI\u015eLADAN \u00c7IKTILAR<\/h3>\n\n\n\n<p class=\"wp-block-paragraph\">Bu kapsamda; Mardin\u2019de 37, \u0130stanbul\u2019da 1, Sivas\u2019ta 1, Antalya\u2019da 2, \u00c7anakkale\u2019de 1, \u0130zmir\u2019de 1, Mersin\u2019de 1, h\u00e2len ceza infaz kurumunda bulunan 3 ve askerlik hizmetinde bulunan 2 \u015f\u00fcpheli olmak \u00fczere toplam 49 \u015f\u00fcpheliye y\u00f6nelik olarak 22.06.2026 tarihinde saat 05.30\u2019da \u00d6zel Harek\u00e2t destekli e\u015f zamanl\u0131 operasyon ger\u00e7ekle\u015ftirdi.<\/p>\n\n\n\n<h3 class=\"wp-block-heading\">\u00dc\u00c7 AYRI A\u011eIR SU\u00c7TAN \u0130\u015eLEM<\/h3>\n\n\n\n<p class=\"wp-block-paragraph\">Yakalanan \u015f\u00fcpheliler hakk\u0131nda \u00e7ok y\u00f6nl\u00fc olarak s\u00fcrd\u00fcr\u00fclen adli i\u015flemler \u015fu su\u00e7lamalar\u0131 kaps\u0131yor:<\/p>\n\n\n\n<ul class=\"wp-block-list\">\n<li>7258 say\u0131l\u0131 Futbol ve Di\u011fer\u00a0<a href=\"https:\/\/www.sondakika.com\/Spor\/\">Spor<\/a>\u00a0M\u00fcsabakalar\u0131nda Bahis ve \u015eans Oyunlar\u0131 D\u00fczenlenmesi Hakk\u0131nda Kanun\u2019a muhalefet,<\/li>\n\n\n\n<li>TCK 158\/1-f maddesi kapsam\u0131nda &#8216;Nitelikli\u00a0<a href=\"https:\/\/www.sondakika.com\/dolandiricilik\/\">Doland\u0131r\u0131c\u0131l\u0131k<\/a>&#8216;,<\/li>\n\n\n\n<li>TCK 282. maddesi kapsam\u0131nda &#8216;Su\u00e7tan Kaynaklanan Malvarl\u0131\u011f\u0131 De\u011ferlerini Aklama&#8217;.<\/li>\n<\/ul>\n\n\n\n<h3 class=\"wp-block-heading\">ADALET BAKANI G\u00dcRLEK&#8217;TEN &#8216;KARARLILIK&#8217; MESAJI<\/h3>\n\n\n\n<p class=\"wp-block-paragraph\">Dev operasyonun ard\u0131ndan resmi sosyal medya hesab\u0131 \u00fczerinden bir a\u00e7\u0131klama yapan Adalet Bakan\u0131&nbsp;<a href=\"https:\/\/www.sondakika.com\/akin-gurlek\/\">Ak\u0131n G\u00fcrlek<\/a>, su\u00e7 ve su\u00e7lularla m\u00fccadelede kurumlar aras\u0131 koordinasyonun ve kararl\u0131l\u0131\u011f\u0131n alt\u0131n\u0131 \u00e7izdi. G\u00fcrlek, a\u00e7\u0131klamas\u0131nda \u015fu ifadelere yer verdi:<\/p>\n\n\n\n<p class=\"wp-block-paragraph\">&#8220;Cumhurba\u015fkan\u0131m\u0131z Say\u0131n Recep Tayyip Erdo\u011fan\u2019\u0131n liderli\u011finde; yasa d\u0131\u015f\u0131 bahis, nitelikli doland\u0131r\u0131c\u0131l\u0131k ve su\u00e7tan elde edilen gelirlerin aklanmas\u0131na kar\u015f\u0131 m\u00fccadelemizi kararl\u0131l\u0131kla s\u00fcrd\u00fcr\u00fcyor, vatanda\u015f\u0131m\u0131z\u0131n al\u0131n terine, eme\u011fine ve hayallerine g\u00f6z diken hi\u00e7bir su\u00e7 \u015febekesine nefes ald\u0131rm\u0131yoruz!&#8221;<\/p>\n\n\n\n<h3 class=\"wp-block-heading\">&#8220;M\u00dcCADELEM\u0130Z KES\u0130NT\u0130S\u0130Z DEVAM EDECEK&#8221;<\/h3>\n\n\n\n<p class=\"wp-block-paragraph\">Operasyonda eme\u011fi ge\u00e7en Mardin Cumhuriyet Ba\u015fsavc\u0131l\u0131\u011f\u0131&#8217;na, Mardin \u0130l Emniyet M\u00fcd\u00fcrl\u00fc\u011f\u00fc&#8217;ne, MASAK yetkililerine ve kolluk kuvvetlerine te\u015fekk\u00fcr eden Bakan G\u00fcrlek, s\u00fcrecin \u0130\u00e7i\u015fleri Bakanl\u0131\u011f\u0131 ve Hazine ve Maliye Bakanl\u0131\u011f\u0131 ile tam bir e\u015fg\u00fcd\u00fcm i\u00e7erisinde y\u00fcr\u00fct\u00fcld\u00fc\u011f\u00fcn\u00fc belirtti. Bakan G\u00fcrlek, &#8220;Milletimizin eme\u011fini ve al\u0131n terini hedef alan doland\u0131r\u0131c\u0131l\u0131k \u015febekelerine asla ge\u00e7it vermeyece\u011fiz. Su\u00e7 gelirlerinin takibi ve faillerin adalet \u00f6n\u00fcne \u00e7\u0131kar\u0131lmas\u0131 i\u00e7in m\u00fccadelemiz kesintisiz \u015fekilde devam edecektir.&#8221; s\u00f6zleriyle operasyonlar\u0131n s\u00fcrece\u011finin sinyalini verdi. G\u00f6zalt\u0131na al\u0131nan 49 \u015f\u00fcphelinin emniyetteki i\u015flemleri s\u00fcr\u00fcyor.<\/p>\n\n\n\n<h3 class=\"wp-block-heading\">ERDO\u011eAN TAL\u0130MAT VERM\u0130\u015eT\u0130<\/h3>\n\n\n\n<p class=\"wp-block-paragraph\">Cumhurba\u015fkan\u0131 Recep Tayyip Erdo\u011fan, ge\u00e7ti\u011fimiz aylarda yap\u0131lan AK Parti MYK toplant\u0131s\u0131nda, sanal kumar ve yasad\u0131\u015f\u0131 bahisle, \u201cBu konu beni \u00e7ok \u00fczd\u00fc, \u00fcz\u00fcyor. Bu i\u015fin k\u00f6k\u00fcn\u00fc kurutaca\u011f\u0131z, aile yap\u0131m\u0131za, toplumsal yap\u0131ya ba\u015fl\u0131 ba\u015f\u0131na tehdit i\u00e7eren, zarar veren hi\u00e7bir ad\u0131ma m\u00fcsaade etmeyece\u011fiz. Bu, siyaset \u00fcst\u00fc bir mesele; bir milli g\u00fcvenlik meselesi. Ne gerekiyorsa yap\u0131lmas\u0131 laz\u0131m. Bu konuda herkes elinden geleni, \u00fczerine d\u00fc\u015feni yapacak. Partimizin ve kabinemizin her bir \u00fcyesi, her birim, her genel ba\u015fkan yard\u0131mc\u0131m bu konuda bir \u015fey yapacak\u201d talimat\u0131n\u0131 verdi.<\/p>\n","protected":false},"excerpt":{"rendered":"<p>Cumhurba\u015fkan\u0131 Recep Tayyip Erdo\u011fan&#8217;\u0131n &#8220;yasa d\u0131\u015f\u0131 bahsi bitirin&#8221; talimat\u0131n\u0131n ard\u0131ndan harekete ge\u00e7en g\u00fcvenlik g\u00fc\u00e7leri, Mardin<\/p>\n","protected":false},"author":1,"featured_media":3511,"comment_status":"open","ping_status":"open","sticky":false,"template":"","format":"standard","meta":{"_rtcl_gb_attr":"","footnotes":""},"categories":[43],"tags":[],"class_list":["post-3510","post","type-post","status-publish","format-standard","has-post-thumbnail","hentry","category-son-dakika"],"_links":{"self":[{"href":"https:\/\/turkiyemhaber.com\/index.php?rest_route=\/wp\/v2\/posts\/3510","targetHints":{"allow":["GET"]}}],"collection":[{"href":"https:\/\/turkiyemhaber.com\/index.php?rest_route=\/wp\/v2\/posts"}],"about":[{"href":"https:\/\/turkiyemhaber.com\/index.php?rest_route=\/wp\/v2\/types\/post"}],"author":[{"embeddable":true,"href":"https:\/\/turkiyemhaber.com\/index.php?rest_route=\/wp\/v2\/users\/1"}],"replies":[{"embeddable":true,"href":"https:\/\/turkiyemhaber.com\/index.php?rest_route=%2Fwp%2Fv2%2Fcomments&post=3510"}],"version-history":[{"count":1,"href":"https:\/\/turkiyemhaber.com\/index.php?rest_route=\/wp\/v2\/posts\/3510\/revisions"}],"predecessor-version":[{"id":3512,"href":"https:\/\/turkiyemhaber.com\/index.php?rest_route=\/wp\/v2\/posts\/3510\/revisions\/3512"}],"wp:featuredmedia":[{"embeddable":true,"href":"https:\/\/turkiyemhaber.com\/index.php?rest_route=\/wp\/v2\/media\/3511"}],"wp:attachment":[{"href":"https:\/\/turkiyemhaber.com\/index.php?rest_route=%2Fwp%2Fv2%2Fmedia&parent=3510"}],"wp:term":[{"taxonomy":"category","embeddable":true,"href":"https:\/\/turkiyemhaber.com\/index.php?rest_route=%2Fwp%2Fv2%2Fcategories&post=3510"},{"taxonomy":"post_tag","embeddable":true,"href":"https:\/\/turkiyemhaber.com\/index.php?rest_route=%2Fwp%2Fv2%2Ftags&post=3510"}],"curies":[{"name":"wp","href":"https:\/\/api.w.org\/{rel}","templated":true}]}}