{"id":3501,"date":"2026-06-21T18:55:58","date_gmt":"2026-06-21T18:55:58","guid":{"rendered":"https:\/\/turkiyemhaber.com\/?p=3501"},"modified":"2026-06-21T18:56:02","modified_gmt":"2026-06-21T18:56:02","slug":"yardim-icin-gitti-kemerle-bogulmaktan-son-anda-kurtuldu","status":"publish","type":"post","link":"https:\/\/turkiyemhaber.com\/?p=3501","title":{"rendered":"Yard\u0131m i\u00e7in gitti, kemerle bo\u011fulmaktan son anda kurtuldu"},"content":{"rendered":"\n<p class=\"wp-block-paragraph\">\u0130zmir\u2019in&nbsp;<a href=\"https:\/\/www.sondakika.com\/selcuk\/\">Sel\u00e7uk<\/a>&nbsp;il\u00e7esinde hasta bir sokak k\u00f6pe\u011fi oldu\u011fu ihbar\u0131 \u00fczerine Yeni \u015eirince Yoluna giden sokak hayvanlar\u0131na y\u00f6nelik \u00e7al\u0131\u015fmalar\u0131yla tan\u0131nan eczac\u0131 Beray Y\u00fcrek, burada H.Z.&#8217;nin fiziki sald\u0131r\u0131s\u0131na u\u011frad\u0131.<\/p>\n\n\n\n<h3 class=\"wp-block-heading\">KEMERLE BO\u011eMAYA \u00c7ALI\u015eTI<\/h3>\n\n\n\n<p class=\"wp-block-paragraph\">\u015e\u00fcphelinin, Y\u00fcrek&#8217;i feci \u015fekilde darbederek kemerle bo\u011fmaya \u00e7al\u0131\u015ft\u0131\u011f\u0131 \u00f6ne s\u00fcr\u00fcld\u00fc. Y\u00fcz\u00fcnde ve boyun b\u00f6lgesinde ciddi darp izleri olu\u015fan Y\u00fcrek, sald\u0131rgandan kurtulmay\u0131 ba\u015fard\u0131.<\/p>\n\n\n\n<figure class=\"wp-block-image\"><img decoding=\"async\" src=\"https:\/\/foto.sondakika.com\/haber\/2026\/06\/21\/hayvanlara-yardim-bahanesiyle-19974116-5762_1_m.jpg\" alt=\"Yard\u0131m i\u00e7in gitti, kemerle bo\u011fulmaktan son anda kurtuldu\"\/><\/figure>\n\n\n\n<h3 class=\"wp-block-heading\">TUTUKLANDI<\/h3>\n\n\n\n<p class=\"wp-block-paragraph\">19 Haziran g\u00fcn\u00fc meydana gelen olay\u0131n ard\u0131ndan \u015fikayet \u00fczerine harekete ge\u00e7en Sel\u00e7uk \u0130l\u00e7e Jandarma Komutanl\u0131\u011f\u0131 ekipleri, \u015f\u00fcpheli H.Z.&#8217;yi k\u0131sa s\u00fcrede yakalayarak g\u00f6zalt\u0131na ald\u0131. Jandarmadaki ifade i\u015flemlerinin ard\u0131ndan Sel\u00e7uk Adliyesi\u2019ne sevk edilen zanl\u0131, \u00e7\u0131kar\u0131ld\u0131\u011f\u0131 hakimlik\u00e7e tutuklanarak Alia\u011fa \u015eakran Ceza \u0130nfaz Kurumu\u2019na g\u00f6nderildi.<\/p>\n\n\n\n<h3 class=\"wp-block-heading\">\u201cHASTA B\u0130R K\u00d6PE\u011e\u0130 G\u00d6STERME BAHANES\u0130YLE B\u00d6LGEYE \u00c7A\u011eIRDI\u201d<\/h3>\n\n\n\n<p class=\"wp-block-paragraph\">Beray Y\u00fcrek, kendisini hayvansever olarak tan\u0131tan \u015f\u00fcphelinin daha \u00f6nce de kendisiyle ileti\u015fime ge\u00e7ti\u011fini ve hasta bir k\u00f6pe\u011fi g\u00f6stermek bahanesiyle b\u00f6lgeye \u00e7a\u011f\u0131rd\u0131\u011f\u0131n\u0131 belirtti. Olay s\u0131ras\u0131nda sald\u0131rganla uzun s\u00fcre m\u00fccadele etti\u011fini ve telefonunun zarar g\u00f6rd\u00fc\u011f\u00fcn\u00fc ifade eden Y\u00fcrek, ya\u015fad\u0131\u011f\u0131 korku dolu anlar\u0131 &#8220;Hayatta kalmam \u015fans eseri&#8221; s\u00f6zleriyle dile getirdi.<\/p>\n\n\n\n<figure class=\"wp-block-image\"><img decoding=\"async\" src=\"https:\/\/foto.sondakika.com\/haber\/2026\/06\/21\/hayvanlara-yardim-bahanesiyle-19974116-8600_1_m.jpg\" alt=\"Yard\u0131m i\u00e7in gitti, kemerle bo\u011fulmaktan son anda kurtuldu\"\/><\/figure>\n\n\n\n<h3 class=\"wp-block-heading\">BELED\u0130YEDEK\u0130 \u0130\u015e\u0130NE SON VER\u0130LD\u0130<\/h3>\n\n\n\n<p class=\"wp-block-paragraph\">\u0130l\u00e7ede infiale neden olan olay\u0131n ard\u0131ndan, \u015f\u00fcpheli H.Z.&#8217;nin&nbsp;<a href=\"https:\/\/www.sondakika.com\/selcuk-belediyesi\/\">Sel\u00e7uk Belediyesi<\/a>&nbsp;personeli oldu\u011fu ortaya \u00e7\u0131kt\u0131. Konuyla ilgili a\u00e7\u0131klama yapan Sel\u00e7uk Belediye Ba\u015fkan\u0131&nbsp;<a href=\"https:\/\/www.sondakika.com\/filiz-ceritoglu-sengel\/\">Filiz Cerito\u011flu Sengel<\/a>, kad\u0131na y\u00f6nelik \u015fiddetin kim taraf\u0131ndan ve hangi gerek\u00e7eyle ger\u00e7ekle\u015ftirilirse ger\u00e7ekle\u015ftirilsin kabul edilemez oldu\u011funu vurgulayarak sald\u0131r\u0131y\u0131 k\u0131nad\u0131. Ba\u015fkan Sengel, gerekli incelemelerin h\u0131zla yap\u0131ld\u0131\u011f\u0131n\u0131 ve \u015f\u00fcpheli H.Z.\u2019nin belediye ile ili\u015fi\u011finin kesildi\u011fini kamuoyuna duyurdu.&nbsp;<\/p>\n","protected":false},"excerpt":{"rendered":"<p>\u0130zmir\u2019in&nbsp;Sel\u00e7uk&nbsp;il\u00e7esinde hasta bir sokak k\u00f6pe\u011fi oldu\u011fu ihbar\u0131 \u00fczerine Yeni \u015eirince Yoluna giden sokak hayvanlar\u0131na y\u00f6nelik<\/p>\n","protected":false},"author":1,"featured_media":3502,"comment_status":"open","ping_status":"open","sticky":false,"template":"","format":"standard","meta":{"_rtcl_gb_attr":"","footnotes":""},"categories":[1],"tags":[],"class_list":["post-3501","post","type-post","status-publish","format-standard","has-post-thumbnail","hentry","category-http-turkiyemhaber-com-wp-content-uploads-2026-03-saray-59-haber-13-mart-pdf"],"_links":{"self":[{"href":"https:\/\/turkiyemhaber.com\/index.php?rest_route=\/wp\/v2\/posts\/3501","targetHints":{"allow":["GET"]}}],"collection":[{"href":"https:\/\/turkiyemhaber.com\/index.php?rest_route=\/wp\/v2\/posts"}],"about":[{"href":"https:\/\/turkiyemhaber.com\/index.php?rest_route=\/wp\/v2\/types\/post"}],"author":[{"embeddable":true,"href":"https:\/\/turkiyemhaber.com\/index.php?rest_route=\/wp\/v2\/users\/1"}],"replies":[{"embeddable":true,"href":"https:\/\/turkiyemhaber.com\/index.php?rest_route=%2Fwp%2Fv2%2Fcomments&post=3501"}],"version-history":[{"count":1,"href":"https:\/\/turkiyemhaber.com\/index.php?rest_route=\/wp\/v2\/posts\/3501\/revisions"}],"predecessor-version":[{"id":3503,"href":"https:\/\/turkiyemhaber.com\/index.php?rest_route=\/wp\/v2\/posts\/3501\/revisions\/3503"}],"wp:featuredmedia":[{"embeddable":true,"href":"https:\/\/turkiyemhaber.com\/index.php?rest_route=\/wp\/v2\/media\/3502"}],"wp:attachment":[{"href":"https:\/\/turkiyemhaber.com\/index.php?rest_route=%2Fwp%2Fv2%2Fmedia&parent=3501"}],"wp:term":[{"taxonomy":"category","embeddable":true,"href":"https:\/\/turkiyemhaber.com\/index.php?rest_route=%2Fwp%2Fv2%2Fcategories&post=3501"},{"taxonomy":"post_tag","embeddable":true,"href":"https:\/\/turkiyemhaber.com\/index.php?rest_route=%2Fwp%2Fv2%2Ftags&post=3501"}],"curies":[{"name":"wp","href":"https:\/\/api.w.org\/{rel}","templated":true}]}}