{"id":3495,"date":"2026-06-21T18:41:01","date_gmt":"2026-06-21T18:41:01","guid":{"rendered":"https:\/\/turkiyemhaber.com\/?p=3495"},"modified":"2026-06-21T18:41:04","modified_gmt":"2026-06-21T18:41:04","slug":"iran-heyeti-trumpin-tehditleri-nedeniyle-abd-ile-gorusmelerin-yapildigi-alandan-ayrildi","status":"publish","type":"post","link":"https:\/\/turkiyemhaber.com\/?p=3495","title":{"rendered":"\u0130ran heyeti, Trump&#8217;\u0131n tehditleri nedeniyle ABD ile g\u00f6r\u00fc\u015fmelerin yap\u0131ld\u0131\u011f\u0131 alandan ayr\u0131ld\u0131"},"content":{"rendered":"\n<p class=\"wp-block-paragraph\">Yakla\u015f\u0131k d\u00f6rt ayd\u0131r s\u00fcren sava\u015f\u0131 sonland\u0131rmak amac\u0131yla Pakistan ve Katar arabuluculu\u011funda \u0130svi\u00e7re&#8217;de bir araya gelen ABD ve \u0130ran heyetlerinin kritik bar\u0131\u015f g\u00f6r\u00fc\u015fmesi, ABD Ba\u015fkan\u0131 Donald Trump\u2019\u0131n H\u00fcrm\u00fcz Bo\u011faz\u0131 \u00fczerinden savurdu\u011fu tehditler nedeniyle \u00e7\u0131kmaza girdi. \u0130ran heyeti, Trump&#8217;\u0131n tehditleri nedeniyle ABD ile g\u00f6r\u00fc\u015fmelerin yap\u0131ld\u0131\u011f\u0131 alandan ayr\u0131ld\u0131.<\/p>\n\n\n\n<p class=\"wp-block-paragraph\">ABD ile&nbsp;<a href=\"https:\/\/www.sondakika.com\/iran\/\">\u0130ran<\/a>&nbsp;aras\u0131nda 4 aydur s\u00fcren sava\u015f\u0131 nihai bir bar\u0131\u015fla sonland\u0131rmak amac\u0131yla&nbsp;<a href=\"https:\/\/www.sondakika.com\/isvicre\/\">\u0130svi\u00e7re<\/a>&#8216;de ba\u015flayan tarihi Lucerne G\u00f6l\u00fc Zirvesi,&nbsp;<a href=\"https:\/\/www.sondakika.com\/abd-baskani\/\">ABD Ba\u015fkan\u0131<\/a>&nbsp;<a href=\"https:\/\/www.sondakika.com\/donald-trump\/\">Donald Trump<\/a>&#8216;\u0131n&nbsp;<a href=\"https:\/\/www.sondakika.com\/hurmuz-bogazi\/\">H\u00fcrm\u00fcz Bo\u011faz\u0131<\/a>&nbsp;ve Hizbullah \u00fczerinden savurdu\u011fu sert tehditlerin ard\u0131ndan \u0130ran heyetinin masay\u0131 protesto ederek terk etmesiyle b\u00fcy\u00fck bir krize d\u00f6n\u00fc\u015ft\u00fc.<\/p>\n\n\n\n<h3 class=\"wp-block-heading\">HEYETLER MASAYA OTURDU<\/h3>\n\n\n\n<p class=\"wp-block-paragraph\">ABD ve \u0130ran,&nbsp;<a href=\"https:\/\/www.sondakika.com\/pakistan\/\">Pakistan<\/a>&nbsp;ile&nbsp;<a href=\"https:\/\/www.sondakika.com\/katar\/\">Katar<\/a>&#8216;\u0131n arabuluculu\u011funda var\u0131lan 60 g\u00fcnl\u00fck ge\u00e7ici ate\u015fkesi kal\u0131c\u0131 bir bar\u0131\u015f anla\u015fmas\u0131na d\u00f6n\u00fc\u015ft\u00fcrmek \u00fczere \u0130svi\u00e7re\u2019nin Buergenstock kentinde bir araya geldi. ABD Ba\u015fkan Yard\u0131mc\u0131s\u0131 JD Vance ve \u0130ran Meclis Ba\u015fkan\u0131 ve Ba\u015fm\u00fczakereci Muhammed Bak\u0131r Galibaf liderli\u011findeki \u00fcst d\u00fczey delegasyonlar, pazar sabah\u0131 L\u00fcbnan&#8217;daki ate\u015fkesin gelece\u011fini ve \u0130ran&#8217;\u0131n dondurulmu\u015f varl\u0131klar\u0131n\u0131 ele almak \u00fczere masaya oturdu.<\/p>\n\n\n\n<p class=\"wp-block-paragraph\">Ancak m\u00fczakereler, \u0130ran Devrim Muhaf\u0131zlar\u0131 Ordusu&#8217;nun d\u00fcn \u0130srail&#8217;in L\u00fcbnan&#8217;daki sald\u0131r\u0131lar\u0131na tepki olarak k\u00fcresel petrol ticaretinin kalbi olan H\u00fcrm\u00fcz Bo\u011faz\u0131&#8217;n\u0131 kapatt\u0131\u011f\u0131n\u0131 ilan etmesiyle daha ilk dakikadan gergin bir atmosferde ba\u015flad\u0131.<\/p>\n\n\n\n<h3 class=\"wp-block-heading\">M\u00dcZAKERELER S\u00dcRERKEN TRUMP&#8217;TAN H\u00dcRM\u00dcZ TEHD\u0130D\u0130: EL\u0130N\u0130ZDE GER\u0130 D\u00d6NECEK B\u0130R \u00dcLKE KALMAZ<\/h3>\n\n\n\n<p class=\"wp-block-paragraph\">Zirvenin seyrini de\u011fi\u015ftiren hamle ise ABD Ba\u015fkan\u0131 Donald Trump&#8217;tan geldi. Fox News kanal\u0131na telefonla a\u00e7\u0131klamalarda bulunan Trump, \u0130ranl\u0131 yetkililere do\u011frudan seslenerek, &#8220;H\u00fcrm\u00fcz Bo\u011faz\u0131&#8217;n\u0131 kapat\u0131rsan\u0131z ondan sonra elinizde bir \u00fclke kalmaz. \u00dclkenize bile geri d\u00f6nemezsiniz&#8221; tehdidinde bulundu.&nbsp;Trump ayr\u0131ca sosyal medya hesab\u0131ndan yapt\u0131\u011f\u0131 payla\u015f\u0131mda, \u0130ran\u2019\u0131n L\u00fcbnan\u2019daki vekil g\u00fc\u00e7lerinin (Hizbullah) sorun \u00e7\u0131karmas\u0131n\u0131 derhal engellemesi gerekti\u011fini, aksi takdirde ge\u00e7en haftakinden \u00e7ok daha sert bir askeri darbe indireceklerini savundu.&nbsp;<\/p>\n\n\n\n<h3 class=\"wp-block-heading\">PEZE\u015eK\u0130YAN \u0130LE KAR\u015eILIKLI RESTLE\u015eME<\/h3>\n\n\n\n<p class=\"wp-block-paragraph\">\u0130ran Cumhurba\u015fkan\u0131 Mesud Peze\u015fkiyan\u2019\u0131n &#8220;N\u00fckleer zenginle\u015ftirme hakk\u0131m\u0131zdan asla vazge\u00e7meyece\u011fiz&#8221; y\u00f6n\u00fcndeki a\u00e7\u0131klamalar\u0131na da de\u011finen Trump, tehditlerinin dozunu art\u0131rd\u0131. Peze\u015fkiyan&#8217;a yan\u0131t veren ABD Ba\u015fkan\u0131, &#8220;A\u011fz\u0131na iyi baks\u0131n. S\u00f6zlerine dikkat etsin, Tozunu almas\u0131 laz\u0131m, yoksa \u00fclkenin geri kalan\u0131n\u0131 da ele ge\u00e7iririz&#8221; dedi.<\/p>\n\n\n\n<h3 class=\"wp-block-heading\">\u0130RAN MASAYI TERK ETT\u0130&nbsp;<\/h3>\n\n\n\n<p class=\"wp-block-paragraph\">Trump&#8217;\u0131n bu sert \u00e7\u0131k\u0131\u015f\u0131na \u0130ran Meclis ve M\u00fczakere Heyeti Ba\u015fkan\u0131 Muhammed Bak\u0131r Kalibaf&#8217;tan yan\u0131t geldi. \u00dclkesinin tehditlere kar\u015f\u0131 boyun e\u011fmeyece\u011fine vurgu yapan Kalibaf, \u201cTehditleri bir sonuca ula\u015fsayd\u0131 bug\u00fcnk\u00fc \u00e7aresizli\u011fe d\u00fc\u015fmeyeceklerini hi\u00e7 d\u00fc\u015f\u00fcnm\u00fcyorlar m\u0131? ABD\u2019lilerin tehditlerini ciddiye alm\u0131yoruz.\u201d ifadelerini kulland\u0131.&nbsp;Kalibaf, ABD\u2019li yetkililerin a\u00e7\u0131klamalar\u0131na dikkat etmeleri gerekti\u011fini, \u0130ran Silahl\u0131 Kuvvetleri\u2019nin tehditlere farkl\u0131 \u015fekilde kar\u015f\u0131l\u0131k vermeye haz\u0131r olduklar\u0131n\u0131 belirtti.<\/p>\n\n\n\n<p class=\"wp-block-paragraph\">Ard\u0131ndan \u0130ran heyeti, Trump&#8217;\u0131n tehditkar beyanatlar\u0131n\u0131 protesto etmek amac\u0131yla g\u00f6r\u00fc\u015fmelerin y\u00fcr\u00fct\u00fcld\u00fc\u011f\u00fc binay\u0131 terk etti.<\/p>\n\n\n\n<h3 class=\"wp-block-heading\">JD VANCE \u0130LERLEME KAYDED\u0130LD\u0130\u011e\u0130N\u0130 SAVUNDU<\/h3>\n\n\n\n<p class=\"wp-block-paragraph\">Yaralanan diplomasi masas\u0131na ra\u011fmen ABD Ba\u015fkan Yard\u0131mc\u0131s\u0131 JD Vance iyimserli\u011fini korudu. Bas\u0131na a\u00e7\u0131klama yapan Vance, ba\u015fkan\u0131n talimat\u0131yla \u0130ran halk\u0131yla ili\u015fkilerde &#8220;yeni bir sayfa a\u00e7mak&#8221; istediklerini belirterek, &#8220;Son birka\u00e7 saat i\u00e7inde b\u00fcy\u00fck ilerleme kaydettik. B\u00f6lgesel \u00e7apta tam bir ate\u015fkes sa\u011flanmas\u0131 konusunda kararl\u0131y\u0131z&#8221; dedi. Vance ayr\u0131ca, H\u00fcrm\u00fcz Bo\u011faz\u0131&#8217;n\u0131n kapal\u0131 oldu\u011funa dair sahada somut bir kan\u0131t g\u00f6rmediklerini de s\u00f6zlerine ekledi.<\/p>\n\n\n\n<h3 class=\"wp-block-heading\">\u0130SRA\u0130L, L\u00dcBNAN&#8217;DAK\u0130 ASKER\u0130 VARLI\u011eINI KORUYACA\u011eINI A\u00c7IKLADI<\/h3>\n\n\n\n<p class=\"wp-block-paragraph\">M\u00fczakerelerin en kritik aya\u011f\u0131n\u0131 olu\u015fturan L\u00fcbnan cephesinde ise \u0130srail ordusu ate\u015fkese taraf olmad\u0131\u011f\u0131n\u0131 ve i\u015fgal etti\u011fi b\u00f6lgelerden \u00e7ekilmeyece\u011fini duyurdu. L\u00fcbnan Sivil Savunma yetkilileri, cumartesi g\u00fcn\u00fc d\u00fczenlenen \u0130srail sald\u0131r\u0131lar\u0131nda 20 ki\u015finin hayat\u0131n\u0131 kaybetti\u011fini a\u00e7\u0131klad\u0131.<\/p>\n\n\n\n<p class=\"wp-block-paragraph\">\u0130srail kamuoyunda ise tepkiler b\u00fcy\u00fcyor; yap\u0131lan son anketlere g\u00f6re \u0130srail halk\u0131n\u0131n y\u00fczde 92&#8217;si bu sava\u015ftan ve ortak operasyonlardan \u0130ran&#8217;\u0131n kazan\u00e7l\u0131 \u00e7\u0131kt\u0131\u011f\u0131na inan\u0131yor. L\u00fcbnan Sa\u011fl\u0131k Bakanl\u0131\u011f\u0131 verileri ise 2 Mart&#8217;tan bu yana d\u00fczenlenen \u0130srail sald\u0131r\u0131lar\u0131nda hayat\u0131n\u0131 kaybedenlerin say\u0131s\u0131n\u0131n 4 bin 57&#8217;ye ula\u015ft\u0131\u011f\u0131n\u0131 ortaya koydu.<\/p>\n","protected":false},"excerpt":{"rendered":"<p>Yakla\u015f\u0131k d\u00f6rt ayd\u0131r s\u00fcren sava\u015f\u0131 sonland\u0131rmak amac\u0131yla Pakistan ve Katar arabuluculu\u011funda \u0130svi\u00e7re&#8217;de bir araya gelen<\/p>\n","protected":false},"author":1,"featured_media":3496,"comment_status":"open","ping_status":"open","sticky":false,"template":"","format":"standard","meta":{"_rtcl_gb_attr":"","footnotes":""},"categories":[65],"tags":[],"class_list":["post-3495","post","type-post","status-publish","format-standard","has-post-thumbnail","hentry","category-dunya"],"_links":{"self":[{"href":"https:\/\/turkiyemhaber.com\/index.php?rest_route=\/wp\/v2\/posts\/3495","targetHints":{"allow":["GET"]}}],"collection":[{"href":"https:\/\/turkiyemhaber.com\/index.php?rest_route=\/wp\/v2\/posts"}],"about":[{"href":"https:\/\/turkiyemhaber.com\/index.php?rest_route=\/wp\/v2\/types\/post"}],"author":[{"embeddable":true,"href":"https:\/\/turkiyemhaber.com\/index.php?rest_route=\/wp\/v2\/users\/1"}],"replies":[{"embeddable":true,"href":"https:\/\/turkiyemhaber.com\/index.php?rest_route=%2Fwp%2Fv2%2Fcomments&post=3495"}],"version-history":[{"count":1,"href":"https:\/\/turkiyemhaber.com\/index.php?rest_route=\/wp\/v2\/posts\/3495\/revisions"}],"predecessor-version":[{"id":3497,"href":"https:\/\/turkiyemhaber.com\/index.php?rest_route=\/wp\/v2\/posts\/3495\/revisions\/3497"}],"wp:featuredmedia":[{"embeddable":true,"href":"https:\/\/turkiyemhaber.com\/index.php?rest_route=\/wp\/v2\/media\/3496"}],"wp:attachment":[{"href":"https:\/\/turkiyemhaber.com\/index.php?rest_route=%2Fwp%2Fv2%2Fmedia&parent=3495"}],"wp:term":[{"taxonomy":"category","embeddable":true,"href":"https:\/\/turkiyemhaber.com\/index.php?rest_route=%2Fwp%2Fv2%2Fcategories&post=3495"},{"taxonomy":"post_tag","embeddable":true,"href":"https:\/\/turkiyemhaber.com\/index.php?rest_route=%2Fwp%2Fv2%2Ftags&post=3495"}],"curies":[{"name":"wp","href":"https:\/\/api.w.org\/{rel}","templated":true}]}}