{"id":3488,"date":"2026-06-21T11:07:14","date_gmt":"2026-06-21T11:07:14","guid":{"rendered":"https:\/\/turkiyemhaber.com\/?p=3488"},"modified":"2026-06-21T11:07:19","modified_gmt":"2026-06-21T11:07:19","slug":"sanatci-dogu-kilictan-dikkat-ceken-karar-butun-sarkilarilarini-halka-ucretsiz-acti","status":"publish","type":"post","link":"https:\/\/turkiyemhaber.com\/?p=3488","title":{"rendered":"Sanat\u00e7\u0131 Do\u011fu K\u0131l\u0131\u00e7\u2019tan Dikkat \u00c7eken Karar: B\u00fct\u00fcn \u015eark\u0131lar\u0131lar\u0131n\u0131 Halka \u00dccretsiz A\u00e7t\u0131"},"content":{"rendered":"\n<p class=\"wp-block-paragraph\">T\u00fcrk m\u00fczik sekt\u00f6r\u00fcn\u00fcn \u00fcretken isimlerinden Do\u011fu K\u0131l\u0131\u00e7, sanat d\u00fcnyas\u0131nda ses getirecek bir karara imza att\u0131. Yakla\u015f\u0131k 28 y\u0131ld\u0131r m\u00fczik sekt\u00f6r\u00fcnde eserler \u00fcreten K\u0131l\u0131\u00e7, bug\u00fcne kadar bir\u00e7ok sanat\u00e7\u0131 taraf\u0131ndan seslendirilen \u015fark\u0131lar\u0131n\u0131 hi\u00e7bir \u00fccret talep etmeden halk\u0131n kullan\u0131m\u0131na a\u00e7t\u0131\u011f\u0131n\u0131 duyurdu.<\/p>\n\n\n\n<figure class=\"wp-block-image size-full\"><img loading=\"lazy\" decoding=\"async\" width=\"699\" height=\"699\" src=\"https:\/\/turkiyemhaber.com\/wp-content\/uploads\/2026\/06\/WhatsApp-Image-2026-06-21-at-14.02.14.jpeg\" alt=\"\" class=\"wp-image-3489\" srcset=\"https:\/\/turkiyemhaber.com\/wp-content\/uploads\/2026\/06\/WhatsApp-Image-2026-06-21-at-14.02.14.jpeg 699w, https:\/\/turkiyemhaber.com\/wp-content\/uploads\/2026\/06\/WhatsApp-Image-2026-06-21-at-14.02.14-300x300.jpeg 300w, https:\/\/turkiyemhaber.com\/wp-content\/uploads\/2026\/06\/WhatsApp-Image-2026-06-21-at-14.02.14-150x150.jpeg 150w, https:\/\/turkiyemhaber.com\/wp-content\/uploads\/2026\/06\/WhatsApp-Image-2026-06-21-at-14.02.14-12x12.jpeg 12w\" sizes=\"auto, (max-width: 699px) 100vw, 699px\" \/><\/figure>\n\n\n\n<p class=\"wp-block-paragraph\">S\u00f6z ve m\u00fczik yazarl\u0131\u011f\u0131nda \u00f6nemli bir ar\u015five sahip olan Do\u011fu K\u0131l\u0131\u00e7&#8217;\u0131n eserleri, y\u0131llar i\u00e7erisinde T\u00fcrkiye&#8217;nin \u00f6nde gelen sanat\u00e7\u0131lar\u0131 taraf\u0131ndan seslendirildi. Rahmetli Azer B\u00fclb\u00fcl, Ebru G\u00fcnde\u015f, Zerrin \u00d6zer, Derya Bedavac\u0131, Mustafa Ceceli, Ece Mumay, Serkan Ni\u015fanc\u0131, \u00dcmit Ya\u015far ve bir\u00e7ok sanat\u00e7\u0131n\u0131n repertuvar\u0131nda yer alan eserlerin sahibi olan K\u0131l\u0131\u00e7, dijital platformlarda milyar\u0131 a\u015fan dinlenme ve izlenme rakamlar\u0131na ula\u015ft\u0131\u011f\u0131n\u0131 ifade etti.<\/p>\n\n\n\n<figure class=\"wp-block-image size-large\"><img loading=\"lazy\" decoding=\"async\" width=\"681\" height=\"1024\" src=\"https:\/\/turkiyemhaber.com\/wp-content\/uploads\/2026\/06\/WhatsApp-Image-2026-06-21-at-14.02.14-4-681x1024.jpeg\" alt=\"\" class=\"wp-image-3490\" srcset=\"https:\/\/turkiyemhaber.com\/wp-content\/uploads\/2026\/06\/WhatsApp-Image-2026-06-21-at-14.02.14-4-681x1024.jpeg 681w, https:\/\/turkiyemhaber.com\/wp-content\/uploads\/2026\/06\/WhatsApp-Image-2026-06-21-at-14.02.14-4-199x300.jpeg 199w, https:\/\/turkiyemhaber.com\/wp-content\/uploads\/2026\/06\/WhatsApp-Image-2026-06-21-at-14.02.14-4-768x1155.jpeg 768w, https:\/\/turkiyemhaber.com\/wp-content\/uploads\/2026\/06\/WhatsApp-Image-2026-06-21-at-14.02.14-4-8x12.jpeg 8w, https:\/\/turkiyemhaber.com\/wp-content\/uploads\/2026\/06\/WhatsApp-Image-2026-06-21-at-14.02.14-4.jpeg 1000w\" sizes=\"auto, (max-width: 681px) 100vw, 681px\" \/><\/figure>\n\n\n\n<p class=\"wp-block-paragraph\">\u00d6zellikle &#8220;Duygular\u0131m Darmada\u011f\u0131n Anlayamazs\u0131n&#8221;, &#8220;Yakt\u0131m Gemileri D\u00f6nemem Asla&#8221;, &#8220;Sever misin Yeniden&#8221;, &#8220;Bir Gece Kap\u0131na Gelsem&#8221; ve Mustafa Ceceli taraf\u0131ndan seslendirilen &#8220;Ger\u00e7ekten Zor&#8221; gibi eserlerle geni\u015f kitlelere ula\u015fan sanat\u00e7\u0131, m\u00fczi\u011fin toplumun ortak de\u011feri oldu\u011funa inand\u0131\u011f\u0131n\u0131 belirtti.<\/p>\n\n\n\n<figure class=\"wp-block-image size-large\"><img loading=\"lazy\" decoding=\"async\" width=\"1024\" height=\"1024\" src=\"https:\/\/turkiyemhaber.com\/wp-content\/uploads\/2026\/06\/WhatsApp-Image-2026-06-21-at-14.02.14-2-1024x1024.jpeg\" alt=\"\" class=\"wp-image-3491\" srcset=\"https:\/\/turkiyemhaber.com\/wp-content\/uploads\/2026\/06\/WhatsApp-Image-2026-06-21-at-14.02.14-2-1024x1024.jpeg 1024w, https:\/\/turkiyemhaber.com\/wp-content\/uploads\/2026\/06\/WhatsApp-Image-2026-06-21-at-14.02.14-2-300x300.jpeg 300w, https:\/\/turkiyemhaber.com\/wp-content\/uploads\/2026\/06\/WhatsApp-Image-2026-06-21-at-14.02.14-2-150x150.jpeg 150w, https:\/\/turkiyemhaber.com\/wp-content\/uploads\/2026\/06\/WhatsApp-Image-2026-06-21-at-14.02.14-2-768x768.jpeg 768w, https:\/\/turkiyemhaber.com\/wp-content\/uploads\/2026\/06\/WhatsApp-Image-2026-06-21-at-14.02.14-2-1536x1536.jpeg 1536w, https:\/\/turkiyemhaber.com\/wp-content\/uploads\/2026\/06\/WhatsApp-Image-2026-06-21-at-14.02.14-2-12x12.jpeg 12w, https:\/\/turkiyemhaber.com\/wp-content\/uploads\/2026\/06\/WhatsApp-Image-2026-06-21-at-14.02.14-2.jpeg 1600w\" sizes=\"auto, (max-width: 1024px) 100vw, 1024px\" \/><\/figure>\n\n\n\n<p class=\"wp-block-paragraph\">Sanat sekt\u00f6r\u00fcnde uzun s\u00fcredir ya\u015fanan geli\u015fmelerden rahats\u0131z oldu\u011funu dile getiren Do\u011fu K\u0131l\u0131\u00e7, &#8220;Sanat insanlar i\u00e7indir&#8221; anlay\u0131\u015f\u0131yla hareket etti\u011fini ve bu nedenle eserlerini \u00fccretsiz olarak payla\u015fma karar\u0131 ald\u0131\u011f\u0131n\u0131 s\u00f6yledi.<\/p>\n\n\n\n<p class=\"wp-block-paragraph\">K\u0131l\u0131\u00e7 yapt\u0131\u011f\u0131 a\u00e7\u0131klamada, &#8220;Y\u0131llard\u0131r emek verdi\u011fim eserlerin insanlar\u0131n hayat\u0131na dokunmas\u0131n\u0131 istiyorum. M\u00fczi\u011fin belli \u00e7evrelerin tekelinde kalmamas\u0131 gerekti\u011fine inan\u0131yorum. Bu y\u00fczden \u015fark\u0131lar\u0131m\u0131 hi\u00e7bir \u00fccret talep etmeden halk\u0131n kullan\u0131m\u0131na a\u00e7\u0131yorum&#8221; ifadelerini kulland\u0131.<\/p>\n\n\n\n<figure class=\"wp-block-image size-large\"><img loading=\"lazy\" decoding=\"async\" width=\"1024\" height=\"585\" src=\"https:\/\/turkiyemhaber.com\/wp-content\/uploads\/2026\/06\/WhatsApp-Image-2026-06-21-at-14.02.14-3-1024x585.jpeg\" alt=\"\" class=\"wp-image-3492\" srcset=\"https:\/\/turkiyemhaber.com\/wp-content\/uploads\/2026\/06\/WhatsApp-Image-2026-06-21-at-14.02.14-3-1024x585.jpeg 1024w, https:\/\/turkiyemhaber.com\/wp-content\/uploads\/2026\/06\/WhatsApp-Image-2026-06-21-at-14.02.14-3-300x171.jpeg 300w, https:\/\/turkiyemhaber.com\/wp-content\/uploads\/2026\/06\/WhatsApp-Image-2026-06-21-at-14.02.14-3-768x439.jpeg 768w, https:\/\/turkiyemhaber.com\/wp-content\/uploads\/2026\/06\/WhatsApp-Image-2026-06-21-at-14.02.14-3-18x10.jpeg 18w, https:\/\/turkiyemhaber.com\/wp-content\/uploads\/2026\/06\/WhatsApp-Image-2026-06-21-at-14.02.14-3.jpeg 1459w\" sizes=\"auto, (max-width: 1024px) 100vw, 1024px\" \/><\/figure>\n\n\n\n<p class=\"wp-block-paragraph\">Karar\u0131n ard\u0131ndan T\u00fcrkiye&#8217;nin bir\u00e7ok ilinden yo\u011fun ilgi g\u00f6rd\u00fc\u011f\u00fcn\u00fc belirten sanat\u00e7\u0131, eserlerinden faydalanmak isteyenlerin isim ve ileti\u015fim bilgilerini g\u00f6ndererek \u00fccretsiz kullan\u0131m izni talep edebileceklerini a\u00e7\u0131klad\u0131.<\/p>\n\n\n\n<p class=\"wp-block-paragraph\">Ba\u015fvurular\u0131n a\u015fa\u011f\u0131daki e-posta adresi \u00fczerinden kabul edildi\u011fi belirtildi:<\/p>\n\n\n\n<p class=\"wp-block-paragraph\">dogukilicrecords@gmail.com<\/p>\n\n\n\n<p class=\"wp-block-paragraph\">M\u00fczik d\u00fcnyas\u0131nda farkl\u0131 bir ad\u0131m olarak de\u011ferlendirilen bu giri\u015fim, \u00f6zellikle gen\u00e7 sanat\u00e7\u0131lar ve ba\u011f\u0131ms\u0131z m\u00fczisyenler taraf\u0131ndan ilgiyle kar\u015f\u0131lan\u0131rken, Do\u011fu K\u0131l\u0131\u00e7&#8217;\u0131n \u00fccretsiz eser payla\u015f\u0131m\u0131 hareketinin \u00f6n\u00fcm\u00fczdeki d\u00f6nemde daha geni\u015f kitlelere ula\u015fmas\u0131 bekleniyor.<\/p>\n\n\n\n<p class=\"wp-block-paragraph\">Sanat\u00e7\u0131 Do\u011fu K\u0131l\u0131\u00e7, m\u00fczi\u011fin birle\u015ftirici g\u00fcc\u00fcne vurgu yaparak, eserlerinin yeni yorumcular ve yeni nesiller taraf\u0131ndan ya\u015fat\u0131lmas\u0131n\u0131n kendisi i\u00e7in en b\u00fcy\u00fck mutluluk oldu\u011funu ifade etti.<\/p>\n","protected":false},"excerpt":{"rendered":"<p>T\u00fcrk m\u00fczik sekt\u00f6r\u00fcn\u00fcn \u00fcretken isimlerinden Do\u011fu K\u0131l\u0131\u00e7, sanat d\u00fcnyas\u0131nda ses getirecek bir karara imza att\u0131.<\/p>\n","protected":false},"author":1,"featured_media":3491,"comment_status":"open","ping_status":"open","sticky":false,"template":"","format":"standard","meta":{"_rtcl_gb_attr":"","footnotes":""},"categories":[41],"tags":[],"class_list":["post-3488","post","type-post","status-publish","format-standard","has-post-thumbnail","hentry","category-magazin"],"_links":{"self":[{"href":"https:\/\/turkiyemhaber.com\/index.php?rest_route=\/wp\/v2\/posts\/3488","targetHints":{"allow":["GET"]}}],"collection":[{"href":"https:\/\/turkiyemhaber.com\/index.php?rest_route=\/wp\/v2\/posts"}],"about":[{"href":"https:\/\/turkiyemhaber.com\/index.php?rest_route=\/wp\/v2\/types\/post"}],"author":[{"embeddable":true,"href":"https:\/\/turkiyemhaber.com\/index.php?rest_route=\/wp\/v2\/users\/1"}],"replies":[{"embeddable":true,"href":"https:\/\/turkiyemhaber.com\/index.php?rest_route=%2Fwp%2Fv2%2Fcomments&post=3488"}],"version-history":[{"count":1,"href":"https:\/\/turkiyemhaber.com\/index.php?rest_route=\/wp\/v2\/posts\/3488\/revisions"}],"predecessor-version":[{"id":3493,"href":"https:\/\/turkiyemhaber.com\/index.php?rest_route=\/wp\/v2\/posts\/3488\/revisions\/3493"}],"wp:featuredmedia":[{"embeddable":true,"href":"https:\/\/turkiyemhaber.com\/index.php?rest_route=\/wp\/v2\/media\/3491"}],"wp:attachment":[{"href":"https:\/\/turkiyemhaber.com\/index.php?rest_route=%2Fwp%2Fv2%2Fmedia&parent=3488"}],"wp:term":[{"taxonomy":"category","embeddable":true,"href":"https:\/\/turkiyemhaber.com\/index.php?rest_route=%2Fwp%2Fv2%2Fcategories&post=3488"},{"taxonomy":"post_tag","embeddable":true,"href":"https:\/\/turkiyemhaber.com\/index.php?rest_route=%2Fwp%2Fv2%2Ftags&post=3488"}],"curies":[{"name":"wp","href":"https:\/\/api.w.org\/{rel}","templated":true}]}}