{"id":3485,"date":"2026-06-21T11:00:53","date_gmt":"2026-06-21T11:00:53","guid":{"rendered":"https:\/\/turkiyemhaber.com\/?p=3485"},"modified":"2026-06-21T11:00:56","modified_gmt":"2026-06-21T11:00:56","slug":"nisantasinda-goruntulenen-nezden-estetik-aciklamasi-hayata-bir-kere-geliyoruz","status":"publish","type":"post","link":"https:\/\/turkiyemhaber.com\/?p=3485","title":{"rendered":"Ni\u015fanta\u015f\u0131&#8217;nda g\u00f6r\u00fcnt\u00fclenen Nez&#8217;den estetik a\u00e7\u0131klamas\u0131: Hayata bir kere geliyoruz"},"content":{"rendered":"\n<p class=\"wp-block-paragraph\">Ni\u015fanta\u015f\u0131&#8217;nda g\u00f6r\u00fcnt\u00fclenen \u015fark\u0131c\u0131 Nez, estetik doktoruna gitti\u011fini ancak kendisine ihtiya\u00e7 olmad\u0131\u011f\u0131 s\u00f6ylenerek geri g\u00f6nderildi\u011fini anlatt\u0131. Botoks yapt\u0131rd\u0131\u011f\u0131n\u0131 a\u00e7\u0131klayan \u00fcnl\u00fc isim, estetik operasyon ge\u00e7irmedi\u011fini ancak ileride yapt\u0131rabilece\u011fini s\u00f6yledi. \u00d6zel hayat\u0131nda a\u015fk olmad\u0131\u011f\u0131n\u0131 belirten Nez, fit g\u00f6r\u00fcn\u00fcm\u00fcn\u00fc ise d\u00fczenli spor yapmas\u0131na ba\u011flad\u0131.<\/p>\n\n\n\n<p class=\"wp-block-paragraph\">\u00dcnl\u00fc \u015fark\u0131c\u0131&nbsp;<a href=\"https:\/\/www.sondakika.com\/nez\/\">Nez<\/a>,&nbsp;<a href=\"https:\/\/www.sondakika.com\/nisantasi\/\">Ni\u015fanta\u015f\u0131<\/a>&#8216;nda objektiflere yans\u0131d\u0131. Estetikle ilgili sorular\u0131 yan\u0131tlayan sanat\u00e7\u0131, botoks yapt\u0131rd\u0131\u011f\u0131n\u0131 ancak estetik operasyon ge\u00e7irmedi\u011fini s\u00f6yledi.<\/p>\n\n\n\n<p class=\"wp-block-paragraph\">2000&#8217;li y\u0131llar\u0131n ba\u015f\u0131nda \u00e7\u0131kard\u0131\u011f\u0131 \u015fark\u0131larla geni\u015f bir hayran kitlesine ula\u015fan Nez, \u00f6nceki g\u00fcn Ni\u015fanta\u015f\u0131&#8217;nda g\u00f6r\u00fcnt\u00fclendi. Muhabirlerin sorular\u0131n\u0131 yan\u0131tlayan \u00fcnl\u00fc \u015fark\u0131c\u0131, estetik konusundaki a\u00e7\u0131klamalar\u0131yla dikkat \u00e7ekti.<\/p>\n\n\n\n<h3 class=\"wp-block-heading\">&#8220;ESTET\u0130K DOKTORU GEREK YOK DED\u0130&#8221;<\/h3>\n\n\n\n<p class=\"wp-block-paragraph\">Estetik doktoruna gitti\u011fini anlatan Nez, &#8220;Estetik doktoruna gittim. &#8216;Senin ihtiyac\u0131n yok&#8217; diyerek g\u00f6nderdi&#8221; dedi.<\/p>\n\n\n\n<p class=\"wp-block-paragraph\">K\u00fc\u00e7\u00fck dokunu\u015flar yapt\u0131rd\u0131\u011f\u0131n\u0131 ifade eden \u015fark\u0131c\u0131, insanlar\u0131n kendilerini nas\u0131l iyi hissediyorlarsa o \u015fekilde ya\u015famalar\u0131 gerekti\u011fini belirtti.<\/p>\n\n\n\n<h3 class=\"wp-block-heading\">&#8220;BOTOKS YAPTIRDIM&#8221;<\/h3>\n\n\n\n<p class=\"wp-block-paragraph\">Nez, &#8220;Hayata bir kere geliyoruz. Kendinizi nas\u0131l iyi hissediyorsan\u0131z onu yap\u0131n. Botoks yapt\u0131rd\u0131m. Estetik yapt\u0131rmad\u0131m. Bir g\u00fcn olabilir&#8221; ifadelerini kulland\u0131.<\/p>\n\n\n\n<figure class=\"wp-block-image\"><img decoding=\"async\" src=\"https:\/\/foto.sondakika.com\/haber\/2026\/06\/18\/nisantasinda-goruntulenen-nezd-19960876-3205_1_m.jpg\" alt=\"Ni\u015fanta\u015f\u0131'nda g\u00f6r\u00fcnt\u00fclenen Nez'den estetik a\u00e7\u0131klamas\u0131: Hayata bir kere geliyoruz\"\/><\/figure>\n\n\n\n<h3 class=\"wp-block-heading\">&#8220;A\u015eK YOK, SE\u00c7\u0130C\u0130Y\u0130Z&#8221;<\/h3>\n\n\n\n<p class=\"wp-block-paragraph\">\u00d6zel hayat\u0131na ili\u015fkin de konu\u015fan \u00fcnl\u00fc isim, \u015fu s\u0131ralar hayat\u0131nda kimsenin olmad\u0131\u011f\u0131n\u0131 s\u00f6yledi.<\/p>\n\n\n\n<p class=\"wp-block-paragraph\">&#8220;A\u015fk yok, vakit de bulamad\u0131m. Asl\u0131nda \u00e7ok istiyorum ama olursa olur, olmazsa da yapacak bir \u015fey yok. Eski kafam\u0131z yok art\u0131k, se\u00e7iciyiz. &#8216;Hadi bir delilik yapal\u0131m&#8217; d\u00f6nemlerini ge\u00e7tik&#8221; diye konu\u015ftu.<\/p>\n\n\n\n<h3 class=\"wp-block-heading\">&#8220;47 YA\u015eINDA B\u0130R KADIN NASIL B\u00d6YLE OLUR?&#8221;<\/h3>\n\n\n\n<p class=\"wp-block-paragraph\">Fit g\u00f6r\u00fcn\u00fcm\u00fcn\u00fcn s\u0131rr\u0131na da de\u011finen Nez, sporun \u00f6nemine dikkat \u00e7ekti.&nbsp;Sosyal medyada payla\u015ft\u0131\u011f\u0131 bir foto\u011fraf\u0131n ard\u0131ndan \u00e7ok say\u0131da yorum ald\u0131\u011f\u0131n\u0131 belirten \u015fark\u0131c\u0131, &#8220;Bug\u00fcn bir foto\u011fraf payla\u015ft\u0131m, herkes \u015fok oldu. &#8217;47 ya\u015f\u0131nda bir kad\u0131n nas\u0131l b\u00f6yle olur?&#8217; diye \u015fa\u015f\u0131racaklar\u0131na ba\u015fka \u015feylere \u015fa\u015f\u0131rs\u0131nlar. Zay\u0131flama i\u011fnesiymi\u015f, bo\u015f i\u015fler bunlar. Ya\u015f ilerledik\u00e7e kas kaybediyoruz, a\u011f\u0131rl\u0131k kald\u0131racaks\u0131n\u0131z&#8221; dedi.<\/p>\n\n\n\n<p class=\"wp-block-paragraph\"><a href=\"https:\/\/www.sondakika.com\/operasyon\/\"><strong>Operasyon<\/strong><\/a>,&nbsp;<a href=\"https:\/\/www.sondakika.com\/nisantasi\/\"><strong>Ni\u015fanta\u015f\u0131<\/strong><\/a>,&nbsp;<a href=\"https:\/\/www.sondakika.com\/magazin\/\"><strong>Magazin<\/strong><\/a>,&nbsp;<a href=\"https:\/\/www.sondakika.com\/spor\/\"><strong>Spor<\/strong><\/a>,&nbsp;<a href=\"https:\/\/www.sondakika.com\/nez\/\"><strong>Nez<\/strong><\/a>,<\/p>\n","protected":false},"excerpt":{"rendered":"<p>Ni\u015fanta\u015f\u0131&#8217;nda g\u00f6r\u00fcnt\u00fclenen \u015fark\u0131c\u0131 Nez, estetik doktoruna gitti\u011fini ancak kendisine ihtiya\u00e7 olmad\u0131\u011f\u0131 s\u00f6ylenerek geri g\u00f6nderildi\u011fini anlatt\u0131.<\/p>\n","protected":false},"author":1,"featured_media":3486,"comment_status":"open","ping_status":"open","sticky":false,"template":"","format":"standard","meta":{"_rtcl_gb_attr":"","footnotes":""},"categories":[41],"tags":[],"class_list":["post-3485","post","type-post","status-publish","format-standard","has-post-thumbnail","hentry","category-magazin"],"_links":{"self":[{"href":"https:\/\/turkiyemhaber.com\/index.php?rest_route=\/wp\/v2\/posts\/3485","targetHints":{"allow":["GET"]}}],"collection":[{"href":"https:\/\/turkiyemhaber.com\/index.php?rest_route=\/wp\/v2\/posts"}],"about":[{"href":"https:\/\/turkiyemhaber.com\/index.php?rest_route=\/wp\/v2\/types\/post"}],"author":[{"embeddable":true,"href":"https:\/\/turkiyemhaber.com\/index.php?rest_route=\/wp\/v2\/users\/1"}],"replies":[{"embeddable":true,"href":"https:\/\/turkiyemhaber.com\/index.php?rest_route=%2Fwp%2Fv2%2Fcomments&post=3485"}],"version-history":[{"count":1,"href":"https:\/\/turkiyemhaber.com\/index.php?rest_route=\/wp\/v2\/posts\/3485\/revisions"}],"predecessor-version":[{"id":3487,"href":"https:\/\/turkiyemhaber.com\/index.php?rest_route=\/wp\/v2\/posts\/3485\/revisions\/3487"}],"wp:featuredmedia":[{"embeddable":true,"href":"https:\/\/turkiyemhaber.com\/index.php?rest_route=\/wp\/v2\/media\/3486"}],"wp:attachment":[{"href":"https:\/\/turkiyemhaber.com\/index.php?rest_route=%2Fwp%2Fv2%2Fmedia&parent=3485"}],"wp:term":[{"taxonomy":"category","embeddable":true,"href":"https:\/\/turkiyemhaber.com\/index.php?rest_route=%2Fwp%2Fv2%2Fcategories&post=3485"},{"taxonomy":"post_tag","embeddable":true,"href":"https:\/\/turkiyemhaber.com\/index.php?rest_route=%2Fwp%2Fv2%2Ftags&post=3485"}],"curies":[{"name":"wp","href":"https:\/\/api.w.org\/{rel}","templated":true}]}}