{"id":3482,"date":"2026-06-21T10:57:16","date_gmt":"2026-06-21T10:57:16","guid":{"rendered":"https:\/\/turkiyemhaber.com\/?p=3482"},"modified":"2026-06-21T10:57:19","modified_gmt":"2026-06-21T10:57:19","slug":"uyusturucu-sorusturmasinda-gozaltina-alinan-berdan-mardininin-ifadesi-ortaya-cikti","status":"publish","type":"post","link":"https:\/\/turkiyemhaber.com\/?p=3482","title":{"rendered":"Uyu\u015fturucu soru\u015fturmas\u0131nda g\u00f6zalt\u0131na al\u0131nan Berdan Mardini&#8217;nin ifadesi ortaya \u00e7\u0131kt\u0131"},"content":{"rendered":"\n<p class=\"wp-block-paragraph\">\u0130stanbul merkezli \u00fcnl\u00fclere y\u00f6nelik uyu\u015fturucu soru\u015fturmas\u0131nda g\u00f6zalt\u0131na al\u0131nan 23 ki\u015fiden 9&#8217;u tutukland\u0131. Adli kontrolle serbest kalan \u00fcnl\u00fc \u015fark\u0131c\u0131 Berdan Mardini ifadesinde, &#8220;2003&#8217;ten beri \u015f\u00f6hretim. Mardin&#8217;de 500 d\u00f6n\u00fcm g\u00fcl bah\u00e7em, fabrikam ve kozmetik markam var. Ba\u015far\u0131lar\u0131m ve ailevi husumetler nedeniyle i\u015flerimi baltalamak istiyorlar. Kan\u0131mda uyu\u015fturucu \u00e7\u0131kmaz&#8221; diyerek kendini savundu<\/p>\n\n\n\n<p class=\"wp-block-paragraph\"><a href=\"https:\/\/www.sondakika.com\/istanbul\/\">\u0130stanbul<\/a>&nbsp;Cumhuriyet Ba\u015fsavc\u0131l\u0131\u011f\u0131 taraf\u0131ndan \u00fcnl\u00fclere y\u00f6nelik ba\u015flat\u0131lan uyu\u015fturucu soru\u015fturmas\u0131, yeni dalga operasyonlarla geni\u015fletilmeye devam ediyor. B\u00fcy\u00fck yank\u0131 uyand\u0131ran soru\u015fturma kapsam\u0131nda son olarak, 11 Haziran&#8217;da d\u00fczenlenen operasyonda aralar\u0131nda \u00e7ok say\u0131da tan\u0131nm\u0131\u015f ismin yer ald\u0131\u011f\u0131 23 \u015f\u00fcpheli g\u00f6zalt\u0131na al\u0131nd\u0131.<\/p>\n\n\n\n<h3 class=\"wp-block-heading\">23 \u015e\u00dcPHEL\u0130DEN 9&#8217;U TUTUKLANDI<\/h3>\n\n\n\n<p class=\"wp-block-paragraph\">&#8220;Kullanmak i\u00e7in uyu\u015fturucu veya uyar\u0131c\u0131 madde bulundurmak&#8221; ve &#8220;uyu\u015fturucu kullan\u0131lmas\u0131n\u0131 kolayla\u015ft\u0131rmak&#8221; su\u00e7lamalar\u0131yla ilgili y\u00fcr\u00fct\u00fclen soru\u015fturma kapsam\u0131nda emniyetteki i\u015flemleri tamamlanan 23 \u015f\u00fcpheli adliyeye sevk edildi.&nbsp;Mahkemeye \u00e7\u0131kar\u0131lan \u015f\u00fcphelilerden 9&#8217;u tutuklanarak cezaevine g\u00f6nderilirken, aralar\u0131nda \u00fcnl\u00fc t\u00fcrk\u00fcc\u00fc&nbsp;<a href=\"https:\/\/www.sondakika.com\/berdan-mardini\/\">Berdan Mardini<\/a>&#8216;nin de bulundu\u011fu 16 ki\u015fi adli kontrol tedbirleri uygulanarak serbest b\u0131rak\u0131ld\u0131.<\/p>\n\n\n\n<h3 class=\"wp-block-heading\">Tutuklanan isimler aras\u0131nda \u015funlar;&nbsp;<\/h3>\n\n\n\n<ul class=\"wp-block-list\">\n<li>Tolga \u00c7am<\/li>\n\n\n\n<li>Murat Sayg\u0131<\/li>\n\n\n\n<li>Enis Ahmet Onat<\/li>\n\n\n\n<li>Emre Tari<\/li>\n\n\n\n<li>Hasan Vatan<\/li>\n\n\n\n<li>Reyhan K\u00fc\u00e7\u00fckye\u011fen<\/li>\n\n\n\n<li>Mehmet Y\u0131ld\u0131z<\/li>\n\n\n\n<li>Tessy Ramos Correira<\/li>\n\n\n\n<li>Rafet Eren Yorulmazer<\/li>\n<\/ul>\n\n\n\n<h3 class=\"wp-block-heading\">BERDAN MARD\u0130N\u0130\u2019N\u0130N \u0130FADES\u0130 ORTAYA \u00c7IKTI<\/h3>\n\n\n\n<p class=\"wp-block-paragraph\">Adli kontrol \u015fart\u0131yla serbest b\u0131rak\u0131lan \u00fcnl\u00fc \u015fark\u0131c\u0131 Berdan Mardini&#8217;nin savc\u0131l\u0131k ve mahkeme safhas\u0131ndaki ifadesinin detaylar\u0131na ula\u015f\u0131ld\u0131. \u0130fadesinde hakk\u0131ndaki t\u00fcm iddialar\u0131 kesin bir dille reddeden Mardini, uyu\u015fturucu kullanmad\u0131\u011f\u0131n\u0131 ve testlerde de bir \u015fey \u00e7\u0131kmayaca\u011f\u0131n\u0131 belirterek \u015funlar\u0131 s\u00f6yledi:&nbsp;&#8220;Uyu\u015fturucu madde kullanmam s\u00f6z konusu de\u011fildir. Kan\u0131mda veya herhangi bir v\u00fccut \u00f6rne\u011fimde uyu\u015fturucu maddeye rastlanmayacakt\u0131r.&#8221;<\/p>\n\n\n\n<h3 class=\"wp-block-heading\">&#8220;500 D\u00d6N\u00dcM G\u00dcL BAH\u00c7EM VE FABR\u0130KAM VAR&#8221;<\/h3>\n\n\n\n<p class=\"wp-block-paragraph\">Ticari hayat\u0131ndan ve ba\u015far\u0131lar\u0131ndan bahsederek hakk\u0131ndaki ihbar\u0131n &#8220;itibar suikast\u0131&#8221; oldu\u011funu savunan \u00fcnl\u00fc sanat\u00e7\u0131, ifadesini \u015fu s\u00f6zlerle s\u00fcrd\u00fcrd\u00fc:&nbsp;&#8220;Ben 2003 y\u0131l\u0131nda \u015f\u00f6hret oldum. Sanat\u00e7\u0131 ve \u015fark\u0131c\u0131y\u0131m. Ayn\u0131 zamanda \u015fu anda Mardin&#8217;de Rose damascena g\u00fcl tesisi dam\u0131tma fabrikas\u0131 ve 500 d\u00f6n\u00fcm g\u00fcl bah\u00e7elerim vard\u0131r. Ayr\u0131ca y\u00f6netmi\u015f oldu\u011fum Mardini Kozmetik ad\u0131nda bir kozmetik markam vard\u0131r. Hakk\u0131mda yap\u0131lan ihbar\u0131n yapt\u0131\u011f\u0131m i\u015fler nedeniyle ve daha \u00f6nce ailevi problemler nedeniyle husumet kaynakl\u0131 oldu\u011funu d\u00fc\u015f\u00fcn\u00fcyorum.&#8221;<\/p>\n\n\n\n<h3 class=\"wp-block-heading\">&#8220;TELEFONU VERD\u0130M AMA \u015e\u0130FREY\u0130&#8230;&#8221;<\/h3>\n\n\n\n<p class=\"wp-block-paragraph\">G\u00f6zalt\u0131na al\u0131nd\u0131\u011f\u0131 s\u0131rada telefonunu ekiplere teslim etti\u011fini ancak i\u00e7erisindeki ki\u015fisel ve ticari verileri korumak ad\u0131na \u015fifresini payla\u015fmad\u0131\u011f\u0131n\u0131 belirten Mardini, savunmas\u0131n\u0131 \u015fu c\u00fcmlelerle tamamlad\u0131:&nbsp;&#8220;Telefonumu r\u0131zamla teslim ettim ancak \u015fifremi ailevi ve ticari s\u0131r sebepleriyle vermek istemedim. Husumet nedeniyle g\u00f6zalt\u0131na al\u0131nd\u0131\u011f\u0131m\u0131 ve yapt\u0131\u011f\u0131m i\u015f nedeniyle i\u015flerimin baltalanmas\u0131 kast\u0131yla b\u00f6yle bir soru\u015fturmaya maruz kald\u0131\u011f\u0131m\u0131 d\u00fc\u015f\u00fcn\u00fcyorum.&#8221;<\/p>\n\n\n\n<p class=\"wp-block-paragraph\"><a href=\"https:\/\/www.sondakika.com\/berdan-mardini\/\"><strong>Berdan Mardini<\/strong><\/a>,&nbsp;<a href=\"https:\/\/www.sondakika.com\/istanbul\/\"><strong>\u0130stanbul<\/strong><\/a>,&nbsp;<a href=\"https:\/\/www.sondakika.com\/magazin\/\"><strong>Magazin<\/strong><\/a>,&nbsp;<a href=\"https:\/\/www.sondakika.com\/mardin\/\"><strong>Mardin<\/strong><\/a><\/p>\n","protected":false},"excerpt":{"rendered":"<p>\u0130stanbul merkezli \u00fcnl\u00fclere y\u00f6nelik uyu\u015fturucu soru\u015fturmas\u0131nda g\u00f6zalt\u0131na al\u0131nan 23 ki\u015fiden 9&#8217;u tutukland\u0131. Adli kontrolle serbest<\/p>\n","protected":false},"author":1,"featured_media":3483,"comment_status":"open","ping_status":"open","sticky":false,"template":"","format":"standard","meta":{"_rtcl_gb_attr":"","footnotes":""},"categories":[41],"tags":[],"class_list":["post-3482","post","type-post","status-publish","format-standard","has-post-thumbnail","hentry","category-magazin"],"_links":{"self":[{"href":"https:\/\/turkiyemhaber.com\/index.php?rest_route=\/wp\/v2\/posts\/3482","targetHints":{"allow":["GET"]}}],"collection":[{"href":"https:\/\/turkiyemhaber.com\/index.php?rest_route=\/wp\/v2\/posts"}],"about":[{"href":"https:\/\/turkiyemhaber.com\/index.php?rest_route=\/wp\/v2\/types\/post"}],"author":[{"embeddable":true,"href":"https:\/\/turkiyemhaber.com\/index.php?rest_route=\/wp\/v2\/users\/1"}],"replies":[{"embeddable":true,"href":"https:\/\/turkiyemhaber.com\/index.php?rest_route=%2Fwp%2Fv2%2Fcomments&post=3482"}],"version-history":[{"count":1,"href":"https:\/\/turkiyemhaber.com\/index.php?rest_route=\/wp\/v2\/posts\/3482\/revisions"}],"predecessor-version":[{"id":3484,"href":"https:\/\/turkiyemhaber.com\/index.php?rest_route=\/wp\/v2\/posts\/3482\/revisions\/3484"}],"wp:featuredmedia":[{"embeddable":true,"href":"https:\/\/turkiyemhaber.com\/index.php?rest_route=\/wp\/v2\/media\/3483"}],"wp:attachment":[{"href":"https:\/\/turkiyemhaber.com\/index.php?rest_route=%2Fwp%2Fv2%2Fmedia&parent=3482"}],"wp:term":[{"taxonomy":"category","embeddable":true,"href":"https:\/\/turkiyemhaber.com\/index.php?rest_route=%2Fwp%2Fv2%2Fcategories&post=3482"},{"taxonomy":"post_tag","embeddable":true,"href":"https:\/\/turkiyemhaber.com\/index.php?rest_route=%2Fwp%2Fv2%2Ftags&post=3482"}],"curies":[{"name":"wp","href":"https:\/\/api.w.org\/{rel}","templated":true}]}}