{"id":3466,"date":"2026-06-21T10:43:25","date_gmt":"2026-06-21T10:43:25","guid":{"rendered":"https:\/\/turkiyemhaber.com\/?p=3466"},"modified":"2026-06-21T10:43:29","modified_gmt":"2026-06-21T10:43:29","slug":"all-star-model-turkiye-ulkenin-en-guzel-modelini-sececek-2","status":"publish","type":"post","link":"https:\/\/turkiyemhaber.com\/?p=3466","title":{"rendered":"All Star Model T\u00fcrkiye \u00fclkenin en g\u00fczel modelini se\u00e7ecek"},"content":{"rendered":"\n<p class=\"wp-block-paragraph\">T\u00fcrkiye&#8217;nin moda d\u00fcnyas\u0131na yeni y\u0131ld\u0131zlar kazand\u0131rmay\u0131 hedefleyen All Star Model T\u00fcrkiye i\u00e7in geri say\u0131m ba\u015flad\u0131. Moda tasar\u0131mc\u0131s\u0131 Emrullah K\u00f6ro\u011flu&#8217;nun kuruculu\u011funu \u00fcstlendi\u011fi yar\u0131\u015fma, yaln\u0131zca g\u00fczelli\u011fi de\u011fil; \u00f6zg\u00fcven, sahne hakimiyeti, duru\u015f ve profesyonel model yeteneklerini de de\u011ferlendirerek sekt\u00f6r\u00fcn yeni y\u00fczlerini ke\u015ffetmeye haz\u0131rlan\u0131yor. T\u00fcrkiye&#8217;nin d\u00f6rt bir yan\u0131ndan kat\u0131lacak adaylar, b\u00fcy\u00fck finalde \u00fclkenin en prestijli model unvanlar\u0131ndan biri i\u00e7in yar\u0131\u015facak.<\/p>\n\n\n\n<p class=\"wp-block-paragraph\"><a href=\"https:\/\/www.sondakika.com\/moda\/\">Moda<\/a>&nbsp;ve g\u00fczellik d\u00fcnyas\u0131na yeni bir soluk getirecek olan All&nbsp;<a href=\"https:\/\/www.sondakika.com\/star\/\">Star<\/a>&nbsp;Model&nbsp;<a href=\"https:\/\/www.sondakika.com\/turkiye\/\">T\u00fcrkiye<\/a>, T\u00fcrkiye&#8217;nin en g\u00fczel, en dikkat \u00e7ekici modelini se\u00e7mek \u00fczere yola \u00e7\u0131k\u0131yor. Yar\u0131\u015fman\u0131n kuruculu\u011funu ve marka sahipli\u011fini moda tasar\u0131mc\u0131s\u0131 Emrullah&nbsp;<a href=\"https:\/\/www.sondakika.com\/koroglu\/\">K\u00f6ro\u011flu<\/a>&nbsp;\u00fcstleniyor.<\/p>\n\n\n\n<h3 class=\"wp-block-heading\">G\u00dcZELL\u0130\u011e\u0130N \u00d6TES\u0130NDE B\u0130R YARI\u015eMA<\/h3>\n\n\n\n<p class=\"wp-block-paragraph\">All Star Model T\u00fcrkiye, klasik g\u00fczellik yar\u0131\u015fmalar\u0131n\u0131n \u00f6tesine ge\u00e7erek yaln\u0131zca fiziksel g\u00fczelli\u011fi de\u011fil; duru\u015f, karakter, sahne enerjisi ve profesyonel model yetene\u011fini de \u00f6n planda tutuyor. Yar\u0131\u015fma, T\u00fcrkiye&#8217;nin d\u00f6rt bir yan\u0131ndan kat\u0131lacak adaylara kendilerini g\u00f6sterme ve uluslararas\u0131 moda d\u00fcnyas\u0131na ad\u0131m atma f\u0131rsat\u0131 sunacak.<\/p>\n\n\n\n<h3 class=\"wp-block-heading\">BA\u015eVURULARIN ARDINDAN E\u011e\u0130T\u0130M KAMPI<\/h3>\n\n\n\n<p class=\"wp-block-paragraph\">Yar\u0131\u015fma s\u00fcreci; ba\u015fvuru ve casting a\u015famalar\u0131yla ba\u015flayacak, ard\u0131ndan eleme turlar\u0131 ve \u00f6zel e\u011fitim kamp\u0131 ile devam edecek. Adaylar bu s\u00fcre\u00e7te profesyonel e\u011fitmenlerden e\u011fitim alarak final gecesine haz\u0131rlanacak.<\/p>\n\n\n\n<p class=\"wp-block-paragraph\">Final gecesinde yar\u0131\u015fmac\u0131lar, \u00f6zel tasar\u0131m koleksiyonlarla podyuma \u00e7\u0131karak j\u00fcri ve izleyiciler kar\u015f\u0131s\u0131nda performanslar\u0131n\u0131 sergileyecek. Gecenin sonunda se\u00e7ilecek olan All Star Model T\u00fcrkiye birincisi, \u00f6zel All Star tac\u0131n\u0131n sahibi olacak.<\/p>\n\n\n\n<figure class=\"wp-block-image\"><img decoding=\"async\" src=\"https:\/\/foto.sondakika.com\/haber\/2026\/06\/20\/all-star-model-turkiye-ulkenin-19968981-6025_1_m.jpg\" alt=\"All Star Model T\u00fcrkiye \u00fclkenin en g\u00fczel modelini se\u00e7ecek\"\/><\/figure>\n\n\n\n<h3 class=\"wp-block-heading\">ULUSAL VE ULUSLARARASI FIRSATLAR SUNACAK<\/h3>\n\n\n\n<p class=\"wp-block-paragraph\">Yar\u0131\u015fman\u0131n kazanan\u0131 \u00f6d\u00fcllerin yan\u0131 s\u0131ra moda d\u00fcnyas\u0131nda \u00f6nemli f\u0131rsatlar elde edecek. Birinci se\u00e7ilen model, ulusal ve uluslararas\u0131 projelerde yer alma \u015fans\u0131 yakalayarak kariyerine g\u00fc\u00e7l\u00fc bir ba\u015flang\u0131\u00e7 yapacak.<\/p>\n\n\n\n<h3 class=\"wp-block-heading\">EMRULLAH K\u00d6RO\u011eLU: YEN\u0130 YILDIZLARI KE\u015eFEDECE\u011e\u0130Z<\/h3>\n\n\n\n<p class=\"wp-block-paragraph\">Marka sahibi Emrullah K\u00f6ro\u011flu, yar\u0131\u015fmayla ilgili yapt\u0131\u011f\u0131 a\u00e7\u0131klamada \u015fu ifadeleri kulland\u0131:<\/p>\n\n\n\n<p class=\"wp-block-paragraph\">\u201cAmac\u0131m\u0131z sadece g\u00fczel bir y\u00fcz se\u00e7mek de\u011fil; T\u00fcrkiye&#8217;yi temsil edebilecek g\u00fc\u00e7l\u00fc, \u00f6zg\u00fcvenli ve sahne hakimiyeti y\u00fcksek bir model ortaya \u00e7\u0131karmak. All Star Model T\u00fcrkiye, modaya y\u00f6n verecek yeni y\u0131ld\u0131zlar\u0131 ke\u015ffedecek.\u201d<\/p>\n\n\n\n<h3 class=\"wp-block-heading\">HEDEF T\u00dcRK\u0130YE&#8217;N\u0130N EN PREST\u0130JL\u0130 MODEL YARI\u015eMASI OLMAK<\/h3>\n\n\n\n<p class=\"wp-block-paragraph\">All Star Model T\u00fcrkiye, moda, stil ve sahne performans\u0131n\u0131 bir araya getirerek T\u00fcrkiye&#8217;nin en prestijli model yar\u0131\u015fmalar\u0131ndan biri olmay\u0131 hedefliyor. Yar\u0131\u015fma, sekt\u00f6r\u00fcn gelece\u011fine y\u00f6n verecek yeni isimleri ke\u015ffetmek i\u00e7in haz\u0131rl\u0131klar\u0131n\u0131 s\u00fcrd\u00fcr\u00fcyor.<\/p>\n\n\n\n<p class=\"wp-block-paragraph\"><a href=\"https:\/\/www.sondakika.com\/magazin\/\"><strong>Magazin<\/strong><\/a>,&nbsp;<a href=\"https:\/\/www.sondakika.com\/yarisma\/\"><strong>Yar\u0131\u015fma<\/strong><\/a>,&nbsp;<a href=\"https:\/\/www.sondakika.com\/koroglu\/\"><strong>K\u00f6ro\u011flu<\/strong><\/a>,&nbsp;<a href=\"https:\/\/www.sondakika.com\/turkiye\/\"><strong>T\u00fcrkiye<\/strong><\/a>,&nbsp;<a href=\"https:\/\/www.sondakika.com\/yasam\/\"><strong>Ya\u015fam<\/strong><\/a>,&nbsp;<a href=\"https:\/\/www.sondakika.com\/moda\/\"><strong>Moda<\/strong><\/a>,&nbsp;<a href=\"https:\/\/www.sondakika.com\/star\/\"><strong>Star<\/strong><\/a>,<\/p>\n","protected":false},"excerpt":{"rendered":"<p>T\u00fcrkiye&#8217;nin moda d\u00fcnyas\u0131na yeni y\u0131ld\u0131zlar kazand\u0131rmay\u0131 hedefleyen All Star Model T\u00fcrkiye i\u00e7in geri say\u0131m ba\u015flad\u0131.<\/p>\n","protected":false},"author":1,"featured_media":3470,"comment_status":"open","ping_status":"open","sticky":false,"template":"","format":"standard","meta":{"_rtcl_gb_attr":"","footnotes":""},"categories":[73],"tags":[],"class_list":["post-3466","post","type-post","status-publish","format-standard","has-post-thumbnail","hentry","category-moda"],"_links":{"self":[{"href":"https:\/\/turkiyemhaber.com\/index.php?rest_route=\/wp\/v2\/posts\/3466","targetHints":{"allow":["GET"]}}],"collection":[{"href":"https:\/\/turkiyemhaber.com\/index.php?rest_route=\/wp\/v2\/posts"}],"about":[{"href":"https:\/\/turkiyemhaber.com\/index.php?rest_route=\/wp\/v2\/types\/post"}],"author":[{"embeddable":true,"href":"https:\/\/turkiyemhaber.com\/index.php?rest_route=\/wp\/v2\/users\/1"}],"replies":[{"embeddable":true,"href":"https:\/\/turkiyemhaber.com\/index.php?rest_route=%2Fwp%2Fv2%2Fcomments&post=3466"}],"version-history":[{"count":1,"href":"https:\/\/turkiyemhaber.com\/index.php?rest_route=\/wp\/v2\/posts\/3466\/revisions"}],"predecessor-version":[{"id":3471,"href":"https:\/\/turkiyemhaber.com\/index.php?rest_route=\/wp\/v2\/posts\/3466\/revisions\/3471"}],"wp:featuredmedia":[{"embeddable":true,"href":"https:\/\/turkiyemhaber.com\/index.php?rest_route=\/wp\/v2\/media\/3470"}],"wp:attachment":[{"href":"https:\/\/turkiyemhaber.com\/index.php?rest_route=%2Fwp%2Fv2%2Fmedia&parent=3466"}],"wp:term":[{"taxonomy":"category","embeddable":true,"href":"https:\/\/turkiyemhaber.com\/index.php?rest_route=%2Fwp%2Fv2%2Fcategories&post=3466"},{"taxonomy":"post_tag","embeddable":true,"href":"https:\/\/turkiyemhaber.com\/index.php?rest_route=%2Fwp%2Fv2%2Ftags&post=3466"}],"curies":[{"name":"wp","href":"https:\/\/api.w.org\/{rel}","templated":true}]}}