{"id":3451,"date":"2026-06-21T10:27:27","date_gmt":"2026-06-21T10:27:27","guid":{"rendered":"https:\/\/turkiyemhaber.com\/?p=3451"},"modified":"2026-06-21T10:27:34","modified_gmt":"2026-06-21T10:27:34","slug":"ugurcan-cakir-hakkinda-cok-konusulacak-iddia","status":"publish","type":"post","link":"https:\/\/turkiyemhaber.com\/?p=3451","title":{"rendered":"U\u011furcan \u00c7ak\u0131r hakk\u0131nda \u00e7ok konu\u015fulacak iddia"},"content":{"rendered":"\n<p class=\"wp-block-paragraph\">2026 FIFA D\u00fcnya Kupas\u0131&#8217;ndaki ikinci ma\u00e7\u0131nda Paraguay\u2019a 1-0 yenilen A Milli Futbol Tak\u0131m\u0131, 0 puanda kalarak turnuvaya erken veda etti. Turnuvan\u0131n en d\u00fc\u015f\u00fck kurtar\u0131\u015f y\u00fczdesine sahip ismi olan kaleci U\u011furcan \u00c7ak\u0131r ele\u015ftirilerin hedefi olurken, spor spikeri Elis Buse Ara\u00e7\u2019tan \u00e7ok konu\u015fulacak bir iddia geldi: &#8220;U\u011furcan toplar\u0131 \u00e7ok ge\u00e7 fark ediyor, g\u00f6zlerinde miyop olabilir.&#8221;<\/p>\n\n\n\n<figure class=\"wp-block-video\"><video height=\"1080\" style=\"aspect-ratio: 1920 \/ 1080;\" width=\"1920\" controls src=\"https:\/\/turkiyemhaber.com\/wp-content\/uploads\/2026\/06\/download.mp4\"><\/video><\/figure>\n\n\n\n<p class=\"wp-block-paragraph\">Amerika Birle\u015fik Devletleri, Kanada ve Meksika&#8217;n\u0131n ortakla\u015fa d\u00fczenledi\u011fi 2026 FIFA D\u00fcnya Kupas\u0131&#8217;nda m\u00fccadele eden A Milli Tak\u0131m\u0131m\u0131z, t\u00fcm T\u00fcrkiye&#8217;yi yasa bo\u011fan bir sonu\u00e7 ald\u0131. Grubun ikinci ma\u00e7\u0131nda&nbsp;<a href=\"https:\/\/www.sondakika.com\/paraguay\/\">Paraguay<\/a>&nbsp;ile kozlar\u0131n\u0131 payla\u015fan milliler, hen\u00fcz ma\u00e7\u0131n ba\u015f\u0131nda yedi\u011fi \u015fanss\u0131z gol\u00fcn alt\u0131ndan kalkamad\u0131 ve turnuvaya grup a\u015famas\u0131nda veda etmesi kesinle\u015fti.<\/p>\n\n\n\n<h3 class=\"wp-block-heading\">MA\u00c7 \u015eOK GOLLE BA\u015eLADI<\/h3>\n\n\n\n<p class=\"wp-block-paragraph\">Kar\u015f\u0131la\u015fman\u0131n hen\u00fcz 2. dakikas\u0131nda savunmam\u0131z\u0131n hatas\u0131 pahal\u0131ya patlad\u0131. Millilerin kendi yar\u0131 sahas\u0131ndan \u00e7\u0131karmakta zorland\u0131\u011f\u0131 topu kapan Paraguayl\u0131 y\u0131ld\u0131z Enciso, ceza yay\u0131 \u00f6n\u00fcnde bekleyen Galarza&#8217;y\u0131 g\u00f6rd\u00fc. Galarza&#8217;n\u0131n uzaktan vurdu\u011fu sert \u015futta top k\u00f6\u015feden filelerle bulu\u015ftu ve bu gol ma\u00e7\u0131n skorunu belirledi: 1-0. Son ma\u00e7lar \u00f6ncesinde puanla tan\u0131\u015famayan T\u00fcrkiye, havlu atm\u0131\u015f oldu.&nbsp;<\/p>\n\n\n\n<h3 class=\"wp-block-heading\">U\u011eURCAN \u00c7AKIR TURNUVANIN EN K\u00d6T\u00dcS\u00dc OLDU<\/h3>\n\n\n\n<p class=\"wp-block-paragraph\">D\u00fcnya Kupas\u0131\u2019nda geride kalan iki ma\u00e7 sonunda kalesinde toplam 3 gol g\u00f6ren kaptan&nbsp;<a href=\"https:\/\/www.sondakika.com\/ugurcan-cakir\/\">U\u011furcan \u00c7ak\u0131r<\/a>, performans istatistiklerinde olumsuz bir tablonun zirvesinde yer ald\u0131. FIFA verilerine g\u00f6re ba\u015far\u0131l\u0131 eldiven, kalesine gelen \u015futlara oranla turnuvan\u0131n en d\u00fc\u015f\u00fck kurtar\u0131\u015f y\u00fczdesine sahip kalecisi oldu.<\/p>\n\n\n\n<figure class=\"wp-block-image\"><img decoding=\"async\" src=\"https:\/\/foto.sondakika.com\/haber\/2026\/06\/20\/ugurcan-cakir-hakkinda-cok-kon-19969503-5861_1_m.jpg\" alt=\"U\u011furcan \u00c7ak\u0131r hakk\u0131nda \u00e7ok konu\u015fulacak iddia\"\/><\/figure>\n\n\n\n<h3 class=\"wp-block-heading\">SPOR SP\u0130KER\u0130 EL\u0130S BUSE ARA\u00c7&#8217;TAN FLA\u015e \u0130DD\u0130A<\/h3>\n\n\n\n<p class=\"wp-block-paragraph\">U\u011furcan \u00c7ak\u0131r\u2019\u0131n her iki ma\u00e7taki performans\u0131 ele\u015ftiri oklar\u0131n\u0131 \u00fczerine \u00e7ekerken,&nbsp;<a href=\"https:\/\/www.sondakika.com\/spor\/\">spor<\/a>&nbsp;spikeri Elis Buse Ara\u00e7 canl\u0131 yay\u0131nlar\u0131 ve spor kamuoyunu sallayacak bir de\u011ferlendirmede bulundu. U\u011furcan&#8217;\u0131n golleri \u00e7ok ge\u00e7 fark etti\u011fini \u00f6ne s\u00fcren Ara\u00e7, gen\u00e7 kalecinin g\u00f6rme problemi ya\u015f\u0131yor olabilece\u011fini iddia etti.&nbsp;Elis Buse Ara\u00e7, yapt\u0131\u011f\u0131 a\u00e7\u0131klamada \u015fu ifadeleri kulland\u0131:&nbsp;&#8220;U\u011furcan \u00c7ak\u0131r\u2019\u0131n Avustralya ve \u015fimdi de Paraguay ma\u00e7\u0131nda yedi\u011fi gol birebir ayn\u0131. Top kaleye gelirken belli bir noktadan sonra harekete ge\u00e7iyor. \u00c7ok rahat tutabilece\u011fi toplar\u0131 \u00e7ok ge\u00e7 fark ediyor. G\u00f6zlerinde &#8216;miyop&#8217; durumu olabilir.&#8221;<\/p>\n\n\n\n<p class=\"wp-block-paragraph\"><a href=\"https:\/\/www.sondakika.com\/a-milli-futbol-takimi\/\"><strong>A Milli Futbol Tak\u0131m\u0131<\/strong><\/a>,&nbsp;<a href=\"https:\/\/www.sondakika.com\/ugurcan-cakir\/\"><strong>U\u011furcan \u00c7ak\u0131r<\/strong><\/a>,&nbsp;<a href=\"https:\/\/www.sondakika.com\/paraguay\/\"><strong>Paraguay<\/strong><\/a>,&nbsp;<a href=\"https:\/\/www.sondakika.com\/magazin\/\"><strong>Magazin<\/strong><\/a>,&nbsp;<a href=\"https:\/\/www.sondakika.com\/spor\/\"><strong>Spor<\/strong><\/a><\/p>\n","protected":false},"excerpt":{"rendered":"<p>2026 FIFA D\u00fcnya Kupas\u0131&#8217;ndaki ikinci ma\u00e7\u0131nda Paraguay\u2019a 1-0 yenilen A Milli Futbol Tak\u0131m\u0131, 0 puanda<\/p>\n","protected":false},"author":1,"featured_media":3453,"comment_status":"open","ping_status":"open","sticky":false,"template":"","format":"standard","meta":{"_rtcl_gb_attr":"","footnotes":""},"categories":[3],"tags":[],"class_list":["post-3451","post","type-post","status-publish","format-standard","has-post-thumbnail","hentry","category-spor"],"_links":{"self":[{"href":"https:\/\/turkiyemhaber.com\/index.php?rest_route=\/wp\/v2\/posts\/3451","targetHints":{"allow":["GET"]}}],"collection":[{"href":"https:\/\/turkiyemhaber.com\/index.php?rest_route=\/wp\/v2\/posts"}],"about":[{"href":"https:\/\/turkiyemhaber.com\/index.php?rest_route=\/wp\/v2\/types\/post"}],"author":[{"embeddable":true,"href":"https:\/\/turkiyemhaber.com\/index.php?rest_route=\/wp\/v2\/users\/1"}],"replies":[{"embeddable":true,"href":"https:\/\/turkiyemhaber.com\/index.php?rest_route=%2Fwp%2Fv2%2Fcomments&post=3451"}],"version-history":[{"count":1,"href":"https:\/\/turkiyemhaber.com\/index.php?rest_route=\/wp\/v2\/posts\/3451\/revisions"}],"predecessor-version":[{"id":3457,"href":"https:\/\/turkiyemhaber.com\/index.php?rest_route=\/wp\/v2\/posts\/3451\/revisions\/3457"}],"wp:featuredmedia":[{"embeddable":true,"href":"https:\/\/turkiyemhaber.com\/index.php?rest_route=\/wp\/v2\/media\/3453"}],"wp:attachment":[{"href":"https:\/\/turkiyemhaber.com\/index.php?rest_route=%2Fwp%2Fv2%2Fmedia&parent=3451"}],"wp:term":[{"taxonomy":"category","embeddable":true,"href":"https:\/\/turkiyemhaber.com\/index.php?rest_route=%2Fwp%2Fv2%2Fcategories&post=3451"},{"taxonomy":"post_tag","embeddable":true,"href":"https:\/\/turkiyemhaber.com\/index.php?rest_route=%2Fwp%2Fv2%2Ftags&post=3451"}],"curies":[{"name":"wp","href":"https:\/\/api.w.org\/{rel}","templated":true}]}}